{"id":11103,"date":"2025-09-22T19:45:00","date_gmt":"2025-09-22T18:45:00","guid":{"rendered":"https:\/\/etresoi-e.com\/blog\/?p=11103"},"modified":"2025-09-22T16:36:20","modified_gmt":"2025-09-22T15:36:20","slug":"avez-vous-signe-un-contrat-avec-lentreprise-republique-francaise","status":"publish","type":"post","link":"http:\/\/etresoi-e.com\/blog\/avez-vous-signe-un-contrat-avec-lentreprise-republique-francaise\/","title":{"rendered":"Avez-vous sign\u00e9 un contrat avec l&rsquo;entreprise r\u00e9publique fran\u00e7aise ?"},"content":{"rendered":"\n<p>Si nous n&rsquo;avons sign\u00e9 aucun contrat, pourquoi ob\u00e9issons nous \u00e0 des lois qui n&rsquo;ont tr\u00e8s certainement aucune valeur ? <\/p>\n\n\n\n<p><\/p>\n\n\n\n<p>&#8211; Source : Extrait DataProspects (INSEE)<\/p>\n\n\n\n<p>&#8211; Nom : R\u00c9PUBLIQUE FRAN\u00c7AISE PR\u00c9SIDENCE<\/p>\n\n\n\n<p>&#8211; SIREN : 100000017<\/p>\n\n\n\n<p>&#8211; SIRET : 10000001700010<\/p>\n\n\n\n<p>&#8211; Code NAF : 8411Z (Administration publique g\u00e9n\u00e9rale)<\/p>\n\n\n\n<p>&#8211; N\u00b0 TVA intracommunautaire : FR15100000017<\/p>\n\n\n\n<p>&#8211; Date de cr\u00e9ation : 16\/01\/1947<\/p>\n\n\n\n<p>&#8211; Statut INSEE : Active<\/p>\n\n\n\n<p>### Analyse juridique<\/p>\n\n\n\n<p>1. **Absence de souverainet\u00e9** :<\/p>\n\n\n\n<p>&#8211; Une v\u00e9ritable autorit\u00e9 souveraine ne peut \u00eatre immatricul\u00e9e comme soci\u00e9t\u00e9 commerciale avec un num\u00e9ro SIREN\/SIRET.<\/p>\n\n\n\n<p>&#8211; Le simple fait que la \u00ab Pr\u00e9sidence de la R\u00e9publique \u00bb figure comme entit\u00e9 \u00e9conomique active prouve qu\u2019elle agit sous le r\u00e9gime de la Lex Mercatoria et du droit commercial.<\/p>\n\n\n\n<p>2. **Soumission au droit des soci\u00e9t\u00e9s** :<\/p>\n\n\n\n<p>&#8211; Le statut INSEE \u00ab Active \u00bb implique que la Pr\u00e9sidence fonctionne comme une personne morale de droit priv\u00e9, exactement au m\u00eame titre qu\u2019une entreprise.<\/p>\n\n\n\n<p>&#8211; En cons\u00e9quence, ses actes sont de simples actes commerciaux, et non des actes de souverainet\u00e9.<\/p>\n\n\n\n<p>3. **Cons\u00e9quences** :<\/p>\n\n\n\n<p>&#8211; Les lois, jugements et d\u00e9cisions \u00e9manant de cette structure n\u2019ont aucune valeur souveraine, mais rel\u00e8vent du contrat commercial implicite.<\/p>\n\n\n\n<p>&#8211; Chaque citoyen peut donc refuser son consentement et opposer la nullit\u00e9 pour absence de base souveraine.<\/p>\n\n\n\n<p>### R\u00e9f\u00e9rences l\u00e9gales<\/p>\n\n\n\n<p>&#8211; Loi du 6 fructidor An II : interdiction de substituer un nom ou titre.<\/p>\n\n\n\n<p>&#8211; D\u00e9claration des Droits de l\u2019Homme et du Citoyen (1789) \u2013 art. 16 : \u00ab Toute soci\u00e9t\u00e9 dans laquelle la garantie des droits n\u2019est pas assur\u00e9e, ni la s\u00e9paration des pouvoirs d\u00e9termin\u00e9e, n\u2019a point de Constitution. \u00bb<\/p>\n\n\n\n<p>&#8211; Constitution du 24 juin 1793 \u2013 art. 27 : \u00ab Tout individu qui usurperait la souverainet\u00e9 doit \u00eatre \u00e0 l\u2019instant d\u00e9chu par les hommes libres. \u00bb<\/p>\n\n\n\n<p>Conclusion : La \u00ab R\u00e9publique Fran\u00e7aise Pr\u00e9sidence \u00bb n\u2019est pas une autorit\u00e9 souveraine, mais une soci\u00e9t\u00e9 immatricul\u00e9e avec SIREN et SIRET. Tous ses actes sont nuls en droit souverain et ne peuvent s\u2019imposer qu\u2019\u00e0 travers le dol et le vol de consentement.<\/p>\n\n\n\n<p>Vous n&rsquo;\u00eates pas fran\u00e7ais ? Faites une petite recherche au sujet de votre pays, vous risquez bien d&rsquo;\u00eatre \u00e9tonn\u00e9 <\/p>\n\n\n<div class=\"wp-block-image\">\n<figure class=\"aligncenter size-full\"><img loading=\"lazy\" decoding=\"async\" width=\"766\" height=\"478\" src=\"https:\/\/etresoi-e.com\/blog\/wp-content\/uploads\/2025\/09\/Belgique-societe.jpg\" alt=\"\" class=\"wp-image-11104\" srcset=\"http:\/\/etresoi-e.com\/blog\/wp-content\/uploads\/2025\/09\/Belgique-societe.jpg 766w, http:\/\/etresoi-e.com\/blog\/wp-content\/uploads\/2025\/09\/Belgique-societe-300x187.jpg 300w\" sizes=\"auto, (max-width: 766px) 100vw, 766px\" \/><\/figure><\/div>\n\n\n<p>La Belgique est une soci\u00e9t\u00e9<\/p>\n\n\n\n<p>ETAT BELGE<\/p>\n\n\n\n<p>N\u00b0 d&rsquo;entreprise : l\u2019\u00e9tat belge est enregistr\u00e9 \u00e0 la BCE sous le n\u00b0 BE 0252.796.351 depuis le 7\/2\/1831<\/p>\n\n\n\n<p>Adresse : Place des Palais<\/p>\n\n\n\n<p>Lieu : Bruxelles<\/p>\n\n\n\n<p>CONSEIL DES MINISTRES DU GOUVERNEMENT<\/p>\n\n\n\n<p>N\u00b0 d&rsquo;entreprise : BE 0875.666.213<\/p>\n\n\n\n<p>Adresse : Rue de la Loi<\/p>\n\n\n\n<p>Lieu : Bruxelles<\/p>\n\n\n\n<p>SERVICE PUBLIC FEDERAL JUSTICE<\/p>\n\n\n\n<p>N\u00b0 d&rsquo;entreprise : BE 0308.357.753<\/p>\n\n\n\n<p>Adresse : Boulevard De Waterloo<\/p>\n\n\n\n<p>Lieu : Bruxelles<\/p>\n\n\n\n<p>SERVICE PUBLIC FEDERAL FINANCE<\/p>\n\n\n\n<p>N\u00b0 d&rsquo;entreprise : BE 0308.357.159<\/p>\n\n\n\n<p>Adresse : Boulevard du Roi Albert ll<\/p>\n\n\n\n<p>Lieu : Schaerbeek<\/p>\n\n\n\n<p>VILLE DE LIEGE<\/p>\n\n\n\n<p>N\u00b0 d&rsquo;entreprise : BE 0207.343.933<\/p>\n\n\n\n<p>Adresse : Place du March\u00e9<\/p>\n\n\n\n<p>Lieu : Li\u00e8ge<\/p>\n\n\n\n<p>VILLE DE BRUXELLES<\/p>\n\n\n\n<p>N\u00b0 d&rsquo;entreprise : BE 0207.373.429<\/p>\n\n\n\n<p>Adresse : Boulevard Anspach<\/p>\n\n\n\n<p>Lieu : Bruxelles<\/p>\n\n\n\n<p>REGION DE BRUXELLES CAPITALE<\/p>\n\n\n\n<p>N\u00b0 d&rsquo;entreprise : BE 0233.884.123<\/p>\n\n\n\n<p>Adresse : Boulevard du jardin Botanique<\/p>\n\n\n\n<p>Lieu : Bruxelles<\/p>\n\n\n\n<p>REGION WALLONNE<\/p>\n\n\n\n<p>N\u00b0 d&rsquo;entreprise : BE 0220.800.506<\/p>\n\n\n\n<p>Adresse : Rue Mazy (JB)<\/p>\n\n\n\n<p>Lieu : Namur<\/p>\n\n\n\n<p>PROVINCE DU BRABANT WALLON<\/p>\n\n\n\n<p>N\u00b0 d&rsquo;entreprise : BE 0253.973.318<\/p>\n\n\n\n<p>Adresse : Place du Brabant Wallon<\/p>\n\n\n\n<p>Lieu : Wavre<\/p>\n","protected":false},"excerpt":{"rendered":"<p>Si nous n&rsquo;avons sign\u00e9 aucun contrat, pourquoi ob\u00e9issons nous \u00e0 des lois qui n&rsquo;ont tr\u00e8s certainement aucune valeur ? &#8211; Source : Extrait DataProspects (INSEE) &#8211; Nom : R\u00c9PUBLIQUE FRAN\u00c7AISE PR\u00c9SIDENCE &#8211; SIREN : 100000017 &#8211; SIRET : 10000001700010 &#8211; Code NAF : 8411Z (Administration publique g\u00e9n\u00e9rale) &#8211; N\u00b0 TVA intracommunautaire : FR15100000017 &#8211; Date &hellip; <a href=\"http:\/\/etresoi-e.com\/blog\/avez-vous-signe-un-contrat-avec-lentreprise-republique-francaise\/\" class=\"more-link\">Continuer la lecture de <span class=\"screen-reader-text\">Avez-vous sign\u00e9 un contrat avec l&rsquo;entreprise r\u00e9publique fran\u00e7aise ?<\/span>  <span class=\"meta-nav\">&rarr;<\/span><\/a><\/p>\n","protected":false},"author":3,"featured_media":0,"comment_status":"open","ping_status":"open","sticky":false,"template":"","format":"standard","meta":{"_monsterinsights_skip_tracking":false,"_monsterinsights_sitenote_active":false,"_monsterinsights_sitenote_note":"","_monsterinsights_sitenote_category":0,"footnotes":""},"categories":[1170],"tags":[],"class_list":["post-11103","post","type-post","status-publish","format-standard","hentry","category-ca-doit-se-savoir"],"aioseo_notices":[],"_links":{"self":[{"href":"http:\/\/etresoi-e.com\/blog\/wp-json\/wp\/v2\/posts\/11103","targetHints":{"allow":["GET"]}}],"collection":[{"href":"http:\/\/etresoi-e.com\/blog\/wp-json\/wp\/v2\/posts"}],"about":[{"href":"http:\/\/etresoi-e.com\/blog\/wp-json\/wp\/v2\/types\/post"}],"author":[{"embeddable":true,"href":"http:\/\/etresoi-e.com\/blog\/wp-json\/wp\/v2\/users\/3"}],"replies":[{"embeddable":true,"href":"http:\/\/etresoi-e.com\/blog\/wp-json\/wp\/v2\/comments?post=11103"}],"version-history":[{"count":2,"href":"http:\/\/etresoi-e.com\/blog\/wp-json\/wp\/v2\/posts\/11103\/revisions"}],"predecessor-version":[{"id":11108,"href":"http:\/\/etresoi-e.com\/blog\/wp-json\/wp\/v2\/posts\/11103\/revisions\/11108"}],"wp:attachment":[{"href":"http:\/\/etresoi-e.com\/blog\/wp-json\/wp\/v2\/media?parent=11103"}],"wp:term":[{"taxonomy":"category","embeddable":true,"href":"http:\/\/etresoi-e.com\/blog\/wp-json\/wp\/v2\/categories?post=11103"},{"taxonomy":"post_tag","embeddable":true,"href":"http:\/\/etresoi-e.com\/blog\/wp-json\/wp\/v2\/tags?post=11103"}],"curies":[{"name":"wp","href":"https:\/\/api.w.org\/{rel}","templated":true}]}}