{"id":11483,"date":"2025-12-09T05:35:00","date_gmt":"2025-12-09T04:35:00","guid":{"rendered":"https:\/\/etresoi-e.com\/blog\/?p=11483"},"modified":"2025-12-13T13:43:45","modified_gmt":"2025-12-13T12:43:45","slug":"ils-sont-la-generation-qui-soigne-le-monde","status":"publish","type":"post","link":"http:\/\/etresoi-e.com\/blog\/ils-sont-la-generation-qui-soigne-le-monde\/","title":{"rendered":"Ils sont la g\u00e9n\u00e9ration qui soigne le monde"},"content":{"rendered":"\n<p>Bonjour, je vous esp\u00e8re en forme et vous partage un petit texte dont je n&rsquo;ai pas trouv\u00e9 l&rsquo;auteur<\/p>\n\n\n\n<p>Ils sont la g\u00e9n\u00e9ration qui soigne tout le monde<\/p>\n\n\n\n<p>Leurs enfants, leurs parents et l\u2019enfant bless\u00e9 en eux.<\/p>\n\n\n<div class=\"wp-block-image\">\n<figure class=\"aligncenter size-full\"><img loading=\"lazy\" decoding=\"async\" width=\"526\" height=\"526\" src=\"https:\/\/etresoi-e.com\/blog\/wp-content\/uploads\/2025\/11\/image-10.png\" alt=\"\" class=\"wp-image-11484\" srcset=\"http:\/\/etresoi-e.com\/blog\/wp-content\/uploads\/2025\/11\/image-10.png 526w, http:\/\/etresoi-e.com\/blog\/wp-content\/uploads\/2025\/11\/image-10-300x300.png 300w, http:\/\/etresoi-e.com\/blog\/wp-content\/uploads\/2025\/11\/image-10-200x200.png 200w\" sizes=\"auto, (max-width: 526px) 100vw, 526px\" \/><\/figure><\/div>\n\n\n<p>Ils apprennent \u00e0 leurs enfants \u00e0 parler de leurs \u00e9motions, alors qu&rsquo;ils ont grandi dans le silence.<\/p>\n\n\n\n<p>Ils leur apprennent qu&rsquo;ils ont le droit de pleurer, d\u2019\u00eatre en col\u00e8re, pendant qu&rsquo;ils r\u00e9apprennent eux-m\u00eames \u00e0 ne pas avoir honte des larmes, de la col\u00e8re.<\/p>\n\n\n\n<p>Ils s&rsquo;excusent aupr\u00e8s de leurs enfants et ils attendent encore d&rsquo;entendre un \u00ab\u00a0pardon\u00a0\u00bb qui ne viendra peut-\u00eatre jamais.<\/p>\n\n\n\n<p>Ils sont cette g\u00e9n\u00e9ration charni\u00e8re.<\/p>\n\n\n\n<p>Celle qui brise les cycles, qui affronte les traumas que d&rsquo;autres ont tus.<\/p>\n\n\n\n<p>Qui choisit la conscience \u00e0 la place du d\u00e9ni, et l&rsquo;amour \u00e0 la place de la peur.<\/p>\n\n\n\n<p>C&rsquo;est \u00e9puisant, parfois.<\/p>\n\n\n\n<p>Parce qu&rsquo;ils portent trois g\u00e9n\u00e9rations sur leurs \u00e9paules.<\/p>\n\n\n\n<p>Leurs parents qu&rsquo;ils apprennent \u00e0 comprendre.<\/p>\n\n\n\n<p>Leurs enfants qu&rsquo;ils essaient d&rsquo;\u00e9lever autrement.<\/p>\n\n\n\n<p>Et eux-m\u00eames, qu&rsquo;ils tentent enfin de r\u00e9parer.<\/p>\n\n\n\n<p>Quand tout cela semble trop, rappelez-vous : vous n&rsquo;\u00eates pas seulement en train de briser des sch\u00e9mas, vous \u00eates en train d&rsquo;en construire de nouveaux.<\/p>\n\n\n\n<p>Chaque petite r\u00e9paration change l&rsquo;histoire de tous ceux qui viendront apr\u00e8s.<\/p>\n\n\n\n<p><em>Prenez soin de vous &#8211; Mabelle<\/em><\/p>\n","protected":false},"excerpt":{"rendered":"<p>Bonjour, je vous esp\u00e8re en forme et vous partage un petit texte dont je n&rsquo;ai pas trouv\u00e9 l&rsquo;auteur Ils sont la g\u00e9n\u00e9ration qui soigne tout le monde Leurs enfants, leurs parents et l\u2019enfant bless\u00e9 en eux. Ils apprennent \u00e0 leurs enfants \u00e0 parler de leurs \u00e9motions, alors qu&rsquo;ils ont grandi dans le silence. Ils leur &hellip; <a href=\"http:\/\/etresoi-e.com\/blog\/ils-sont-la-generation-qui-soigne-le-monde\/\" class=\"more-link\">Continuer la lecture de <span class=\"screen-reader-text\">Ils sont la g\u00e9n\u00e9ration qui soigne le monde<\/span>  <span class=\"meta-nav\">&rarr;<\/span><\/a><\/p>\n","protected":false},"author":3,"featured_media":0,"comment_status":"open","ping_status":"open","sticky":false,"template":"","format":"standard","meta":{"_monsterinsights_skip_tracking":false,"_monsterinsights_sitenote_active":false,"_monsterinsights_sitenote_note":"","_monsterinsights_sitenote_category":0,"footnotes":""},"categories":[109],"tags":[106,878,2096,1415,2094],"class_list":["post-11483","post","type-post","status-publish","format-standard","hentry","category-meli-melo","tag-emotions","tag-enfant-interieur","tag-reparer","tag-silence","tag-traumas"],"aioseo_notices":[],"_links":{"self":[{"href":"http:\/\/etresoi-e.com\/blog\/wp-json\/wp\/v2\/posts\/11483","targetHints":{"allow":["GET"]}}],"collection":[{"href":"http:\/\/etresoi-e.com\/blog\/wp-json\/wp\/v2\/posts"}],"about":[{"href":"http:\/\/etresoi-e.com\/blog\/wp-json\/wp\/v2\/types\/post"}],"author":[{"embeddable":true,"href":"http:\/\/etresoi-e.com\/blog\/wp-json\/wp\/v2\/users\/3"}],"replies":[{"embeddable":true,"href":"http:\/\/etresoi-e.com\/blog\/wp-json\/wp\/v2\/comments?post=11483"}],"version-history":[{"count":1,"href":"http:\/\/etresoi-e.com\/blog\/wp-json\/wp\/v2\/posts\/11483\/revisions"}],"predecessor-version":[{"id":11485,"href":"http:\/\/etresoi-e.com\/blog\/wp-json\/wp\/v2\/posts\/11483\/revisions\/11485"}],"wp:attachment":[{"href":"http:\/\/etresoi-e.com\/blog\/wp-json\/wp\/v2\/media?parent=11483"}],"wp:term":[{"taxonomy":"category","embeddable":true,"href":"http:\/\/etresoi-e.com\/blog\/wp-json\/wp\/v2\/categories?post=11483"},{"taxonomy":"post_tag","embeddable":true,"href":"http:\/\/etresoi-e.com\/blog\/wp-json\/wp\/v2\/tags?post=11483"}],"curies":[{"name":"wp","href":"https:\/\/api.w.org\/{rel}","templated":true}]}}