{"id":11549,"date":"2025-12-07T19:48:09","date_gmt":"2025-12-07T18:48:09","guid":{"rendered":"https:\/\/etresoi-e.com\/blog\/?p=11549"},"modified":"2025-12-07T19:51:48","modified_gmt":"2025-12-07T18:51:48","slug":"jai-defendu-la-vaccination-je-me-suis-fait-vacciner-et-apres","status":"publish","type":"post","link":"http:\/\/etresoi-e.com\/blog\/jai-defendu-la-vaccination-je-me-suis-fait-vacciner-et-apres\/","title":{"rendered":"J&rsquo;ai d\u00e9fendu la vaccination, je me suis fait vacciner, et apr\u00e8s ?"},"content":{"rendered":"\n<p>Partage du t\u00e9moignage de quelqu&rsquo;un qui r\u00e9alise qu&rsquo;il s&rsquo;est tromp\u00e9 : <\/p>\n\n\n\n<p>J&rsquo;avoue, au d\u00e9but, j&rsquo;ai d\u00e9fendu la vaccination contre le Covid-19. Parce que j&rsquo;avais peur et je croyais que c&rsquo;\u00e9tait la seule solution. Je ne comprenais pas ceux qu&rsquo;on appelait les antivax. Parce que je croyais que le gouvernement, les m\u00e9dias, les m\u00e9decins&#8230; voulaient notre bien. Alors quand j&rsquo;entendais des discours de d\u00e9population, je me disais : ces gens sont fous ! Cela ne peut \u00eatre vrai !<\/p>\n\n\n\n<p>Puis certains \u00e9v\u00e9nements m&rsquo;ont sembl\u00e9 bizarres : le recours au parac\u00e9tamol comme \u00e9tant le seul traitement pr\u00e9conis\u00e9 en attendant le \u00ab\u00a0vaccin\u00a0\u00bb qui allait nous sauver, les p\u00e9nuries de masques, de gel hydroalcoolique, de m\u00e9dicaments&#8230; J&rsquo;\u00e9tais sous le choc. Quoi au 21\u00e8me si\u00e8cle, comment est-ce possible ?<\/p>\n\n\n\n<p>Puis, j&rsquo;ai fait le vax Pfizer. 1\u00e8re dose : OK, tout va bien. 2\u00e8me dose : ah, \u00e7a ne va pas si bien que \u00e7a : arthralgies, faiblesse musculaire, tendinite, fatigue, brouillard mental, pieds rouges comme des \u00e9crevisses et tr\u00e8s douloureux, douleurs cardiaques fulgurantes puis \u00e7a passe&#8230; Mais je ne pouvais plus tenir debout plus de 5 minutes, devais me cramponner \u00e0 la rampe pour monter les escaliers qui menaient \u00e0 ma chambre, pouvais \u00e0 peine parcourir une distance de 300 m\u00e8tres \u00e0 pied sans \u00eatre \u00e9puis\u00e9e&#8230; Qu&rsquo;est-ce qui se passe ? Tout \u00e7a, ce n&rsquo;est pas normal.<\/p>\n\n\n\n<p>La propagande antivax s&rsquo;accentue, puis les sanctions tombent : les soignants non vaccin\u00e9s sont interdits d&rsquo;exercer, ne touchent plus rien. Et l\u00e0, gros d\u00e9clic : et si tout ce que les antivax avaient dit \u00e9tait vrai ? Si nos dirigeants nous voulaient vraiment du mal ? Si les m\u00e9decins \u00e9taient complices ?<\/p>\n\n\n\n<p>Apr\u00e8s mes douleurs cardiaques, j&rsquo;ai vu le m\u00e9decin traitant de maman. Je m&rsquo;inqui\u00e9tais. Est-ce le d\u00e9but d&rsquo;une myocardite ? Elle m&rsquo;a rassur\u00e9e tout de suite. Si c&rsquo;\u00e9tait le cas, j&rsquo;aurais beaucoup plus mal. Puis, elle m&rsquo;a avou\u00e9 que son fr\u00e8re a eu une myocardite apr\u00e8s la deuxi\u00e8me injection.<\/p>\n\n\n\n<p>J&rsquo;\u00e9tais troubl\u00e9e. Comment pouvait-elle continuer de d\u00e9fendre la vaccination alors que son fr\u00e8re avait fait une myocardite ?<\/p>\n\n\n<div class=\"wp-block-image\">\n<figure class=\"aligncenter size-full\"><img loading=\"lazy\" decoding=\"async\" width=\"601\" height=\"720\" src=\"https:\/\/etresoi-e.com\/blog\/wp-content\/uploads\/2025\/12\/image-11.png\" alt=\"\" class=\"wp-image-11551\" srcset=\"http:\/\/etresoi-e.com\/blog\/wp-content\/uploads\/2025\/12\/image-11.png 601w, http:\/\/etresoi-e.com\/blog\/wp-content\/uploads\/2025\/12\/image-11-250x300.png 250w\" sizes=\"auto, (max-width: 601px) 100vw, 601px\" \/><\/figure><\/div>\n\n\n<p>J&rsquo;avais entendu des consignes donn\u00e9es \u00e0 sa secr\u00e9taire : ne surtout pas r\u00e9pondre aux questions, en dire le moins possible.<\/p>\n\n\n\n<p>Cela m&rsquo;avait choqu\u00e9e.<\/p>\n\n\n\n<p>La prise de conscience \u00e9tait de plus en plus forte, la r\u00e9volte aussi. Je pensais \u00e0 ce que les m\u00e9decins avaient \u00e9t\u00e9 contraints de faire sous l&rsquo;Allemagne nazie. Plus de 70 % avaient ob\u00e9i. Consultation suivante : une affiche de campagne de vaccination \u00e9tait coll\u00e9e dans l&rsquo;entr\u00e9e. C&rsquo;en \u00e9tait trop. Dans le cabinet du docteur F., j&rsquo;ai exprim\u00e9 mon indignation. J&rsquo;ai os\u00e9 dire : \u00ab\u00a0Savez-vous que sous l&rsquo;Allemagne nazie, plus de 70 % des m\u00e9decins ont ob\u00e9i aux ordres criminels de leur hi\u00e9rarchie, de l&rsquo;administration, du pouvoir ?\u00a0\u00bb<\/p>\n\n\n\n<p>\u00c0 ces paroles, le docteur F. est devenue hyst\u00e9rique : \u00ab\u00a0Vous \u00eates en train de me traiter de nazie ? Je vais porter plainte !\u00a0\u00bb<\/p>\n\n\n\n<p>\u00c0 cet instant, face \u00e0 la violence de sa r\u00e9action, j&rsquo;ai compris que j&rsquo;avais mis le doigt sur quelque chose de sensible, quelque chose qui ne devait pas \u00eatre tr\u00e8s loin de la v\u00e9rit\u00e9, une v\u00e9rit\u00e9 que nous ne devions surtout pas conna\u00eetre.<\/p>\n\n\n\n<p>Aujourd&rsquo;hui, ce soir, j&rsquo;ai lu le titre d&rsquo;un article d\u00e9fendant encore les vaccins contre le Covid, dont les conclusions se basaient sur les r\u00e9sultats d&rsquo;une \u00e9tude EPI-PHARE. J&rsquo;ai pens\u00e9 : \u00e7a continue&#8230; Au moment o\u00f9 la propagande russophobe bat son plein, o\u00f9 on nous parle de plus en plus d&rsquo;entr\u00e9e en guerre contre la Russie. Cela confirme ce que j&rsquo;ai compris depuis longtemps : la pland\u00e9mie est un programme de pr\u00e9paration psychologique \u00e0 un conflit mondial. Et un programme de d\u00e9population en m\u00eame temps. Car si nous entrons dans un conflit mondial, le 3\u00e8me qui prend naissance sur notre continent europ\u00e9en, la d\u00e9population se comptera en centaines de millions.<\/p>\n\n\n\n<p>Prions pour que tous les peuples europ\u00e9ens comprennent et se soul\u00e8vent massivement !<\/p>\n\n\n\n<p><\/p>\n\n\n\n<p><\/p>\n","protected":false},"excerpt":{"rendered":"<p>Partage du t\u00e9moignage de quelqu&rsquo;un qui r\u00e9alise qu&rsquo;il s&rsquo;est tromp\u00e9 : J&rsquo;avoue, au d\u00e9but, j&rsquo;ai d\u00e9fendu la vaccination contre le Covid-19. Parce que j&rsquo;avais peur et je croyais que c&rsquo;\u00e9tait la seule solution. Je ne comprenais pas ceux qu&rsquo;on appelait les antivax. Parce que je croyais que le gouvernement, les m\u00e9dias, les m\u00e9decins&#8230; voulaient notre &hellip; <a href=\"http:\/\/etresoi-e.com\/blog\/jai-defendu-la-vaccination-je-me-suis-fait-vacciner-et-apres\/\" class=\"more-link\">Continuer la lecture de <span class=\"screen-reader-text\">J&rsquo;ai d\u00e9fendu la vaccination, je me suis fait vacciner, et apr\u00e8s ?<\/span>  <span class=\"meta-nav\">&rarr;<\/span><\/a><\/p>\n","protected":false},"author":3,"featured_media":0,"comment_status":"open","ping_status":"open","sticky":false,"template":"","format":"standard","meta":{"_monsterinsights_skip_tracking":false,"_monsterinsights_sitenote_active":false,"_monsterinsights_sitenote_note":"","_monsterinsights_sitenote_category":0,"footnotes":""},"categories":[1170],"tags":[2061,2062,2063,184,456,2064,2065,1045,416,515],"class_list":["post-11549","post","type-post","status-publish","format-standard","hentry","category-ca-doit-se-savoir","tag-antivax","tag-arthralgies","tag-faiblesse-musculaire","tag-fatigue","tag-guerre","tag-interdit-dexercer","tag-prise-de-conscience","tag-propagande","tag-vaccination","tag-verite"],"aioseo_notices":[],"_links":{"self":[{"href":"http:\/\/etresoi-e.com\/blog\/wp-json\/wp\/v2\/posts\/11549","targetHints":{"allow":["GET"]}}],"collection":[{"href":"http:\/\/etresoi-e.com\/blog\/wp-json\/wp\/v2\/posts"}],"about":[{"href":"http:\/\/etresoi-e.com\/blog\/wp-json\/wp\/v2\/types\/post"}],"author":[{"embeddable":true,"href":"http:\/\/etresoi-e.com\/blog\/wp-json\/wp\/v2\/users\/3"}],"replies":[{"embeddable":true,"href":"http:\/\/etresoi-e.com\/blog\/wp-json\/wp\/v2\/comments?post=11549"}],"version-history":[{"count":1,"href":"http:\/\/etresoi-e.com\/blog\/wp-json\/wp\/v2\/posts\/11549\/revisions"}],"predecessor-version":[{"id":11552,"href":"http:\/\/etresoi-e.com\/blog\/wp-json\/wp\/v2\/posts\/11549\/revisions\/11552"}],"wp:attachment":[{"href":"http:\/\/etresoi-e.com\/blog\/wp-json\/wp\/v2\/media?parent=11549"}],"wp:term":[{"taxonomy":"category","embeddable":true,"href":"http:\/\/etresoi-e.com\/blog\/wp-json\/wp\/v2\/categories?post=11549"},{"taxonomy":"post_tag","embeddable":true,"href":"http:\/\/etresoi-e.com\/blog\/wp-json\/wp\/v2\/tags?post=11549"}],"curies":[{"name":"wp","href":"https:\/\/api.w.org\/{rel}","templated":true}]}}