{"id":11752,"date":"2026-04-29T06:02:00","date_gmt":"2026-04-29T05:02:00","guid":{"rendered":"https:\/\/etresoi-e.com\/blog\/?p=11752"},"modified":"2025-12-19T23:08:03","modified_gmt":"2025-12-19T22:08:03","slug":"et-si-la-culpabilite-netait-pas-un-probleme","status":"publish","type":"post","link":"http:\/\/etresoi-e.com\/blog\/et-si-la-culpabilite-netait-pas-un-probleme\/","title":{"rendered":"Et si la culpabilit\u00e9 n&rsquo;\u00e9tait pas un probl\u00e8me"},"content":{"rendered":"\n<p>\ud835\udc8e\ud835\udc82\ud835\udc8a\ud835\udc94 \ud835\udc96\ud835\udc8f\ud835\udc86 \ud835\udc95\ud835\udc86\ud835\udc8f\ud835\udc95\ud835\udc82\ud835\udc95\ud835\udc8a\ud835\udc97\ud835\udc86 \ud835\udc85\ud835\udc86 \ud835\udc94\ud835\udc96\ud835\udc93\ud835\udc97\ud835\udc8a\ud835\udc86 ?<\/p>\n\n\n<div class=\"wp-block-image\">\n<figure class=\"aligncenter size-full\"><img loading=\"lazy\" decoding=\"async\" width=\"1000\" height=\"675\" src=\"https:\/\/etresoi-e.com\/blog\/wp-content\/uploads\/2025\/12\/image-85.png\" alt=\"\" class=\"wp-image-11754\" srcset=\"http:\/\/etresoi-e.com\/blog\/wp-content\/uploads\/2025\/12\/image-85.png 1000w, http:\/\/etresoi-e.com\/blog\/wp-content\/uploads\/2025\/12\/image-85-300x203.png 300w, http:\/\/etresoi-e.com\/blog\/wp-content\/uploads\/2025\/12\/image-85-768x518.png 768w\" sizes=\"auto, (max-width: 1000px) 100vw, 1000px\" \/><\/figure><\/div>\n\n\n<p>Et si \u2026<\/p>\n\n\n\n<p>cette culpabilit\u00e9 que tu tra\u00eenes depuis si longtemps avait, \u00e0 l\u2019origine, une bonne intention \u2026<\/p>\n\n\n\n<p>Chez beaucoup d\u2019hypersensibles, la culpabilit\u00e9 est tellement pr\u00e9sente qu\u2019elle finit par sembler normale. Presque logique. D\u00e8s que quelque chose ne va pas, d\u00e8s qu\u2019une relation se tend, d\u00e8s qu\u2019un malaise appara\u00eet, elle arrive imm\u00e9diatement. Comme un r\u00e9flexe.<\/p>\n\n\n\n<p>\u00ab J\u2019ai s\u00fbrement fait quelque chose de travers. \u00bb<\/p>\n\n\n\n<p>\u00ab J\u2019aurais d\u00fb r\u00e9agir autrement. \u00bb<\/p>\n\n\n\n<p>\u00ab C\u2019est moi qui suis trop. \u00bb<\/p>\n\n\n\n<p>Ce m\u00e9canisme porte un nom : l\u2019auto-culpabilisation r\u00e9paratrice.<\/p>\n\n\n\n<p>C\u2019est une tentative inconsciente de reprendre du contr\u00f4le. Parce que si c\u2019est toi le probl\u00e8me, alors tu peux r\u00e9parer, ajuster, corriger, faire mieux. Et pour une hypersensible, cette id\u00e9e est presque rassurante. Elle donne le sentiment que tout d\u00e9pend encore de toi.<\/p>\n\n\n\n<p>Mais ici, ce n\u2019est pas toujours vrai.<\/p>\n\n\n\n<p>Dans le couple, tu t\u2019en veux d\u00e8s que l\u2019autre est distant, irritable ou silencieux. Tu cherches ce que tu aurais pu dire autrement, faire diff\u00e9remment, \u00eatre diff\u00e9remment.<\/p>\n\n\n\n<p>Au travail, tu doutes de toi \u00e0 la moindre remarque, au moindre silence, m\u00eame quand tu sais que tu fais de ton mieux.<\/p>\n\n\n\n<p>Dans ta famille, tu culpabilises d\u2019avoir des \u00e9motions, des besoins, des limites, comme si tu d\u00e9rangeais simplement en existant.<\/p>\n\n\n\n<p>Et m\u00eame quand tu poses enfin un non, derri\u00e8re, la culpabilit\u00e9 revient tout g\u00e2cher.<\/p>\n\n\n\n<p>Cette culpabilit\u00e9 n\u2019est pas une faiblesse.<\/p>\n\n\n\n<p>C\u2019est souvent une strat\u00e9gie ancienne, apprise tr\u00e8s t\u00f4t.<\/p>\n\n\n\n<p>Quand, enfant, tu as compris que te remettre en question, prendre sur toi, \u00eatre sage, compr\u00e9hensive ou responsable permettait de pr\u00e9server le lien, d\u2019\u00e9viter le conflit, de rester en s\u00e9curit\u00e9 \u00e9motionnelle.<\/p>\n\n\n\n<p>Le probl\u00e8me, c\u2019est qu\u2019\u00e0 l\u2019\u00e2ge adulte, ce m\u00e9canisme continue de fonctionner\u2026 alors que le danger n\u2019est plus le m\u00eame.<\/p>\n\n\n\n<p>Il te fait porter des responsabilit\u00e9s qui ne t\u2019appartiennent pas.<\/p>\n\n\n\n<p>Il t\u2019emp\u00eache de voir quand une situation est simplement d\u00e9s\u00e9quilibr\u00e9e, ins\u00e9curisante ou injuste pour toi.<\/p>\n\n\n\n<p>Et surtout, il t\u2019\u00e9loigne de ton ressenti profond.<\/p>\n\n\n\n<p>Parce que non, tout n\u2019est pas r\u00e9parable par plus d\u2019efforts personnels.<\/p>\n\n\n\n<p>Non, tout malaise n\u2019est pas un d\u00e9faut \u00e0 corriger chez toi.<\/p>\n\n\n\n<p>Parfois, ton corps et tes \u00e9motions essaient juste de te dire que quelque chose ne te convient pas.<\/p>\n\n\n\n<p>Sortir de la culpabilit\u00e9, ce n\u2019est pas devenir dure, froide ou \u00e9go\u00efste.<\/p>\n\n\n\n<p>C\u2019est apprendre \u00e0 distinguer ce qui t\u2019appartient r\u00e9ellement\u2026 de ce que tu portes par habitude, loyaut\u00e9 ou peur de perdre le lien.<\/p>\n\n\n\n<p>Et pour une hypersensible, cette distinction change tout.<\/p>\n\n\n\n<p>Alors je te pose cette question, avec beaucoup de douceur :<\/p>\n\n\n\n<p>Et si, au lieu de te demander sans cesse ce que tu dois r\u00e9parer chez toi, tu commen\u00e7ais \u00e0 te demander ce que cette culpabilit\u00e9 essaie de prot\u00e9ger ?<\/p>\n\n\n\n<p>Prends soin de toi<\/p>\n\n\n\n<p>Mabelle<\/p>\n","protected":false},"excerpt":{"rendered":"<p>\ud835\udc8e\ud835\udc82\ud835\udc8a\ud835\udc94 \ud835\udc96\ud835\udc8f\ud835\udc86 \ud835\udc95\ud835\udc86\ud835\udc8f\ud835\udc95\ud835\udc82\ud835\udc95\ud835\udc8a\ud835\udc97\ud835\udc86 \ud835\udc85\ud835\udc86 \ud835\udc94\ud835\udc96\ud835\udc93\ud835\udc97\ud835\udc8a\ud835\udc86 ? Et si \u2026 cette culpabilit\u00e9 que tu tra\u00eenes depuis si longtemps avait, \u00e0 l\u2019origine, une bonne intention \u2026 Chez beaucoup d\u2019hypersensibles, la culpabilit\u00e9 est tellement pr\u00e9sente qu\u2019elle finit par sembler normale. Presque logique. D\u00e8s que quelque chose ne va pas, d\u00e8s qu\u2019une relation se tend, d\u00e8s qu\u2019un malaise appara\u00eet, &hellip; <a href=\"http:\/\/etresoi-e.com\/blog\/et-si-la-culpabilite-netait-pas-un-probleme\/\" class=\"more-link\">Continuer la lecture de <span class=\"screen-reader-text\">Et si la culpabilit\u00e9 n&rsquo;\u00e9tait pas un probl\u00e8me<\/span>  <span class=\"meta-nav\">&rarr;<\/span><\/a><\/p>\n","protected":false},"author":3,"featured_media":0,"comment_status":"open","ping_status":"open","sticky":false,"template":"","format":"standard","meta":{"_monsterinsights_skip_tracking":false,"_monsterinsights_sitenote_active":false,"_monsterinsights_sitenote_note":"","_monsterinsights_sitenote_category":0,"footnotes":""},"categories":[406],"tags":[1477,550,1168,2203,1427,106,1958,884,1699,2205,1838,2204,2202],"class_list":["post-11752","post","type-post","status-publish","format-standard","hentry","category-coaching-de-vie","tag-besoins","tag-controle","tag-culpabilite","tag-desequilibre","tag-doute","tag-emotions","tag-hypersensible","tag-injustice","tag-insecurite","tag-peur-de-perdre","tag-responsabilites","tag-ressenti","tag-securite-emotionnelle"],"aioseo_notices":[],"_links":{"self":[{"href":"http:\/\/etresoi-e.com\/blog\/wp-json\/wp\/v2\/posts\/11752","targetHints":{"allow":["GET"]}}],"collection":[{"href":"http:\/\/etresoi-e.com\/blog\/wp-json\/wp\/v2\/posts"}],"about":[{"href":"http:\/\/etresoi-e.com\/blog\/wp-json\/wp\/v2\/types\/post"}],"author":[{"embeddable":true,"href":"http:\/\/etresoi-e.com\/blog\/wp-json\/wp\/v2\/users\/3"}],"replies":[{"embeddable":true,"href":"http:\/\/etresoi-e.com\/blog\/wp-json\/wp\/v2\/comments?post=11752"}],"version-history":[{"count":1,"href":"http:\/\/etresoi-e.com\/blog\/wp-json\/wp\/v2\/posts\/11752\/revisions"}],"predecessor-version":[{"id":11755,"href":"http:\/\/etresoi-e.com\/blog\/wp-json\/wp\/v2\/posts\/11752\/revisions\/11755"}],"wp:attachment":[{"href":"http:\/\/etresoi-e.com\/blog\/wp-json\/wp\/v2\/media?parent=11752"}],"wp:term":[{"taxonomy":"category","embeddable":true,"href":"http:\/\/etresoi-e.com\/blog\/wp-json\/wp\/v2\/categories?post=11752"},{"taxonomy":"post_tag","embeddable":true,"href":"http:\/\/etresoi-e.com\/blog\/wp-json\/wp\/v2\/tags?post=11752"}],"curies":[{"name":"wp","href":"https:\/\/api.w.org\/{rel}","templated":true}]}}