{"id":3117,"date":"2019-06-24T05:20:58","date_gmt":"2019-06-24T04:20:58","guid":{"rendered":"http:\/\/etresoi-e.com\/blog\/?p=3117"},"modified":"2019-03-05T21:29:40","modified_gmt":"2019-03-05T20:29:40","slug":"qui-est-responsable-de-vos-echecs","status":"publish","type":"post","link":"http:\/\/etresoi-e.com\/blog\/qui-est-responsable-de-vos-echecs\/","title":{"rendered":"Qui est responsable de vos \u00e9checs ?"},"content":{"rendered":"<p style=\"text-align: center;\">Bonjour, vous allez bien ?<\/p>\n<p style=\"text-align: center;\">Je vous partage ce matin une petite histoire qui porte r\u00e9flexion sur la responsabilit\u00e9.\u00a0 Bonne lecture !<\/p>\n<p style=\"text-align: center;\">La situation \u00e9tait devenue difficile pour l\u2019entreprise. Les comptes \u00e9taient dans le rouge, les salari\u00e9s d\u00e9motiv\u00e9s.<\/p>\n<p style=\"text-align: center;\">Il \u00e9tait devenu urgent de r\u00e9agir pour inverser la vapeur mais personne ne voulait assumer l\u2019\u00e9chec et prendre les bonnes d\u00e9cisions, les d\u00e9cisions courageuses.<\/p>\n<p style=\"text-align: center;\">Au contraire, le personnel r\u00e9clamait des changements, pestait contre la direction et pr\u00e9tendait que, de toute mani\u00e8re, il n\u2019y avait pas de perspective de progr\u00e8s pour l\u2019entreprise.<\/p>\n<p style=\"text-align: center;\">Un jour, alors que tous les collaborateurs arrivaient au travail, on installa un grand panneau sur lequel \u00e9tait \u00e9crit :<\/p>\n<p style=\"text-align: center;\">\u00ab Hier, l\u2019homme qui \u00e9tait responsable de la chute de votre entreprise est d\u00e9c\u00e9d\u00e9. Vous \u00eates tous convi\u00e9s \u00e0 une c\u00e9r\u00e9monie d\u2019adieu dans le r\u00e9fectoire. \u00bb<\/p>\n<p style=\"text-align: center;\">Au d\u00e9but, tous les salari\u00e9s furent attrist\u00e9s par l\u2019annonce de la mort de cet homme, mais avec le temps, le sentiment de curiosit\u00e9 pris le dessus sur le chagrin et ils voulurent tous savoir qui \u00e9tait le responsable de leurs soucis professionnels.<\/p>\n<p style=\"text-align: center;\">L\u2019agitation dans le r\u00e9fectoire \u00e9tait si grande qu\u2019il fallut appeler la s\u00e9curit\u00e9 pour organiser une file d\u2019attente. Alors que l\u2019on s\u2019approchait du cercueil, l\u2019excitation augmentait : \u00ab Qui est donc celui qui a entrav\u00e9 mon progr\u00e8s dans l\u2019entreprise ? \u00bb se demandait-on\u2026 \u00ab Encore heureux qu\u2019il soit mort ! \u00bb<\/p>\n<p style=\"text-align: center;\">Un \u00e0 un, les salari\u00e9s agit\u00e9s s\u2019approch\u00e8rent de la d\u00e9pouille, faisant mine d\u2019\u00eatre touch\u00e9s au plus profond de leur \u00e2me.<\/p>\n<p style=\"text-align: center;\">Que trouv\u00e8rent-ils dans ce cercueil ?<\/p>\n<p style=\"text-align: center;\">Rien d\u2019autre qu\u2019un miroir.<\/p>\n<p style=\"text-align: center;\">Auteur inconnu<\/p>\n<p style=\"text-align: center;\"><img loading=\"lazy\" decoding=\"async\" class=\"aligncenter size-full wp-image-3118\" src=\"http:\/\/etresoi-e.com\/blog\/wp-content\/uploads\/2019\/03\/dans-une-avalanche.jpg\" alt=\"\" width=\"768\" height=\"1024\" srcset=\"http:\/\/etresoi-e.com\/blog\/wp-content\/uploads\/2019\/03\/dans-une-avalanche.jpg 768w, http:\/\/etresoi-e.com\/blog\/wp-content\/uploads\/2019\/03\/dans-une-avalanche-225x300.jpg 225w, http:\/\/etresoi-e.com\/blog\/wp-content\/uploads\/2019\/03\/dans-une-avalanche-38x50.jpg 38w\" sizes=\"auto, (max-width: 768px) 100vw, 768px\" \/><\/p>\n<p style=\"text-align: center;\">Il n\u2019existe qu\u2019une seule personne capable de limiter votre ascension dans la vie : c\u2019est vous-m\u00eame.<\/p>\n<p style=\"text-align: center;\">Vous seul pouvez op\u00e9rer une r\u00e9volution dans votre existence, vous faire chuter ou vous aider\u2026 Vous \u00eates le seul capable de cr\u00e9er votre vie, tout le reste n\u2019est qu\u2019excuses et justifications st\u00e9riles.<\/p>\n<p style=\"text-align: center;\"><em>Mabelle<\/em><\/p>\n","protected":false},"excerpt":{"rendered":"<p>Bonjour, vous allez bien ? Je vous partage ce matin une petite histoire qui porte r\u00e9flexion sur la responsabilit\u00e9.\u00a0 Bonne lecture ! La situation \u00e9tait devenue difficile pour l\u2019entreprise. Les comptes \u00e9taient dans le rouge, les salari\u00e9s d\u00e9motiv\u00e9s. Il \u00e9tait devenu urgent de r\u00e9agir pour inverser la vapeur mais personne ne voulait assumer l\u2019\u00e9chec et &hellip; <a href=\"http:\/\/etresoi-e.com\/blog\/qui-est-responsable-de-vos-echecs\/\" class=\"more-link\">Continuer la lecture de <span class=\"screen-reader-text\">Qui est responsable de vos \u00e9checs ?<\/span>  <span class=\"meta-nav\">&rarr;<\/span><\/a><\/p>\n","protected":false},"author":3,"featured_media":0,"comment_status":"open","ping_status":"open","sticky":false,"template":"","format":"standard","meta":{"_monsterinsights_skip_tracking":false,"_monsterinsights_sitenote_active":false,"_monsterinsights_sitenote_note":"","_monsterinsights_sitenote_category":0,"footnotes":""},"categories":[100],"tags":[],"class_list":["post-3117","post","type-post","status-publish","format-standard","hentry","category-textes-a-mediter"],"aioseo_notices":[],"_links":{"self":[{"href":"http:\/\/etresoi-e.com\/blog\/wp-json\/wp\/v2\/posts\/3117","targetHints":{"allow":["GET"]}}],"collection":[{"href":"http:\/\/etresoi-e.com\/blog\/wp-json\/wp\/v2\/posts"}],"about":[{"href":"http:\/\/etresoi-e.com\/blog\/wp-json\/wp\/v2\/types\/post"}],"author":[{"embeddable":true,"href":"http:\/\/etresoi-e.com\/blog\/wp-json\/wp\/v2\/users\/3"}],"replies":[{"embeddable":true,"href":"http:\/\/etresoi-e.com\/blog\/wp-json\/wp\/v2\/comments?post=3117"}],"version-history":[{"count":1,"href":"http:\/\/etresoi-e.com\/blog\/wp-json\/wp\/v2\/posts\/3117\/revisions"}],"predecessor-version":[{"id":3119,"href":"http:\/\/etresoi-e.com\/blog\/wp-json\/wp\/v2\/posts\/3117\/revisions\/3119"}],"wp:attachment":[{"href":"http:\/\/etresoi-e.com\/blog\/wp-json\/wp\/v2\/media?parent=3117"}],"wp:term":[{"taxonomy":"category","embeddable":true,"href":"http:\/\/etresoi-e.com\/blog\/wp-json\/wp\/v2\/categories?post=3117"},{"taxonomy":"post_tag","embeddable":true,"href":"http:\/\/etresoi-e.com\/blog\/wp-json\/wp\/v2\/tags?post=3117"}],"curies":[{"name":"wp","href":"https:\/\/api.w.org\/{rel}","templated":true}]}}