{"id":3676,"date":"2020-11-11T19:58:27","date_gmt":"2020-11-11T18:58:27","guid":{"rendered":"http:\/\/etresoi-e.com\/blog\/?p=3676"},"modified":"2020-11-16T10:21:45","modified_gmt":"2020-11-16T09:21:45","slug":"crise-sanitaire-ou-en-sommes-nous","status":"publish","type":"post","link":"http:\/\/etresoi-e.com\/blog\/crise-sanitaire-ou-en-sommes-nous\/","title":{"rendered":"Crise sanitaire, o\u00f9 en sommes nous ?"},"content":{"rendered":"\n<p>Vous tenez toujours le coup dans ce monde de fous ? Vous n\u2019\u00eates pas d\u00e9sesp\u00e9r\u00e9s de voir que la plupart des gens portent docilement le masque comme le portaient les esclaves&nbsp;? Vous n\u2019\u00eates pas d\u00e9prim\u00e9s par toutes ces r\u00e8gles plus absurdes les unes que les autres et la perspective d\u2019un reconfinement total pour No\u00ebl dont nous menacent odieusement des premiers ministres et des pr\u00e9sidents ?<\/p>\n\n\n\n<p>A l&rsquo;heure o\u00f9 l&rsquo;humanit\u00e9 est en train de se diviser, entre d&rsquo;un c\u00f4t\u00e9 le camp des \u00ab&nbsp;r\u00e9volt\u00e9s&nbsp;\u00bb et, de l&rsquo;autre, le camp de ceux qui pensent que les mesures prises par les dirigeants sont bienveillantes, il me para\u00eet important de revenir sur ce sujet que je ne voulais pas aborder en d\u00e9but d\u2019ann\u00e9e. Mais avant toute chose, laissez moi vous donner les raisons pour lesquelles je ne tenais pas \u00e0 m\u2019exprimer sur le sujet pand\u00e9mie. Depuis quelques ann\u00e9es d\u00e9j\u00e0, j\u2019en \u00e9tais arriv\u00e9e \u00e0 la conclusion que pour \u00e9chapper au d\u00e9dale de contradictions et d&rsquo;illusions dans lequel nous vivons, il me fallait trouver une autre voie, diff\u00e9rente de tout ce que j\u2019avais connu jusque-l\u00e0. Comme beaucoup de personnes en qu\u00eate de v\u00e9rit\u00e9 je ne savais pas par o\u00f9 commencer.<\/p>\n\n\n\n<p>J\u2019ai v\u00e9cu beaucoup de remises en question de l\u2019ordre \u00e9tabli, j\u2019ai appris \u00e9norm\u00e9ment de choses sur la mani\u00e8re dont notre soci\u00e9t\u00e9 fonctionne \u2013 et ce n\u2019est pas \u00e0 son avantage, j\u2019ai trouv\u00e9 la r\u00e9ponse \u00e0 beaucoup de pourquoi que je me posais depuis toujours.<\/p>\n\n\n\n<p>Depuis mon enfance, il \u00e9tait une \u00e9vidence qu&rsquo;au-del\u00e0 du voile de cette r\u00e9alit\u00e9 falsifi\u00e9e, il en existait une autre et quelque chose m\u2019en s\u00e9parait.<\/p>\n\n\n\n<p>J\u2019ai cherch\u00e9 dans diverses directions et r\u00e9ussi \u00e0 soulever le coin du voile pour d\u00e9couvrir que nous sommes bien plus que ce qu\u2019on nous pr\u00e9tend \u00eatre. Mais, chuutttt&nbsp;! Il ne faut surtout pas le dire, ils ne veulent pas que nous le sachions sinon ils ne pourraient plus nous utiliser comme leurs marionnettes.<\/p>\n\n\n\n<p>Ca fait des ann\u00e9es que j\u2019ai compris certaines choses que peu de monde \u00e9tait pr\u00eat \u00e0 entendre. A chaque fois que j\u2019avais exprim\u00e9, ne serais-ce qu\u2019une toute partie de ma pens\u00e9e, je me suis fait ridiculiser, voire insulter. Et pourtant, je savais que j\u2019avais raison mais la plupart ne sont pas pr\u00eats \u00e0 remettre en question les bases sur lesquelles leur vie est install\u00e9e depuis toujours. Pourquoi&nbsp;? Sans doute est il plus simple de continuer \u00e0 vivre avec un bandeau sur les yeux, \u00e0 laisser d\u2019autres diriger sa vie, m\u00eame si elle ne convient pas \u00e0 100% que de risquer de comprendre qu\u2019on s\u2019est fait manipuler depuis le jour m\u00eame de sa naissance. Peut-\u00eatre est-ce de la fain\u00e9antise, qu\u2019il est plus facile d\u2019\u00e9couter les m\u00e9dias et d\u2019y croire m\u00eame lorsque \u00e7a n\u2019a pas le moindre sens, plut\u00f4t que de chercher ailleurs la v\u00e9rit\u00e9&nbsp;? Certes il doit \u00eatre plus rassurant de croire qu\u2019on est en s\u00e9curit\u00e9 sous la protection d\u2019un syst\u00e8me pourri jusqu\u2019\u00e0 la mo\u00eblle que de comprendre que tout \u00e7a n\u2019est que mirage et qu\u2019il suffit qu\u2019ils poussent sur un bouton pour que nous ne soyons plus utiles et donc \u00e9limin\u00e9s \u00e0 n\u2019importe quel moment. Savoir, est flippant mais, d\u00e8s qu\u2019on sait une partie de la v\u00e9rit\u00e9, on ne peut plus faire marche arri\u00e8re, faire semblant de ne rien savoir. Au contraire, on a envie de mieux comprendre et on cherche \u00e0 faire des liens, donc on cherche, on cherche encore. Ca prend des centaines d\u2019heures de recherche. Mais, comme d\u2019autres, j\u2019ai fait ce chemin qui est loin d\u2019\u00eatre simple, tout en sachant que je serais incomprise. Humaine avant tout, je pr\u00e9f\u00e8re dire ce que je pense, plut\u00f4t que de laisser les autres le penser \u00e0 ma place.<\/p>\n\n\n\n<p>Suite \u00e0 mes publications sur le covid et aux commentaires re\u00e7us, je me dois de faire une clarification. Le r\u00f4le de lanceur d&rsquo;alerte est loin d\u2019\u00eatre une mission facile, bien au contraire mais un retour en arri\u00e8re n\u2019est pas possible et je pr\u00e9f\u00e8re \u00eatre prise pour une idiote que de devoir dire \u00e0 mon petit-fils qui na\u00eetre bient\u00f4t que je savais et que j\u2019ai fait le choix de ne pas bouger le petit doigt. Je continue de publier sur Facebook les informations que je juge les plus pertinentes mais ce n\u2019est pas l\u2019objectif de ce blog. Je pr\u00e9f\u00e8re ici majoritairement me concentrer sur la joie, et la pr\u00e9paration du monde \u00e0 venir, que je souhaite beau et rempli de valeurs porteuses.<\/p>\n\n\n\n<p>Oui je suis contre le masque obligatoire pour tous et partout, contre le futur vaccin, la 5G, la monnaie num\u00e9rique, le transhumanisme. Parce que, oui, tout \u00e7a est li\u00e9.<\/p>\n\n\n\n<figure class=\"wp-block-image size-large\"><img loading=\"lazy\" decoding=\"async\" width=\"526\" height=\"935\" src=\"http:\/\/etresoi-e.com\/blog\/wp-content\/uploads\/2020\/11\/g\u00e9n\u00e9ration-sacrifi\u00e9e.jpg\" alt=\"\" class=\"wp-image-3677\" srcset=\"http:\/\/etresoi-e.com\/blog\/wp-content\/uploads\/2020\/11\/g\u00e9n\u00e9ration-sacrifi\u00e9e.jpg 526w, http:\/\/etresoi-e.com\/blog\/wp-content\/uploads\/2020\/11\/g\u00e9n\u00e9ration-sacrifi\u00e9e-169x300.jpg 169w, http:\/\/etresoi-e.com\/blog\/wp-content\/uploads\/2020\/11\/g\u00e9n\u00e9ration-sacrifi\u00e9e-28x50.jpg 28w\" sizes=\"auto, (max-width: 526px) 100vw, 526px\" \/><\/figure>\n\n\n\n<p>Et, non, je ne suis pas contre pour \u00ab&nbsp;jouer \u00e0 la rebelle&nbsp;\u00bb, pour le plaisir de contester Mais parce que je me suis renseign\u00e9e correctement, en dehors des m\u00e9dias traditionnels qui re\u00e7oivent des sommes ind\u00e9centes pour relayer les infos qui vont dans le sens souhait\u00e9 par les dirigeants.<\/p>\n\n\n\n<p>Ne serait-ce que pour le port du masque j\u2019ai pass\u00e9 plusieurs dizaines d\u2019heures \u00e0 regarder tout ce qui se publiait sur le sujet. A force de respirer dedans \u00e0 longueur de journ\u00e9e, le masque se transforme en v\u00e9ritable nid \u00e0 microbes. Les personnes qui ont fait analyser le contenu de leurs masques y ont trouv\u00e9 des traces de staphylocoque dor\u00e9, qui est tout de m\u00eame une bact\u00e9rie mortelle responsable de l\u2019essentiel des 3500 \u00e0 9000 morts annuelles caus\u00e9es par les maladies nosocomiales.<\/p>\n\n\n\n<p>Le corps, en manque d\u2019oxyg\u00e8ne sous l&rsquo;effet du masque, est beaucoup moins capable d\u2019\u00e9vacuer les toxines. Or celles-ci sont \u00e0 l\u2019origine de la totalit\u00e9 des maladies chroniques. Alors, merci bien, j\u2019ai donn\u00e9 plus qu\u2019\u00e0 mon tour de ce c\u00f4t\u00e9-l\u00e0, pas pour moi.<\/p>\n\n\n\n<p>Je suis consciente que mon avis est partial, vu qu&rsquo;il d\u00e9pend de mes convictions et des informations auxquelles j&rsquo;ai eu acc\u00e8s depuis des ann\u00e9es. Je pense cependant que nous sommes arriv\u00e9s \u00e0 un point de l\u2019histoire de l\u2019humanit\u00e9 o\u00f9 ceux qui n\u2019ont pas encore compris ne comprendront sans doute jamais, simplement parce qu\u2019ils ne le veulent pas. A l\u2019\u00e8re de l\u2019internet, celui qui ne sait pas, c\u2019est qu\u2019il ne le veut pas.<\/p>\n\n\n\n<p><a href=\"https:\/\/www.facebook.com\/lato.bond\/videos\/10221163468228767\/\">https:\/\/www.facebook.com\/lato.bond\/videos\/10221163468228767\/<\/a><\/p>\n\n\n\n<p>Dans ce partage, aujourd&rsquo;hui, je vais pour la derni\u00e8re fois publier des infos sur ce sujet br\u00fblant qui divise tant. Il y a plein d&rsquo;autres personnes qui font cela tr\u00e8s bien avec d&rsquo;autres m\u00e9thodes qui pourraient vous aider dans votre \u00e9volution vers la v\u00e9rit\u00e9 si tel est votre souhait. Dans le cas contraire, ne lisez pas la suite de cet article, qui promet d\u2019\u00eatre un peu long.<\/p>\n\n\n\n<p>Je suis pour la vie, la dignit\u00e9 et la libert\u00e9, libert\u00e9 d\u2019expression, libert\u00e9 de choix de vie, libert\u00e9 de croyances, libert\u00e9 de prendre soin de son corps selon les m\u00e9thodes propres \u00e0 chacun. Or nous vivons dans un monde o\u00f9 La destruction est devenue banale et quotidienne&nbsp;: la m\u00e9decine officielle d\u00e9truit la sant\u00e9 ; les m\u00e9dias d\u00e9truisent la v\u00e9rit\u00e9, les chercheurs accr\u00e9dit\u00e9s falsifient les \u00e9tudes, les juges contre toute morale nient la p\u00e9docriminalit\u00e9 et favorisent l\u2019ins\u00e9curit\u00e9, les dirigeants favorisent les attentats et le chaos. Dans un tel contexte, la chose la plus banale \u00e0 faire serait sans doute de d\u00e9truire la vie passivement sans rien faire mais ce n\u2019est pas quelque chose qui est envisageable pour moi.<\/p>\n\n\n\n<p>Je n&rsquo;ai pas re\u00e7u mes infos par t\u00e9l\u00e9pathie, je ne fais pas de canalisation non plus. Les articles sur lesquels je me base ont \u00e9t\u00e9 publi\u00e9s par des m\u00e9decins, des infirmi\u00e8res et des scientifiques dont le dipl\u00f4me est tout aussi valable que celui des pro-gouvernement. La seule diff\u00e9rence est que ceux-ci ne sont pas pay\u00e9s par les laboratoires pharmaceutiques et peuvent donc dire la r\u00e9alit\u00e9 des choses et non ce qu\u2019ils ont \u00e9t\u00e9 pay\u00e9s pour dire.<\/p>\n\n\n\n<p>Alors face \u00e0 deux avis contradictoires, j&rsquo;assume totalement de croire l&rsquo;un plut\u00f4t que l&rsquo;autre.<\/p>\n\n\n\n<p>Pour ce qui est du futur faux vaccin \u00e0 la Frankenstein, un vaccin mARN (ARN modifi\u00e9) qu&rsquo;on nous r\u00e9serve, il va modifier notre structure biologique pour nous pousser \u00e0 produire un certain type de prot\u00e9ine, et ne pourra plus jamais \u00eatre \u00e9limin\u00e9 par le corps. Les essais en cours sur l&rsquo;homme ont rencontr\u00e9 des effets secondaires parfois tr\u00e8s graves et on ne sait rien de leur \u00e9volution \u00e0 long terme. En bref nous sommes tous vou\u00e9s \u00e0 devenir des mammif\u00e8res OGM exp\u00e9rimentaux, programmables \u00e0 distance par la 5G (ce n\u2019est pas anodin si durant le confinement les antennes ont pouss\u00e9 comme des champignons&nbsp;! Alors que toute l\u2019\u00e9conomie \u00e9tait arr\u00eat\u00e9e, les installateurs de 5G travaillaient \u00e0 plein r\u00e9gime) selon une technique d\u00e9j\u00e0 au point depuis des d\u00e9cennies qui est la psychotronique. Ce n\u2019est pas l\u2019avenir que je souhaite pour mes petits-enfants. Si vous voulez vraiment vous documenter, regardez les publications du Dr Tal Schaller. Il est m\u00e9decin et il fournit les r\u00e9f\u00e9rences de ses sources. Eve Engerer, m\u00e9decin ray\u00e9e de l\u2019ordre en Alsace ou Pascal Sacr\u00e9, urgentiste licenci\u00e9 \u00e0 Charleroi, peuvent \u00e9galement vous donner un avis bien diff\u00e9rent de ce que vous pouvez entendre dans les m\u00e9dias.<\/p>\n\n\n\n<p>Vous trouverez des infos \u00e9galement ici&nbsp;: <a href=\"http:\/\/www.verite-covid19.fr\/verite.mp4\">http:\/\/www.verite-covid19.fr\/verite.mp4<\/a><\/p>\n\n\n\n<p>Si vous acceptez tout sans limite, on peut vous forcer \u00e0 faire n&rsquo;importe quoi et vous pouvez \u00eatre s\u00fbr que rien ne les arr\u00eatera.<\/p>\n\n\n\n<p>Je vous demande de r\u00e9aliser que c\u2019est l\u2019avenir de l\u2019humanit\u00e9 et de la plan\u00e8te enti\u00e8re qui se joue en ce moment-m\u00eame par un immense bras de fer avec les forces du mal pour qui le mensonge est la seule r\u00e9f\u00e9rence morale. Ceux qui croient encore na\u00efvement que le vaccin les rendra libres de retrouver leur vie d\u2019avant sont dans l\u2019erreur, la vie d\u2019avant est d\u00e9finitivement termin\u00e9e, elle ne reviendra jamais, JAMAIS&nbsp;!<\/p>\n\n\n\n<p>Avez-vous d\u00e9j\u00e0 oubli\u00e9 l\u2019inscription sur le sinistre camp d\u2019Auschwitz \u00ab&nbsp;Arbeit macht frei&nbsp;\u00bb signifiant \u00ab&nbsp;Le travail rend libre&nbsp;\u00bb, on l\u2019a vue la libert\u00e9 de tous ces juifs extermin\u00e9s. Aujourd\u2019hui, on nous met une carotte \u00ab&nbsp;Le vaccin vous rendra libre&nbsp;\u00bb mais c\u2019est faux, totalement faux.<\/p>\n\n\n\n<p>Beaucoup de choses me choquent dans la fa\u00e7on dont les m\u00e9dias et les pouvoirs en place continuent de terrifier et de manipuler une opinion publique compl\u00e8tement hypnotis\u00e9e, terroris\u00e9e dans le but de nous faire accepter l\u2019inacceptable. Ceci est le contrat auquel ont souscrit les collabos pour assurer leurs \u00e9normes avantages personnels, peu importe si pour cela ils doivent mentir, et trahir les int\u00e9r\u00eats du peuple, de la nation qu\u2019ils sont cens\u00e9s d\u00e9fendre. Honte \u00e0 ces m\u00e9decins qui lors de lorsqu\u2019ils ont pr\u00eat\u00e9 serment, ils ont jur\u00e9 ne pas nuire&nbsp;!<\/p>\n\n\n\n<p>Le maintien injustifi\u00e9 de cette atmosph\u00e8re de peur pr\u00e9pare le jeu des vaccins, la solution finale, la vaccination g\u00e9n\u00e9ralis\u00e9e de toute l\u2019humanit\u00e9, cette nouvelle arme \u00e9nerg\u00e9tique contre la population que les autorit\u00e9s ill\u00e9gitimes, \u00e0 la solde de l\u2019agenda mondialiste, comptent bien d\u00e9ployer \u00e0 grande \u00e9chelle. Le pr\u00e9sident l\u2019a assez r\u00e9p\u00e9t\u00e9 \u00ab&nbsp;Nous sommes en guerre&nbsp;\u00bb. Mais en guerre contre qui&nbsp;? On n\u2019est pas en guerre contre un virus, les virus ont toujours exist\u00e9 et on n\u2019a pas maintenu tous les humains enferm\u00e9s pour \u00e7a. La v\u00e9ritable guerre est celle des dirigeants contre leur citoyens, \u00e0 l\u2019\u00e9chelle mondiale, \u00e0 quelques exceptions pr\u00e8s (oui, il reste des dirigeants honn\u00eates qui refusent ce plan). C\u2019est une des derni\u00e8res armes qui leur reste pour mettre en place un nouvel ordre mondial autoritaire, une surveillance num\u00e9rique g\u00e9n\u00e9ralis\u00e9e et le d\u00e9veloppement du transhumanisme.<\/p>\n\n\n\n<p>On veut nous surveiller 24h\/24, en nous transformant en robots ob\u00e9issants, dirig\u00e9s par les ondes, enti\u00e8rement contr\u00f4l\u00e9s sur tous les plans (sant\u00e9, intelligence, conscience, spiritualit\u00e9).<\/p>\n\n\n\n<p>Le but des dirigeants n\u2019est pas de nous prot\u00e9ger d\u2019un virus qu\u2019ils ont fabriqu\u00e9 (avec l\u2019argent de nos imp\u00f4ts), mais bien de nous terroriser pour qu\u2019on accepte ce vaccin destin\u00e9 \u00e0 obtenir une ob\u00e9issance inconditionnelle d\u2019une partie de l\u2019humanit\u00e9 et l\u2019extermination d\u2019une autre partie. Parce que, oui, ils estiment qu\u2019une bonne partie d\u2019entre nous doit dispara\u00eetre, cela est indiqu\u00e9 sur les Georgia Guidestones, \u00e7a ne date pas de hier. La plan\u00e8te terre, ils la veulent pour eux et pour \u00e7a il faut supprimer pas mal de monde, tous les moyens sont bons.<\/p>\n\n\n\n<p>Ceux qui regardent les m\u00e9dias pensent sans doute que j\u2019ai totalement perdu la t\u00eate, croyez bien que c\u2019est loin d\u2019\u00eatre le cas. Mais si la v\u00e9rit\u00e9 vous d\u00e9range, cessez votre lecture ici. Sinon poursuivez et vous d\u00e9couvrirez que je sais de quoi je parle et que je ne suis pas la seule, loin de l\u00e0 \u00e0 savoir ce qu\u2019ils font. La g\u00e9n\u00e9ticienne Alexandra Henrion-Caude a r\u00e9cemment accord\u00e9 un interview au magazine Nexus, pointant une nouvelle incoh\u00e9rence des plus troublantes concernant certaines s\u00e9quences du virus.<\/p>\n\n\n\n<p>Elle r\u00e9v\u00e8le qu\u2019un brevet am\u00e9ricain a \u00e9t\u00e9 d\u00e9pos\u00e9 concernant une jonction artificielle d\u00e9coupable par le furine au milieu de prot\u00e9ines membranaires virales, que l\u2019on retrouve \u00e0 l\u2019identique dans le SARS-CoV.<\/p>\n\n\n\n<p>Elle est la troisi\u00e8me parmi les chercheurs fran\u00e7ais les plus comp\u00e9tents en la mati\u00e8re \u00e0 soulever ce questionnement, rejoignant en cela une communaut\u00e9 de scientifiques de plus en plus importante.<\/p>\n\n\n\n<p>Pour avoir suivi cela de pr\u00e8s, j\u2019ai pu constater que la plupart des publications sur ce sujet ont \u00e9t\u00e9 censur\u00e9s \u00e0 maintes reprises, faites-vous votre propre opinion&nbsp;: <a href=\"https:\/\/www.reponsesbio.com\/les-sequences-du-sars-cov-qui-font-tache\/\">https:\/\/www.reponsesbio.com\/les-sequences-du-sars-cov-qui-font-tache\/<\/a><\/p>\n\n\n\n<p>Je n\u2019ai pas l\u2019intention de publier encore sur ce sujet par la suite, parce que si vous me lisez, vous \u00eates majeur et capable de faire des recherches par vous-m\u00eames. Des lanceurs d\u2019alerte, il y en a beaucoup malgr\u00e9 le fait qu\u2019on les censure (diverses cha\u00eenes Youtube ont \u00e9t\u00e9 ferm\u00e9es et pages Facebook ferm\u00e9es, si bien qu\u2019ils sont partis ailleurs en perdant une partie des informations en leur possession) et qu\u2019on les oblige \u00e0 se taire en faisant pression sur eux de toutes les mani\u00e8res possibles. Il est, \u00e0 l\u2019heure actuelle, encore possible de trouver des infos si on se donne la peine de chercher un peu.<\/p>\n\n\n\n<p>Silvano Trotta est parti sur Odyss\u00e9e, Jean-Jacques Cr\u00e9vecoeur a cr\u00e9\u00e9 sa cha\u00eene priv\u00e9e Emergences, d\u2019autres sont partis sur VK (r\u00e9seau social russe). Je ne comprends pas que certains puissent encore dire que nous vivons en d\u00e9mocratie quand il n\u2019y a plus le moindre d\u00e9bat contradictoire, que seule existe la pens\u00e9e unique et que tous ceux qui ne la suivent pas sont censur\u00e9s voire emprisonn\u00e9s (des camps sont construits au Canada pour enfermer les \u00ab&nbsp;rebelles&nbsp;\u00bb au syst\u00e8me, comme en dictature chinoise). D\u00e9sormais on traite de complotiste d\u2019extr\u00eame droite toute personne qui ose dire une v\u00e9rit\u00e9 et les scientifiques encore renomm\u00e9s pour leurs nombreuses comp\u00e9tences l\u2019an dernier sont devenus des idiots qui ont perdu la t\u00eate. Ils sont ridiculis\u00e9s ou licenci\u00e9s, ray\u00e9s de l\u2019ordre des m\u00e9decins. Oh, bien s\u00fbr cela n\u2019est pas nouveau, mais depuis quelques mois, chaque semaine a son lot de nouveaux licenciements, convocations pour rappel \u00e0 l\u2019ordre, ou menaces.<\/p>\n\n\n\n<p>Je suis persuad\u00e9e que les gouvernements ne veulent pas mon bien ni le v\u00f4tre vu le nombre d\u2019ann\u00e9es qu\u2019ils nous mentent \u00e0 tous propos.<\/p>\n\n\n\n<p>Notre Terre est enti\u00e8rement pollu\u00e9e, l\u2019air et m\u00eame l\u2019eau de source contiennent des r\u00e9sidus de produits chimiques dus aux rejets industriels et aux chemtrails qu\u2019on nous d\u00e9verse sur la t\u00eate depuis des d\u00e9cennies (dans le pass\u00e9, ils niaient les faits, d\u00e9sormais ils ne s\u2019en cachent m\u00eame plus mais si l\u2019aluminium est interdit dans les champoings pour calmer les esprits, ils sont parfaitement autoris\u00e9s dans les vaccins et les chemtrails avec bien d\u2019autres produits canc\u00e9rig\u00e8nes).<\/p>\n\n\n\n<p>Les agriculteurs n\u2019utilisent plus qu\u2019un nombre tr\u00e8s restreint de semences g\u00e9n\u00e9tiquement modifi\u00e9es qui ont besoin de pesticides et fongicides pour pousser. Produits toxiques qui polluent l\u2019environnement et se retrouvent \u00e9galement dans notre nourriture, provoquant des maladies d\u00e9g\u00e9n\u00e9ratives, auto-immunes, cancers, diab\u00e8te, maladies cardiovasculaires et tant d\u2019autres choses sympathiques dont on se passerait volontiers et qui cr\u00e9ent des milliers de morts chaque ann\u00e9e, bien plus que ce fameux virus.<\/p>\n\n\n\n<p>La faim dans le monde provoque des morts \u00e0 chaque minute qui passe pendant que sur d\u2019autres continents on surconsomme toujours plus et que toutes ces vies pourraient \u00eatre sauv\u00e9es mais aucun gouvernement ne fait quoi que ce soit pour aider ces peuples qui se meurent.<\/p>\n\n\n\n<p>Il existe des maladies mortelles hautement contagieuses qui sont actuellement incurables car r\u00e9sistantes aux antibiotiques de derni\u00e8re g\u00e9n\u00e9ration, comme certaines formes de tuberculose par exemple. Mais si tous les m\u00e9dias se focalisent sur un virus cela n\u2019est pas anodin, il y a bien une raison derri\u00e8re et chacun est libre de la chercher ou de les croire aveugl\u00e9ment.<\/p>\n\n\n\n<p>Les r\u00e9seaux d&rsquo;esclavage, de prostitution et de p\u00e9dophilie ne sont que tr\u00e8s rarement inqui\u00e9t\u00e9s. Et pourtant ils concernent des millions de personnes. Faut il vraiment vous en expliquer les raisons&nbsp;?<\/p>\n\n\n\n<p>Si les gouvernements voulaient vraiment notre bien, ils interdiraient les pesticides. De nombreuses fermes ont prouv\u00e9 que la permaculture ou l\u2019\u00e9lectroculture produisent plus au m\u00e8tre carr\u00e9 que l&rsquo;agriculture conventionnelle. Et de bien meilleure qualit\u00e9 par ailleurs.<\/p>\n\n\n\n<p>Ils fixeraient des normes de qualit\u00e9 pour l\u2019alimentation vendue par les industriels.<\/p>\n\n\n\n<p>Ils financeraient la reconversion des industries polluantes, d\u2019autant que des solutions existent mais, au contraire, les brevets sont rachet\u00e9s pour \u00eatre cach\u00e9s et non utilis\u00e9s.<\/p>\n\n\n\n<p>Ils mettraient fin aux r\u00e9seaux de traite d&rsquo;\u00eatres humains et enverraient de la nourriture l\u00e0 o\u00f9 les enfants meurent de faim, plut\u00f4t que des armes qui tuent des milliers de personnes.<\/p>\n\n\n\n<p>Si les gouvernements voulaient vraiment notre bien, ils autoriseraient les m\u00e9dias \u00e0 nous communiquer des informations sur la sant\u00e9 naturelle et le renforcement du syst\u00e8me immunitaire, et non uniquement des chiffres (fauss\u00e9s qui plus est) sur les morts et les contamin\u00e9s. Ils ne nous obligeraient pas \u00e0 porter des masques totalement inutiles qui abaissent notre immunit\u00e9, cr\u00e9ent des maladies et continueront d\u2019en cr\u00e9er pendant encore des mois suite \u00e0 l\u2019affaiblissement de notre syst\u00e8me immunitaire (j\u2019ai pu voir de nombreuses infos concernant les probl\u00e8mes \u00e0 long terme que vont occasionner ces masques, c\u2019est terrifiant).<\/p>\n\n\n\n<p>Ils ne nous auraient pas confin\u00e9s, masqu\u00e9s, trac\u00e9s. Ils n\u2019auraient pas d\u00e9truit l\u2019\u00e9conomie et nos relations sociales qui sont la base de l\u2019\u00eatre humain pour un virus qui se soigne.<\/p>\n\n\n\n<p>Il n\u2019est plus possible d\u2019ignorer les vraies informations, malgr\u00e9 toutes les censures toujours plus importantes, celui qui \u00e0 l\u2019heure actuelle ne le sait pas, c\u2019est qu\u2019il n\u2019a pas voulu le savoir.<\/p>\n\n\n\n<p>D\u00e8s le d\u00e9part, le traitement du Pr Raoult, pris de mani\u00e8re pr\u00e9coce soignait. Mais il n\u2019est pas le seul, d\u2019autres m\u00e9decins ont gu\u00e9ri des malades avec des m\u00e9dicaments, ou des produits naturels. Et, dans la plupart des cas, le syst\u00e8me immunitaire se d\u00e9brouille bien tout seul. Il suffit de voir le nombre de personnes test\u00e9es et asymptomatiques. Je ne nie pas qu\u2019il y a eu des morts et, il est clair que chaque mort est tragique. Cependant n\u2019oublions pas que la grippe saisonni\u00e8re tue chaque ann\u00e9e le m\u00eame profil de personnes (\u00e2g\u00e9es, affaiblies, polym\u00e9dicament\u00e9es et ayant la plupart du temps d\u00e9pass\u00e9 l\u2019esp\u00e9rance de vie moyenne). Cependant on n\u2019a jamais cr\u00e9\u00e9 une telle psychose pour la grippe. D\u2019ailleurs comment savoir s\u2019il y a r\u00e9ellement eu des morts de Covid ou si les personnes sont d\u00e9c\u00e9d\u00e9es de la grippe comme chaque ann\u00e9e&nbsp;? Parce que, oui, \u00e9trangement, durant quelques mois, il n\u2019y avait plus aucun d\u00e9c\u00e8s de crise cardiaque, de cancer, de suicide, de toxicomanie, \u2026 et la grippe elle-m\u00eame toujours si meurtri\u00e8re a compl\u00e8tement disparu.<\/p>\n\n\n\n<p>Sans oublier ces pauvres personnes qui sont d\u00e9c\u00e9d\u00e9es parce qu\u2019elles n\u2019ont pas \u00e9t\u00e9 emmen\u00e9es dans les cliniques pour \u00e9viter des les surcharger. Des personnes mortes de probl\u00e8mes cardiaques, voire d\u2019infection urinaire pour ne pas donner du travail \u00e0 des services hospitaliers qui, pour la plupart n\u2019\u00e9taient remplis qu\u2019\u00e0 50%&nbsp;! Ah, il a beau dos le Covid.<\/p>\n\n\n\n<p>Et le d\u00e9cret Rivotril install\u00e9 en France lors du premier confinement et \u00e0 nouveau en vigueur depuis le 14 octobre, faut-il en parler&nbsp;? Plut\u00f4t que de permettre aux personnes \u00e2g\u00e9es de voir leurs petits-enfants, de leur apporter un peu de joie, on les oblige \u00e0 d\u00e9p\u00e9rir seules, compl\u00e8tement abandonn\u00e9es et au moindre probl\u00e8me de sant\u00e9 on leur injecte un m\u00e9dicament pour les euthanasier afin de ne pas surcharger les h\u00f4pitaux qui sont chaque ann\u00e9e surcharg\u00e9s en cette p\u00e9riode. J\u2019ai travaill\u00e9 en clinique, ce probl\u00e8me n\u2019est pas nouveau aussi bien en Belgique qu\u2019en France. Et m\u00eame les m\u00e9dias qui en parlent chaque ann\u00e9e, font mine de l\u2019avoir oubli\u00e9. Cela n\u2019est pas du au nombre de contamin\u00e9s par un virus mortel mais au fait qu\u2019on supprime toujours plus de lits chaque ann\u00e9e malgr\u00e9 les manifestations des soignants qu\u2019on pr\u00e9f\u00e8re gazer sans \u00e9couter leurs revendications totalement l\u00e9gitimes. Si ce n\u2019est pas l\u00e0 une volont\u00e9 de ne pas soigner, dites-moi donc de quoi il s\u2019agit. Ne me parlez pas d\u2019\u00e9conomie budg\u00e9taire quand les dirigeants ach\u00e8tent des F16 en d\u00e9but de confinement en Belgique, ou des flash ball, gilets pare-balles et drones en France puis, l\u2019\u00e9t\u00e9 donnent des millions aux m\u00e9dias pour les aider. Aider \u00e0 quoi&nbsp;? Ils ont travaill\u00e9 durant tout le confinement \u00e0 nous raconter des bobards et pendant que certains secteurs se retrouvent sans la moindre rentr\u00e9e avec des taxes \u00e0 payer. La v\u00e9rit\u00e9 c\u2019est pour les remercier de leur bon travail de manipulation et pour les encourager \u00e0 continuer encore.<\/p>\n\n\n\n<p>Actuellement, au lieu de v\u00e9rifier votre bon \u00e9tat de sant\u00e9, on vous impose un test PCR qui multiplie par un milliard le moindre virus ou fragment de virus inactiv\u00e9 pi\u00e9g\u00e9 dans le mucus de l\u2019arri\u00e8re-nez, et ensuite on vous traite comme un malade si ce test est positif. Mais vous n\u2019\u00eates pas malade, c\u2019est un faux diagnostic. Le test ne r\u00e9v\u00e8le que la contamination de l\u2019air que vous avez respir\u00e9, il peut \u00eatre positif un jour et n\u00e9gatif le lendemain.<\/p>\n\n\n\n<p>Une dame en t\u00e9moignait encore derni\u00e8rement&nbsp;: <a href=\"https:\/\/www.facebook.com\/denis.clayette.7\/videos\/10218869988765555\">https:\/\/www.facebook.com\/denis.clayette.7\/videos\/10218869988765555<\/a><\/p>\n\n\n\n<p>Ces quelques particules virales dans le mucus sont totalement inoffensives, ne se multiplient pas, ne sont pas rejet\u00e9es \u00e0 l\u2019ext\u00e9rieur. Elles sont d\u00e9gluties et dig\u00e9r\u00e9es, vous n\u2019\u00eates ni malade, ni contagieux et la d\u00e9cision de mise en quarantaine est une arnaque totalement malhonn\u00eate. L\u2019utilisation du pr\u00e9l\u00e8vement nasal comme test de d\u00e9pistage est une tromperie contraire aux donn\u00e9es actuelles de la science.<\/p>\n\n\n\n<p>Mais, \u00e9videmment, ce n\u2019est pas ce que les gouvernements veulent nous faire croire. Nous devons avoir peur, pour faire des tests qui co\u00fbtent tout de m\u00eame 75 euros \u00e0 la s\u00e9curit\u00e9 sociale. Et certaines personnes en font plusieurs par semaine&nbsp;!!! Aucun souci, ce sont nos imp\u00f4ts qui paient. Puis avant tr\u00e8s peu de temps, on nous parlera de restrictions suppl\u00e9mentaires \u00e0 cause d\u2019un d\u00e9ficit cr\u00e9\u00e9 par la crise sanitaire. Mais, oui, c\u2019est lui, ce virus, le grand responsable bien s\u00fbr.<\/p>\n\n\n\n<p>Quand, par ailleurs on conna\u00eet la v\u00e9rit\u00e9 sur les tests, on aurait presque envie de rire si la situation n\u2019\u00e9tait pas aussi tragique<\/p>\n\n\n\n<p>M\u00eame si depuis des mois, le pr\u00e9l\u00e8vement nasal est utilis\u00e9 pour identifier, par PCR, les porteurs du Covid-19, ce n\u2019est pas un test de d\u00e9pistage du Covid et les cycles d\u2019amplification \u00e9tant exag\u00e9r\u00e9s, ils ne veulent strictement rien dire.<\/p>\n\n\n\n<p>(Si vous souhaitez en savoir plus, \u00e9coutez Ema&nbsp;: <a href=\"https:\/\/www.youtube.com\/watch?v=zchEAWywtes&amp;fbclid=IwAR2Vw2h5NLhBrCO7-cJ_ahJbQ-N-C44TpWKGDZD0yj6MpNsU4EK88xYTwe0\">https:\/\/www.youtube.com\/watch?v=zchEAWywtes&amp;fbclid=IwAR2Vw2h5NLhBrCO7-cJ_ahJbQ-N-C44TpWKGDZD0yj6MpNsU4EK88xYTwe0<\/a> )<\/p>\n\n\n\n<p>Et encore, il y a un autre probl\u00e8me d\u00e9j\u00e0 \u00e0 la base de l\u2019utilisation de ces tests (Ema pr\u00e9pare une autre vid\u00e9o sur le sujet)<\/p>\n\n\n\n<p>Alors, non, je ne pense pas que les gouvernements veulent notre bien. Ils ne prennent aucune mesure pour \u00e9viter les millions de malades et de morts qui pourraient \u00eatre \u00e9vit\u00e9es. Et, pire, certains sont morts uniquement \u00e0 cause des mesures prises par les gouvernements et d\u2019autres ne s\u2019en remettront jamais<\/p>\n\n\n\n<p>Ce virus est tr\u00e8s pratique pour \u00e9liminer les personnes qui co\u00fbtent cher en pensions de retraite. Bien utile aussi pour contr\u00f4ler la population. Il permet d&rsquo;enfermer les gens pour les emp\u00eacher de manifester. Il a permis aussi \u00e0 lui seul de supprimer tous les acquis sociaux en mati\u00e8re de travail, d\u2019instaurer des arr\u00eat\u00e9s et d\u00e9crets liberticides, de paniquer les citoyens afin qu&rsquo;ils acceptent un futur et tr\u00e8s lucratif vaccin. De tracer leurs d\u00e9placements. De tenter de supprimer le cash afin que leur moindre activit\u00e9 soit contr\u00f4l\u00e9e. Et ainsi de pouvoir bloquer leur compte s&rsquo;ils sont de mauvais citoyens.<\/p>\n\n\n\n<p>Alors, oui, je trouve tout cela compl\u00e8tement disproportionn\u00e9, et nuisible pour tout le monde, except\u00e9 les gouvernements qui ont d\u00e9sormais un peuple soumis par la peur et ob\u00e9issant aux mesures les plus folles, et les lobbys pharmas qui se remplissent les poches sur notre dos alors que des rem\u00e8des naturels existent&nbsp;: vitamine C, D, K, zinc, s\u00e9l\u00e9nium, querc\u00e9tine, probiotiques \u2026. Ce ne sont pas non plus les solutions qui manquent dans la pharmacie de la nature&nbsp;: argile, huiles essentielles, art\u00e9misia annua, &#8230; Et pourtant, les m\u00e9dias mainstream les ont syst\u00e9matiquement pass\u00e9es sous silence, sauf quand il s\u2019agissait de les disqualifier. Cette attitude est criminelle.<\/p>\n\n\n\n<p>Cette manipulation est simple : il suffit de nous montrer des images chocs, des comportements aberrants, et de nous faire entendre des histoires absurdes. Selon le grand principe \u00e9tabli d\u00e9j\u00e0 il y a quinze si\u00e8cles par le philosophe Augustin d&rsquo;Hippone : \u00ab\u00a0A force de tout voir on finit par tout supporter&#8230; A force de tout supporter on finit par tout tol\u00e9rer&#8230; A force de tout tol\u00e9rer on finit par tout accepter&#8230; A force de tout accepter on finit par tout approuver !\u00a0\u00bb<\/p>\n\n\n\n<p>Je ne le cache pas, je suis plut\u00f4t une adepte des m\u00e9thodes naturelles de sant\u00e9 reposant sur les capacit\u00e9s du corps \u00e0 se r\u00e9g\u00e9n\u00e9rer, mais il faut bien se rendre \u00e0 l\u2019\u00e9vidence que notre alimentation aussi saine soit elle n\u2019arrive plus \u00e0 combler nos besoins pour un syst\u00e8me immunitaire efficace donc, une suppl\u00e9mentation la plus naturelle possible s\u2019av\u00e8re le plus souvent n\u00e9cessaire pour que le corps soit en \u00e9tat de se d\u00e9fendre contre tout agresseur, quel que soit le nom qu\u2019on peut lui donner. Mais si nous en sommes arriv\u00e9s l\u00e0 c\u2019est par la folie des dirigeants qui votent des lois donnant toute libert\u00e9 aux lobbys dans l\u2019unique but de s\u2019enrichir, peu importe le nombre de maladie que cela occasionne puisque la maladie elle aussi rapporte un maximum.<\/p>\n\n\n\n<p>Le Journal of Endocrinological Investigation du mois d\u2019ao\u00fbt confirme que la carence en vitamine D aggrave la maladie et que sa pr\u00e9sence en suffisance contrecarre les temp\u00eates de cytokines mais de nombreux dirigeants ont oblig\u00e9 leur population \u00e0 rester enferm\u00e9e sans pouvoir profiter des bienfaits des rayons du soleil.<\/p>\n\n\n\n<p>Le zinc, souvent associ\u00e9 \u00e0 l\u2019hydroxychloroquine pour ses propri\u00e9t\u00e9s immunostimulantes est un oligo\u00e9l\u00e9ment souvent utilis\u00e9 comme rem\u00e8de connu et \u00e9prouv\u00e9 de la grippe. Or le Covid n\u2019est rien d\u2019autre qu\u2019un syndrome grippal. Avez-vous entendu une seule fois les m\u00e9dias vous le recommander&nbsp;?<\/p>\n\n\n\n<p>Le but n\u2019\u00e9tait pas de gu\u00e9rir qui que ce soit donc ils ont f\u00e9rocement d\u00e9truit toute personne parlant de chloroquine, l\u2019ont interdite dans plusieurs pays m\u00eame si les plus virulents ont emp\u00each\u00e9 le peuple de se soigner mais ont achet\u00e9 plusieurs tonnes pour se soigner eux-m\u00eames.<\/p>\n\n\n\n<p>Je ne suis pas m\u00e9decin et n\u2019ai donc pas les comp\u00e9tences pour vous prescrire ou conseiller quoi que ce soit en mati\u00e8re de sant\u00e9. Je ne peux donc que vous conseiller de manger le plus sainement possible, d\u2019\u00e9viter la nourriture industrielle, et de vous compl\u00e9menter pour une meilleure sant\u00e9 selon les recommandations de votre m\u00e9decin en esp\u00e9rant que celui-ci n\u2019a pas d\u2019int\u00e9r\u00eat \u00e0 votre maladie.<\/p>\n\n\n\n<p>Il y a ce qu\u2019on nous montre et qui est tr\u00e8s anxiog\u00e8ne, mais si on prend de la distance, on voit des incoh\u00e9rences v\u00e9hicul\u00e9es par les m\u00e9dias. Je ne prendrai qu\u2019un seul exemple bien qu\u2019il soit possible d\u2019en trouver des centaines. Pourquoi, durant la pand\u00e9mie, nous annon\u00e7ait on plusieurs fois par jour le nombre de morts comme indicateur de gravit\u00e9. Apr\u00e8s, la r\u00e9f\u00e9rence a chang\u00e9, on ne parlait plus de morts, mais de personnes en r\u00e9animation. Ensuite d\u2019hospitalisation puis plus tard encore de cas positifs. La raison est simple&nbsp;: manipuler les gens pour les maintenir dans la peur alors qu\u2019il n\u2019y a pratiquement plus de morts \u00e9tant donn\u00e9 que la charge virale a tr\u00e8s fortement diminu\u00e9.<\/p>\n\n\n\n<p>Or, celui qui se donne la peine de comparer les chiffres sur les sites officiels se rend imm\u00e9diatement compte qu\u2019il n\u2019y a pas eu plus de mort sur les dix premiers mois de 2020 que les ann\u00e9es pr\u00e9c\u00e9dentes. Par contre certains m\u00e9decins ont d\u00e9pos\u00e9 des plaintes contre les dirigeants pour non-assistance en personne en danger car on leur interdit d\u2019utiliser des traitements qui fonctionnent, dans le seul but de vacciner. Au final qu\u2019importe le nombre de personnes qui ne peuvent pas \u00eatre soign\u00e9es puisque de toutes mani\u00e8res ils veulent r\u00e9duire la population et que tout \u00e7a est pr\u00e9par\u00e9 de longue date. Ils suivent tranquillement leurs plans, donnant l\u2019impression \u00e0 certains qu\u2019ils sont incomp\u00e9tents. Mais, quand on connait le pourquoi des choses, on sait qu\u2019il ne s\u2019agit pas de \u00e7a mais de suivre scrupuleusement le plan \u00e9tabli.<\/p>\n\n\n\n<p>Posez-vous les bonnes questions&nbsp;: Pourquoi ces changements d\u2019indicateur de gravit\u00e9&nbsp;? Pourquoi interdire le port du masque pour le rendre obligatoire&nbsp;? Ne serais ce pas pour d\u00e9stabiliser la population qui entend tout et son contraire&nbsp;? Puis porter un masque qui ne prot\u00e8ge pas des virus (regardez, c\u2019est indiqu\u00e9 en toutes lettres sur les bo\u00eetes) mais emp\u00eache de respirer correctement, cr\u00e9e provoque des malaises par manque d\u2019oxyg\u00e9nation des cellules, abaisse l\u2019immunit\u00e9 et provoque de nombreuses maladies. De nombreuses \u00e9tudes sur le sujet ont \u00e9t\u00e9 publi\u00e9es sur le net et des dizaines de vid\u00e9os r\u00e9alis\u00e9es. Renseignez-vous pour pouvoir vous faire une id\u00e9e de ce qui est en train de se d\u00e9rouler sous vos yeux sans croire b\u00eatement ce que vous racontent les merdias.<\/p>\n\n\n\n<p>Et pourquoi se plan doit il se d\u00e9rouler maintenant&nbsp;? Peut-\u00eatre qu\u2019ils savent que de nombreux changements \u00e9nerg\u00e9tiques se mettent en place, tout s\u2019acc\u00e9l\u00e8re et de nombreux humains sur la terre s\u2019\u00e9veillent de plus en plus, refusant de continuer \u00e0 vivre de cette mani\u00e8re. Il y a assez de richesses et de nourriture pour tous si un petit groupe de malades ne s\u2019en emparaient pas.<\/p>\n\n\n\n<p>Hier j\u2019ai partag\u00e9 une vid\u00e9o avec une connaissance manipul\u00e9 par les m\u00e9dias. Il m\u2019a r\u00e9pondu ne pas \u00eatre convaincu par le d\u00e9lire de cette hyperdipl\u00f4m\u00e9e. Qu\u2019importe, le but n\u2019\u00e9tait pas le convaincre, mais de le faire r\u00e9fl\u00e9chir mais, visiblement \u00e7a n\u2019a pas \u00e9t\u00e9 le cas, il s\u2019est braqu\u00e9 sur ses convictions, rejetant en bloc toute la vid\u00e9o. Je vous la partage, vous vous ferez votre propre opinion&nbsp;:<\/p>\n\n\n\n<p>Tout le monde n\u2019est pas r\u00e9veill\u00e9 aux m\u00eames choses que moi, je le con\u00e7ois. J\u2019ai foi, je crois en l\u2019humain, je sais que chacun a en lui de quoi s\u2019\u00e9veiller. Est-ce que chacun le fera ? Je ne le pense pas. Mais malgr\u00e9 tout, il y a bien eu un r\u00e9veil communautaire, les choses bougent de mani\u00e8re exponentielle. Pendant que certains se sont \u00e9veill\u00e9s \u00e0 la peur, d\u2019autres se sont mis en recherche de v\u00e9rit\u00e9 ou font le choix de lutter pour la libert\u00e9.<\/p>\n\n\n\n<p>Beaucoup r\u00e9alisent que leur vie n\u2019est pas celle qu\u2019ils voulaient vraiment avant cette crise. Cette situation les am\u00e8ne \u00e0 se poser des questions, \u00e0 prendre le chemin de leur vie plut\u00f4t qu\u2019\u00e0 survivre dans une vie tol\u00e9r\u00e9e mais que d\u2019autres ont choisi pour eux et qui ne les rend pas heureux.<\/p>\n\n\n\n<p>Chacun, \u00e0 son niveau, a v\u00e9cu un \u00e9veil, chacun aura chang\u00e9 durant cette p\u00e9riode et plus rien ne sera plus jamais \u00ab comme avant \u00bb.<\/p>\n\n\n\n<p>Comment cela se conclura, je ne peux le dire. Les changements iront dans le sens de la dictature technologique ou de la lib\u00e9ration en lien avec la nature, quoi qu\u2019il arrive, il y aura un avant et un apr\u00e8s sans plus rien en commun. Tout d\u00e9pend encore de nous pour sortir de cette pland\u00e9mie.<\/p>\n\n\n\n<p>Dans un contexte o\u00f9 les mesures gouvernementales deviennent de plus en plus absurdes, injustifiables et coercitives, chaque acte pos\u00e9, chaque d\u00e9cision prise par chacun de nous seront d\u00e9terminants pour la direction que prendra notre monde, pour la survie de l\u2019humanit\u00e9.<\/p>\n\n\n\n<p>Je me sens responsable du monde dans lequel nous vivons et surtout, de ce que je laisserai \u00e0 nos enfants et petits-enfants.<\/p>\n\n\n\n<p>Tout n\u2019avance pas de la m\u00eame mani\u00e8re, \u00e0 la m\u00eame vitesse mais, je crois en la contagion de l\u2019Amour, la bienveillance et l\u2019unit\u00e9 plut\u00f4t qu\u2019\u00e0 la mis\u00e8re, les in\u00e9galit\u00e9s, l\u2019injustice. C\u2019est \u00e0 nous de choisir une autre trajectoire pour notre avenir collectif, un monde o\u00f9 l\u2019homme est responsable de lui-m\u00eame, respectueux de l\u2019autre et du vivant.<\/p>\n\n\n\n<p>Je vois l\u2019\u00e9tau se resserrer encore et encore, je comprends qu\u2019une impitoyable dictature mortif\u00e8re s\u2019\u00e9tait mise en place. Et, parfois, il m\u2019arrive de penser que tout est foutu, qu\u2019il est d\u00e9sormais trop tard !<\/p>\n\n\n\n<p>Pourtant je choisis finalement l\u2019option de la grenouille dans la cr\u00e8me Pour ceux qui ne connaissent pas ce conte, le voici :<\/p>\n\n\n\n<p>Un jour, deux grenouilles tomb\u00e8rent dans une jatte de cr\u00e8me.<\/p>\n\n\n\n<p>Aussit\u00f4t, elles s\u2019aper\u00e7urent qu\u2019elles s\u2019enfon\u00e7aient : impossible de nager ou de flotter longtemps dans cette p\u00e2te molle aussi \u00e9paisse que des sables mouvants. Au d\u00e9but, les deux grenouilles agit\u00e8rent violemment leurs pattes dans la cr\u00e8me pour atteindre le bord de la jatte.<\/p>\n\n\n\n<p>En vain, elles ne parvenaient qu\u2019\u00e0 barboter au m\u00eame endroit en s\u2019enlisant.<\/p>\n\n\n\n<p>Elles avaient de plus en plus de mal \u00e0 remonter \u00e0 la surface et \u00e0 reprendre leur souffle.<\/p>\n\n\n\n<p>L\u2019une d\u2019elles dit \u00ab Je n\u2019en peux plus, on ne peut pas se sortir de l\u00e0. Impossible de nager dans cette substance. Je vais mourir et je ne vois pas pourquoi je prolongerais cette souffrance. O\u00f9 est l\u2019int\u00e9r\u00eat de mourir \u00e9puis\u00e9e par un effort st\u00e9rile ? \u00bb<\/p>\n\n\n\n<p>Elle cessa de s\u2019agiter et s\u2019enfon\u00e7a rapidement et litt\u00e9ralement engloutie par le liquide blanc et \u00e9pais.<\/p>\n\n\n\n<p>L\u2019autre grenouille, plus pers\u00e9v\u00e9rante, ou peut-\u00eatre plus obstin\u00e9e, se dit \u00ab M\u00eame si la mort est proche, je lutterai jusqu\u2019\u00e0 mon dernier souffle. Je refuse de mourir une seconde m\u00eame avant que mon heure ait sonn\u00e9 ! \u00bb<\/p>\n\n\n\n<p>Elle continua \u00e0 s\u2019agiter et \u00e0 barboter toujours au m\u00eame endroit, sans avancer d\u2019un pouce.<\/p>\n\n\n\n<p>Et soudain, \u00e0 force de tr\u00e9pigner et de battre des cuisses, de s\u2019agiter et de patauger, la cr\u00e8me se transforma en beurre !<\/p>\n\n\n\n<p>Surprise, la grenouille fit un bond et, patinant, arriva au bord de la jatte. De l\u00e0, elle rentra chez elle en coassant joyeusement.<\/p>\n\n\n\n<p>Je pense que nous sommes tous des grenouilles et certaines d\u2019entre elles font le choix d\u2019\u00eatre soumis, et fiers d\u2019\u00eatre esclaves puisque la t\u00e9l\u00e9 les a convaincus qu\u2019\u00e9tait l\u00e0 la sagesse. Elles attendent impatiemment la cha\u00eene (le vaccin) et le boulet (les probl\u00e8mes de sant\u00e9 qui s\u2019en suivront) au pied.<\/p>\n\n\n\n<p>De mon c\u00f4t\u00e9, \u00e0 tort ou \u00e0 raison et avec tant d\u2019autres, je choisis de continuer \u00e0 agiter mes pattes pour transformer la cr\u00e8me en motte de beurre.<\/p>\n\n\n\n<p>Depuis mai dernier, des voix lucides et document\u00e9es s\u2019entendent \u00e0 affirmer que les forces de l\u2019ombre s\u2019affolent, pr\u00e9cipitent les choses en commettant de grosses erreurs parce qu\u2019elles savent qu\u2019elles ont d\u00e9j\u00e0 perdu. Ces forces qui se pensaient presque gagnantes voient le r\u00e9veil des peuples partout dans le monde.<\/p>\n\n\n\n<p>Oui, bien s\u00fbr les m\u00e9dias corrompus ne vous en ont pas parl\u00e9, mais ils ne peuvent pas emp\u00eacher les informations de circuler malgr\u00e9 toutes leurs censures.<\/p>\n\n\n\n<p>Un million de personnes se sont r\u00e9unies \u00e0 Londres, avec David Icke qui a toujours d\u00e9nonc\u00e9 les malversations de ceux qui nous gouvernent&nbsp;: <a href=\"https:\/\/qactus.fr\/2020\/08\/30\/q-scoop-robert-kennedy-jr-discours-a-berlin\/\">https:\/\/qactus.fr\/2020\/08\/30\/q-scoop-robert-kennedy-jr-discours-a-berlin\/<\/a><\/p>\n\n\n\n<p>8 millions de manifestants \u00e0 Berlin o\u00f9 R.F. Kennedy Jr a fait un discours&nbsp;: <a href=\"https:\/\/wp.me\/pbYbqw-4Yl\">https:\/\/wp.me\/pbYbqw-4Yl<\/a><\/p>\n\n\n\n<p>Le peuple se r\u00e9veille un peu partout contre les mesures sanitaires liberticides et la criminalit\u00e9&nbsp;:Italie, 2 millions de personnes en Espagne ainsi qu\u2019au Canada, Suisse, 700000 personnes \u00e0 Port Louis pour 1&nbsp;,3 million d\u2019habitants \u00e0 l\u2019Ile Maurice, \u2026<\/p>\n\n\n\n<p>En France et en Belgique, peuples les plus soumis de la terre, rien de bien impressionnant par contre. Nous continuons de nous abreuver des mensonges de la t\u00e9l\u00e9 (enfin, sans le moindre jugement l\u00e0 je peux dire Vous parce que je n\u2019ai pas de t\u00e9l\u00e9 et pr\u00e9f\u00e8re allumer mon cerveau) qui persiste \u00e0 donner des chiffres sortis d\u2019un chapeau sur les personnes malades et tout le monde tremble de peur.<\/p>\n\n\n\n<p>Malgr\u00e9 la r\u00e9action des citoyens hypnotis\u00e9s de mon pays, ressemblant \u00e0 des poulets en batterie, le r\u00e9veil d\u2019autres populations me fait penser \u00e0 l\u2019histoire du centi\u00e8me singe que je ne vous partagerai pas \u00e0 nouveau car je sais que je l\u2019ai d\u00e9j\u00e0 fait sur ce blog. Nous sommes proches du but, la fin de cette \u00e9lite auto proclam\u00e9e qui domine notre plan\u00e8te.<\/p>\n\n\n\n<p>Pourquoi poulets en batterie&nbsp;? Parce que comme les poulets, elle abandonne sa souverainet\u00e9 , sa libert\u00e9 en s\u2019auto enfermant par peur d\u2019un virus invisible en oubliant l\u2019existence du monde ext\u00e9rieur, elle abandonne sa sant\u00e9 en se gavant de m\u00e9dicaments et de nourriture industrielle compl\u00e8tement mortif\u00e8re, elle s\u2019insurge parfois de la situation mais seulement en se battant entre elle et se tirant dans les pattes en d\u00e9non\u00e7ant son voisin et accusant l\u2019autre de sa potentielle maladie un jour peut-\u00eatre, sans chercher les vrais coupables et encore moins en s\u2019insurgeant contre eux.<\/p>\n\n\n\n<p>Elle est aveugle \u00e0 ce que l\u2019avenir leur r\u00e9serve, ignorant m\u00eame que la vraie catastrophe n\u2019est pas virale mais \u00e9conomique et sociale, comme les poulets qui attendent qu\u2019on leur tranche la t\u00eate.<\/p>\n\n\n\n<p>Mais \u00e0 c\u00f4t\u00e9 de \u00e7a, bien occult\u00e9 par les m\u00e9dias, une tribune port\u00e9e par 250 universitaires, scientifiques, professionnels de sant\u00e9 et juristes s\u2019alarment des cons\u00e9quences de la gestion de la pand\u00e9mie pilot\u00e9e par un Conseil scientifique dont ils remettent en question la pertinence.<\/p>\n\n\n\n<p>Ils s\u2019inqui\u00e8tent des cons\u00e9quences sur la sant\u00e9 physique et mentale : augmentation des consommations de tabac, alcool, drogues et psychotropes, anxi\u00e9t\u00e9, troubles du sommeil, d\u00e9pression, suicide, syndrome de glissement des personnes \u00e2g\u00e9es, impact psychologique \u00e0 long terme sur une jeunesse confront\u00e9e \u00e0 des mesures politico-sanitaires d\u00e9bilitantes. Ils demandent un \u00ab vrai d\u00e9bat d\u00e9mocratique \u00bb sur la strat\u00e9gie sanitaire qualifi\u00e9e de \u00ab d\u00e9rive autoritariste \u00bb. Tout le monde n\u2019est donc pas dupe.<\/p>\n\n\n\n<p>Je ne suis pas l\u00e0 pour vous dire ou vous d\u00e9montrer que le virus est un canular&#8230; ou pas.<\/p>\n\n\n\n<p>Je ne suis pas l\u00e0 pour vous dire de porter un masque&#8230; ou pas.<\/p>\n\n\n\n<p>Je suis l\u00e0 pour vous dire de chercher par vous-m\u00eame. Oui, \u00e7a demande du temps, oui, l\u2019info n\u2019arrivera pas toute seule si vous ne faites rien, mais c\u2019est l\u2019unique moyen de conna\u00eetre la v\u00e9rit\u00e9.<\/p>\n\n\n\n<p>Je vous propose d\u2019\u00e9couter les scientifiques qui n\u2019ont aucun conflit d\u2019int\u00e9r\u00eat avec les laboratoires, notamment le Dr Louis Fouch\u00e9, m\u00e9decin anesth\u00e9siste-r\u00e9animateur officiant dans un h\u00f4pital Marseillais. Bien que certaines de ses vid\u00e9os soient parfois un peu m\u00e9dicales pour le profane, elles vous permettront de comprendre pourquoi le virus mortel n\u2019a pas occasionn\u00e9 les m\u00eames pertes humaines qu\u2019ailleurs en France et dans le monde et n\u2019a gu\u00e8re fait plus de victimes que la grippe saisonni\u00e8re. <a href=\"https:\/\/www.reinfocovid.fr\/\">https:\/\/www.reinfocovid.fr\/<\/a><\/p>\n\n\n\n<p>Par ailleurs, regardez la courbe INSEE de l&rsquo;explosion de cette \u00ab\u00a0deuxi\u00e8me vague plus meurtri\u00e8re que la premi\u00e8re\u00a0\u00bb !<\/p>\n\n\n\n<p>Ici impossible de TRICHER sur le diagnostic de la cause de la mort car il s&rsquo;agit de la courbe de TOUS les d\u00e9c\u00e8s TOUTES causes !<\/p>\n\n\n\n<p>Dans une VRAIE \u00e9pid\u00e9mie la courbe jaune monterait jusqu&rsquo;\u00e0 3000.<\/p>\n\n\n\n<p>Et depuis le 10 octobre<\/p>\n\n\n\n<p>&nbsp;les chiffres continuent \u00e0 baisser au-dessous des chiffres de 2019. Est-ce l\u00e0 ce que montrent les m\u00e9dias&nbsp;?<\/p>\n\n\n\n<figure class=\"wp-block-image size-large\"><img loading=\"lazy\" decoding=\"async\" width=\"552\" height=\"512\" src=\"http:\/\/etresoi-e.com\/blog\/wp-content\/uploads\/2020\/11\/d\u00e9c\u00e8s-france.jpg\" alt=\"\" class=\"wp-image-3678\" srcset=\"http:\/\/etresoi-e.com\/blog\/wp-content\/uploads\/2020\/11\/d\u00e9c\u00e8s-france.jpg 552w, http:\/\/etresoi-e.com\/blog\/wp-content\/uploads\/2020\/11\/d\u00e9c\u00e8s-france-300x278.jpg 300w, http:\/\/etresoi-e.com\/blog\/wp-content\/uploads\/2020\/11\/d\u00e9c\u00e8s-france-50x46.jpg 50w\" sizes=\"auto, (max-width: 552px) 100vw, 552px\" \/><\/figure>\n\n\n\n<p>Parce que la peur d\u00e9truit le syst\u00e8me immunitaire, il est temps de comprendre qu&rsquo;un virus ou une bact\u00e9rie contribuent \u00e0 votre d\u00e9veloppement et non le contraire, il est temps de cesser d&rsquo;\u00eatre terroris\u00e9 par la peur des microbes car les bact\u00e9ries et virus participent \u00e0 tous les processus du vivant et ils sont \u00e0 l&rsquo;origine de la vie &#8230;. Sans eux rien n&rsquo;existerait, ni vous, ni moi &#8230; Nous avons absolument besoin d&rsquo;eux pour \u00eatre vivant et \u00eatre en bonne sant\u00e9 !&#8230;<\/p>\n\n\n\n<p>Pour en savoir plus, regardez maintenant cette nouvelle vid\u00e9o d&rsquo;information et p\u00e9dagogique, r\u00e9alis\u00e9e par mon ami Philippe, avec de tr\u00e8s nombreuses sources : <a href=\"https:\/\/youtu.be\/7D481Z4LW-Y\">https:\/\/youtu.be\/7D481Z4LW-Y<\/a><\/p>\n\n\n\n<p>Je pourrais encore vous \u00e9crire plusieurs pages sur le sujet, vous parler aussi de la d\u00e9sinformation volontaire concernant les \u00e9lections am\u00e9ricaines par exemple et il y a tant \u00e0 dire. Mais je ne suis pas l\u00e0 pour faire de la politique et, franchement d\u00e9mocrates, r\u00e9publicains, \u00e7a ne m\u2019int\u00e9resserait pas le moins du monde si je ne savais pas ce qui est en train de se jouer actuellement avec ces \u00e9lections, en arri\u00e8re-plan, pendant que les m\u00e9dias f\u00e9licitent Biden pour sa r\u00e9ussite et que le monde se moque de Trump et l\u2019attaque comme c\u2019est le cas depuis 4 ans. Personnellement le parti politique je ne m\u2019en occupe pas du tout, je ne regarde qu\u2019une seule chose, ce sont les actions pos\u00e9es. Et, l\u00e0 on pourrait en \u00e9crire un livre. Pour ceux qui savent un peu \u00e0 quel point c\u2019est l\u2019avenir de l\u2019humanit\u00e9 qui se joue l\u00e0, je leur dit \u00ab&nbsp;j\u2019esp\u00e8re de tout c\u0153ur que les choses se passeront comme elles doivent se passer et que la v\u00e9rit\u00e9 \u00e9clatera au grand jour, m\u00eame si certains vont en rester sid\u00e9r\u00e9s et ne voudront pas y croire, ils n\u2019auront pas le choix lorsque les choses seront devant leurs yeux&nbsp;\u00bb. Pour les autres, je dis \u00ab&nbsp;Renseignez-vous, il y a tant de choses que vous croyez savoir mais qui ne sont que ce que les m\u00e9dias vont ont mis dans le cr\u00e2ne, renseignez-vous et n\u2019ayez pas peur de lever le voile&nbsp;\u00bb<\/p>\n\n\n\n<p>Il est clair que leur paquebot de mensonges prend l\u2019eau de toutes parts et que les v\u00e9rit\u00e9s commencent \u00e0 \u00e9merger de partout.<\/p>\n\n\n\n<p>Il est inutile de vous sur-informer de tous les mensonges, de toutes les manipulations, de toutes les fraudes qui entourent cette pseudo-pand\u00e9mie. Tous ceux qui ont pr\u00e9f\u00e9r\u00e9 s&rsquo;informer aupr\u00e8s des m\u00e9dias mainstream ont subi \u2014 sans s&rsquo;en rendre compte \u2014 une telle mise sous hypnose que je ne suis m\u00eame pas convaincue qu\u2019il soit maintenant encore possible de faire rentrer la moindre information dans leur cerveau. Il s\u2019agit de ma derni\u00e8re publication sur le sujet.<\/p>\n\n\n\n<p>Alors, si vous avez eu le courage ou la curiosit\u00e9 de me lire jusqu\u2019ici, je vous entends me r\u00e9pondre \u00ab Que faire ? \u00bb<\/p>\n\n\n\n<p>Chacun de nous est devant LE moment charni\u00e8re auquel nous avons l\u2019honneur de participer, pour collaborer \u00e0 faire basculer notre monde soit vers l\u2019ascension soit l\u2019an\u00e9antissement.<\/p>\n\n\n\n<p>Ce n\u2019est pas \u00e0 moi vous dire comment agir, chacun fera ce qui lui para\u00eet le plus juste selon sa conscience, pour rester en coh\u00e9rence avec soi-m\u00eame et son ressenti.<\/p>\n\n\n\n<p>Je ne peux que vous donner quelques conseils pratiques qui vont dans le sens pour lequel ce blog avait \u00e9t\u00e9 cr\u00e9\u00e9, vous aider \u00e0 votre \u00e9panouissement personnel, un chemin vers plus de bien-\u00eatre. Ceci implique, selon moi, de prendre du recul par rapport aux infos anxiog\u00e8nes qui fusent de toute part et de faire un travail sur soi pour lib\u00e9rer ce qui doit l\u2019\u00eatre, se recentrer pour pr\u00e9server ou retrouver un \u00e9quilibre \u00e9nerg\u00e9tique et \u00e9motionnel.<\/p>\n\n\n\n<p>\u2022 \u00c9teignez votre TV et ne lisez pas les journaux qui vous manipulent insidieusement chaque jour depuis des mois. Pr\u00e9servez-vous de la pollution m\u00e9diatique. Faites abstraction de la r\u00e9alit\u00e9 que vous percevez, vous d\u00e9couvrirez bient\u00f4t ce qui se trame derri\u00e8re tout \u00e7a. Essayez de penser par vous-m\u00eame et ne classez pas dans les fakes tout ce qui d\u00e9range vos opinions et pr\u00e9jug\u00e9s r\u00e9sultant du formatage que vous avez subit inconsciemment.<\/p>\n\n\n\n<p>\u2022 Rendez \u00e0 votre corps sa puissance par une alimentation saine, une compl\u00e9mentation intelligente. Notre corps est capable de miracles quand on lui en donne les moyens.<\/p>\n\n\n\n<p>\u2022 Nous \u00e9voluons depuis des mois dans un climat anxiog\u00e8ne qui ne laisse que tr\u00e8s peu de place au rire, et \u00e0 tout ce qui donne sa couleur \u00e0 la vie ! Cessez d\u2019avoir peur, la seule chose dont il faut avoir peur, c\u2019est la peur&nbsp;! Plut\u00f4t que d\u2019y c\u00e9der cultivez la bonne humeur, partagez des blagues avec vos amis, riez. Chaque fois que vous riez, vous \u00eates libre et vous booster votre syst\u00e8me immunitaire.<\/p>\n\n\n\n<p>Il ne s\u2019agit pas de vivre dans une totale insouciance mais d\u2019avoir un regard lucide sur l\u2019actualit\u00e9 sanitaire, et de chercher les informations ailleurs.<\/p>\n\n\n\n<p><a>\u2022 <\/a>Restez en contact avec votre pouvoir int\u00e9rieur a toujours \u00e9t\u00e9 important, mais actuellement bien plus que jamais. La situation r\u00e9v\u00e8le des \u00e9motions qu\u2019il s\u2019agit de lib\u00e9rer pour retrouver les \u00e9nergies qui permettent d\u2019avancer. Utilisez vos outils pr\u00e9f\u00e9r\u00e9s pour retrouver la bienveillance, la gratitude, l\u2019amour, la joie qui vous rapprochent de qui vous \u00eates vraiment. Pour moi, c\u2019est principalement EFT, m\u00e9ditation, syntonisation, Psio, Healy, respiration 4-4, coh\u00e9rence cardiaque \u2026 mais le principal est d\u2019utiliser ce avec quoi vous \u00eates le plus en accord.<\/p>\n\n\n\n<p>\u2022 Aimez, prenez ceux que vous aimez dans les bras. Savez-vous qu\u2019un c\u00e2lin booste le syst\u00e8me immunitaire durant plusieurs heures ? Quelqu\u2019un a-t-il demand\u00e9 aux personnes en maison de retraite s\u2019ils voulaient vivre dans la solitude encore quelques mois peut-\u00eatre ou prendre un risque en voyant leurs petits enfants ? N\u2019est-ce pas de leur vie qu\u2019il s\u2019agit ? Ne serait-ce pas \u00e0 eux de d\u00e9cider ?<\/p>\n\n\n\n<p>\u2022 Ressentez bienveillance et compassion pour ceux qui sont encore dans l\u2019illusion d\u2019un syst\u00e8me qui leur apporte la s\u00e9curit\u00e9 et qui sont convaincus que de cesser de vivre va les emp\u00eacher de mourir.<\/p>\n\n\n\n<p>\u2022 Faites le deuil de vos illusions et observez que derri\u00e8re tout \u00e7a il y a une \u00e9norme opportunit\u00e9 d\u2019\u00e9volution pour l\u2019humain et pour la plan\u00e8te.<\/p>\n\n\n\n<p>\u2022 Ayez confiance, parce que malgr\u00e9 les apparences, un r\u00e9veil collectif est en cours que rien ne pourra stopper, une nouvelle humanit\u00e9 plus consciente est en train d\u2019\u00e9merger. L\u2019Univers veut le meilleur pour vous, n\u2019en doutez jamais. R\u00e9sistez aux \u00e9nergies n\u00e9gatives et gardez le sourire.<\/p>\n\n\n\n<p>\u2022 Demandez de l\u2019aide si vous vous sentez d\u00e9pass\u00e9. Adressez vous \u00e0 des amis si votre famille ne peut pas vous aider, ne comprend pas ce que vous ressentez. Il y a beaucoup de familles divis\u00e9es en ce moment, les uns ayant un avis et les autres un autre. Il y a les pro masques et anti masques, les pro chloroquine et anti chloroquine, les pro tests et anti tests, \u2026 Ca arrange bien les dirigeants. N\u2019avez-vous jamais entendu \u00ab&nbsp;diviser pour mieux r\u00e9gner&nbsp;\u00bb&nbsp;? Dans ces conditions, il est difficile d\u2019\u00eatre soutenu, il est alors n\u00e9cessaire de s\u2019adresser \u00e0 des professionnels pour nous aider \u00e0 comprendre ce qu\u2019on vit, et \u00e0 gu\u00e9rir des croyances et des blessures afin de se sentir mieux.<\/p>\n\n\n\n<p>De nombreux professionnels qui comprennent parfaitement la situation se mettent \u00e0 notre disposition pour avancer et pr\u00e9parer l&rsquo;apr\u00e8s-guerre. Car apr\u00e8s cette guerre contre les peuples, toutes les bonnes volont\u00e9s et toutes les consciences seront bien n\u00e9cessaire pour accompagner ceux qui se r\u00e9veilleront de leur cauchemar et de leurs traumatismes.<\/p>\n\n\n\n<p>Je vous recommande par exemple les syntonisations de Jean-Jacques Cr\u00e9vecoeur qui ont lieu chaque mercredi et samedi \u00e0 20 heures. Pour y participer, il suffit de s\u2019inscrire sur <a href=\"https:\/\/formations.emergences.net\/\">https:\/\/formations.emergences.net\/<\/a><\/p>\n\n\n\n<p>Apr\u00e8s, il vous suffira de vous rendre sur la page les jours dits avec votre identifiant et mot de passe, et de cliquer sur l\u2019onglet \u00ab&nbsp;syntonisation&nbsp;\u00bb pour trouver la syntonisation du jour pour \u00e9lever les consciences et \u00e9nergies pour un nouveau futur auquel nous aspirons.<\/p>\n\n\n\n<p>St\u00e9phanie Fabijenna propose, cette nuit un soin gratuit&nbsp;: <a href=\"https:\/\/www.facebook.com\/permalink.php?story_fbid=164052672028470&amp;id=111108933989511\">https:\/\/www.facebook.com\/permalink.php?story_fbid=164052672028470&amp;id=111108933989511<\/a><\/p>\n\n\n\n<p>Je vous souhaite de prendre les d\u00e9cisions qui vous permettront de r\u00e9aliser toutes vos intentions et vos r\u00eaves pour que la Paix, la Joie, la Sant\u00e9, l\u2019Amour et la Prosp\u00e9rit\u00e9 soient avec vous en tout temps.<\/p>\n\n\n\n<p>Mabelle<\/p>\n","protected":false},"excerpt":{"rendered":"<p>Vous tenez toujours le coup dans ce monde de fous ? Vous n\u2019\u00eates pas d\u00e9sesp\u00e9r\u00e9s de voir que la plupart des gens portent docilement le masque comme le portaient les esclaves&nbsp;? Vous n\u2019\u00eates pas d\u00e9prim\u00e9s par toutes ces r\u00e8gles plus absurdes les unes que les autres et la perspective d\u2019un reconfinement total pour No\u00ebl dont &hellip; <a href=\"http:\/\/etresoi-e.com\/blog\/crise-sanitaire-ou-en-sommes-nous\/\" class=\"more-link\">Continuer la lecture de <span class=\"screen-reader-text\">Crise sanitaire, o\u00f9 en sommes nous ?<\/span>  <span class=\"meta-nav\">&rarr;<\/span><\/a><\/p>\n","protected":false},"author":3,"featured_media":0,"comment_status":"open","ping_status":"open","sticky":false,"template":"","format":"standard","meta":{"_monsterinsights_skip_tracking":false,"_monsterinsights_sitenote_active":false,"_monsterinsights_sitenote_note":"","_monsterinsights_sitenote_category":0,"footnotes":""},"categories":[114],"tags":[],"class_list":["post-3676","post","type-post","status-publish","format-standard","hentry","category-actualites"],"aioseo_notices":[],"_links":{"self":[{"href":"http:\/\/etresoi-e.com\/blog\/wp-json\/wp\/v2\/posts\/3676","targetHints":{"allow":["GET"]}}],"collection":[{"href":"http:\/\/etresoi-e.com\/blog\/wp-json\/wp\/v2\/posts"}],"about":[{"href":"http:\/\/etresoi-e.com\/blog\/wp-json\/wp\/v2\/types\/post"}],"author":[{"embeddable":true,"href":"http:\/\/etresoi-e.com\/blog\/wp-json\/wp\/v2\/users\/3"}],"replies":[{"embeddable":true,"href":"http:\/\/etresoi-e.com\/blog\/wp-json\/wp\/v2\/comments?post=3676"}],"version-history":[{"count":2,"href":"http:\/\/etresoi-e.com\/blog\/wp-json\/wp\/v2\/posts\/3676\/revisions"}],"predecessor-version":[{"id":3692,"href":"http:\/\/etresoi-e.com\/blog\/wp-json\/wp\/v2\/posts\/3676\/revisions\/3692"}],"wp:attachment":[{"href":"http:\/\/etresoi-e.com\/blog\/wp-json\/wp\/v2\/media?parent=3676"}],"wp:term":[{"taxonomy":"category","embeddable":true,"href":"http:\/\/etresoi-e.com\/blog\/wp-json\/wp\/v2\/categories?post=3676"},{"taxonomy":"post_tag","embeddable":true,"href":"http:\/\/etresoi-e.com\/blog\/wp-json\/wp\/v2\/tags?post=3676"}],"curies":[{"name":"wp","href":"https:\/\/api.w.org\/{rel}","templated":true}]}}