{"id":3907,"date":"2021-03-13T05:15:00","date_gmt":"2021-03-13T04:15:00","guid":{"rendered":"http:\/\/etresoi-e.com\/blog\/?p=3907"},"modified":"2021-02-28T21:23:12","modified_gmt":"2021-02-28T20:23:12","slug":"ce-matin-la-je-me-suis-parle","status":"publish","type":"post","link":"http:\/\/etresoi-e.com\/blog\/ce-matin-la-je-me-suis-parle\/","title":{"rendered":"Ce matin l\u00e0 je me suis parl\u00e9"},"content":{"rendered":"\n<p class=\"has-text-align-center\">Moi aussi&#8230; tu sais il m&rsquo;est arriv\u00e9 un beau matin de devoir repenser ma vie&#8230;<\/p>\n\n\n\n<p class=\"has-text-align-center\">J&rsquo;en avais gaspill\u00e9 plus de la moiti\u00e9 dans l&rsquo;oubli \u00e0 ne penser qu&rsquo;aux autres&#8230; \u00ab\u00a0<\/p>\n\n\n\n<p class=\"has-text-align-center\">Tout comme toi&#8230; peut-\u00eatre&#8230;<\/p>\n\n\n\n<p class=\"has-text-align-center\">Ce ne fut pas facile au d\u00e9but de revoir ces images de ma vie en lambeaux mais je voulais les regarder&#8230;<\/p>\n\n\n\n<p class=\"has-text-align-center\">J&rsquo;avais laiss\u00e9 tellement de gens jouer avec mon c\u0153ur, tellement de gens d\u00e9truire mon \u00e2me et me blesser<\/p>\n\n\n\n<p class=\"has-text-align-center\">J&rsquo;avais du regret pour le mal que je me suis laiss\u00e9 faire par eux et&#8230;<\/p>\n\n\n\n<p class=\"has-text-align-center\">Ce matin-l\u00e0 j&rsquo;ai beaucoup pleur\u00e9 et j\u2019ai os\u00e9 pour la premi\u00e8re fois me regarder et m&rsquo;\u00e9couter<\/p>\n\n\n\n<p class=\"has-text-align-center\">J&rsquo;ai vu alors la femme que j&rsquo;\u00e9tais vraiment et je me suis pardonn\u00e9e<\/p>\n\n\n\n<p class=\"has-text-align-center\">Pardonn\u00e9e de m&rsquo;\u00eatre oubli\u00e9e<\/p>\n\n\n\n<p class=\"has-text-align-center\">Toute ma vie je me suis sentie fragile et d\u00e9munie, c&rsquo;est pour \u00e7a d&rsquo;ailleurs que j&rsquo;\u00e9cris<\/p>\n\n\n\n<p class=\"has-text-align-center\">Je suis une r\u00eaveuse, une solitaire, une petite femme \u00e9ph\u00e9m\u00e8re avec un c\u0153ur grand comme l&rsquo;oc\u00e9an, qui a aim\u00e9 jusqu&rsquo;au bout de son sang<\/p>\n\n\n\n<p class=\"has-text-align-center\">Il y a toujours des larmes dans mes yeux<\/p>\n\n\n\n<p class=\"has-text-align-center\">\u00c7a c&rsquo;est pour toutes les fois o\u00f9 je n&rsquo;ai pas voulu baisser les armes<\/p>\n\n\n\n<p class=\"has-text-align-center\">J&rsquo;aurais pourtant d\u00fb comprendre bien avant qu&rsquo;entre deux pays il y a un oc\u00e9an<\/p>\n\n\n\n<p class=\"has-text-align-center\">J&rsquo;ai pass\u00e9 plus de la moiti\u00e9 de ma vie dans le r\u00eave maintenant je n&rsquo;ai plus besoin d&rsquo;anesth\u00e9sie, je veux vraiment parler \u00e0 la femme que je suis<\/p>\n\n\n\n<p class=\"has-text-align-center\">Ce matin-l\u00e0 j&rsquo;ai effac\u00e9 de ma vie tous les souvenirs amers&#8230;<\/p>\n\n\n\n<p class=\"has-text-align-center\">les mauvais r\u00eaves&#8230;<\/p>\n\n\n\n<p class=\"has-text-align-center\">et tout ce qui m&rsquo;avait fait souffrir&#8230;<\/p>\n\n\n\n<p class=\"has-text-align-center\">Je n&rsquo;ai gard\u00e9 que le merveilleux&#8230;<\/p>\n\n\n\n<p class=\"has-text-align-center\">et c&rsquo;est l\u00e0&#8230; que les larmes&#8230;<\/p>\n\n\n\n<p class=\"has-text-align-center\">sont revenues dans mes yeux&#8230; \u00a0\u00bb<\/p>\n\n\n\n<p class=\"has-text-align-center\">L\u00e0, j&rsquo;ai souri&#8230; et j&rsquo;ai compris&#8230;<\/p>\n\n\n\n<p class=\"has-text-align-center\">que je ne serais plus jamais seule&#8230;<\/p>\n\n\n\n<p class=\"has-text-align-center\">pour pleurer&#8230;<\/p>\n\n\n\n<p class=\"has-text-align-center\">Je venais \u00e0 peine de me rencontrer&#8230; \u00ab\u00a0<\/p>\n\n\n\n<p class=\"has-text-align-center\">Claire De La Chevroti\u00e8re<\/p>\n","protected":false},"excerpt":{"rendered":"<p>Moi aussi&#8230; tu sais il m&rsquo;est arriv\u00e9 un beau matin de devoir repenser ma vie&#8230; J&rsquo;en avais gaspill\u00e9 plus de la moiti\u00e9 dans l&rsquo;oubli \u00e0 ne penser qu&rsquo;aux autres&#8230; \u00ab\u00a0 Tout comme toi&#8230; peut-\u00eatre&#8230; Ce ne fut pas facile au d\u00e9but de revoir ces images de ma vie en lambeaux mais je voulais les regarder&#8230; &hellip; <a href=\"http:\/\/etresoi-e.com\/blog\/ce-matin-la-je-me-suis-parle\/\" class=\"more-link\">Continuer la lecture de <span class=\"screen-reader-text\">Ce matin l\u00e0 je me suis parl\u00e9<\/span>  <span class=\"meta-nav\">&rarr;<\/span><\/a><\/p>\n","protected":false},"author":3,"featured_media":0,"comment_status":"open","ping_status":"open","sticky":false,"template":"","format":"standard","meta":{"_monsterinsights_skip_tracking":false,"_monsterinsights_sitenote_active":false,"_monsterinsights_sitenote_note":"","_monsterinsights_sitenote_category":0,"footnotes":""},"categories":[100],"tags":[],"class_list":["post-3907","post","type-post","status-publish","format-standard","hentry","category-textes-a-mediter"],"aioseo_notices":[],"_links":{"self":[{"href":"http:\/\/etresoi-e.com\/blog\/wp-json\/wp\/v2\/posts\/3907","targetHints":{"allow":["GET"]}}],"collection":[{"href":"http:\/\/etresoi-e.com\/blog\/wp-json\/wp\/v2\/posts"}],"about":[{"href":"http:\/\/etresoi-e.com\/blog\/wp-json\/wp\/v2\/types\/post"}],"author":[{"embeddable":true,"href":"http:\/\/etresoi-e.com\/blog\/wp-json\/wp\/v2\/users\/3"}],"replies":[{"embeddable":true,"href":"http:\/\/etresoi-e.com\/blog\/wp-json\/wp\/v2\/comments?post=3907"}],"version-history":[{"count":1,"href":"http:\/\/etresoi-e.com\/blog\/wp-json\/wp\/v2\/posts\/3907\/revisions"}],"predecessor-version":[{"id":3908,"href":"http:\/\/etresoi-e.com\/blog\/wp-json\/wp\/v2\/posts\/3907\/revisions\/3908"}],"wp:attachment":[{"href":"http:\/\/etresoi-e.com\/blog\/wp-json\/wp\/v2\/media?parent=3907"}],"wp:term":[{"taxonomy":"category","embeddable":true,"href":"http:\/\/etresoi-e.com\/blog\/wp-json\/wp\/v2\/categories?post=3907"},{"taxonomy":"post_tag","embeddable":true,"href":"http:\/\/etresoi-e.com\/blog\/wp-json\/wp\/v2\/tags?post=3907"}],"curies":[{"name":"wp","href":"https:\/\/api.w.org\/{rel}","templated":true}]}}