{"id":3930,"date":"2021-03-06T05:54:00","date_gmt":"2021-03-06T04:54:00","guid":{"rendered":"http:\/\/etresoi-e.com\/blog\/?p=3930"},"modified":"2021-03-02T11:14:10","modified_gmt":"2021-03-02T10:14:10","slug":"le-grand-reset","status":"publish","type":"post","link":"http:\/\/etresoi-e.com\/blog\/le-grand-reset\/","title":{"rendered":"Le grand reset"},"content":{"rendered":"\n<p class=\"has-text-align-center\">Bonjour, vous allez bien ? <\/p>\n\n\n\n<p class=\"has-text-align-center\">Philippe Herlin est Docteur en \u00e9conomie du Conservatoire national des arts et m\u00e9tiers (CNAM), sp\u00e9cialiste des cryptomonnaies et essayiste.<\/p>\n\n\n\n<p class=\"has-text-align-center\">Intrigu\u00e9 par le livre \u00ab Covid-19 : The Great Reset \u00bb co\u00e9crit par Klaus Schwab \u2013 le fondateur du Forum de Davos \u2013 et Thierry Malleret \u2013 un consultant et ancien collaborateur de Michel Rocard \u2013 paru l\u2019\u00e9t\u00e9 dernier, Philippe Herlin a d\u00e9cid\u00e9 de d\u00e9cortiquer cet ouvrage.<\/p>\n\n\n\n<p class=\"has-text-align-center\">Une lecture qui lui a inspir\u00e9 un commentaire de quelques pages dans lequel M. Herlin s\u2019efforce de d\u00e9crypter l\u2019id\u00e9ologie port\u00e9e par K. Schwab et T. Malleret.<\/p>\n\n\n\n<p class=\"has-text-align-center\">Selon l\u2019\u00e9conomiste, les auteurs du Great Reset entendent notamment profiter des bouleversements induits par la crise sanitaire pour promouvoir un projet \u00ab \u00e9tatiste et socialiste \u00bb qui s\u2019appuie sur la surveillance g\u00e9n\u00e9ralis\u00e9e des populations, l\u2019\u00e9conomie verte et le capitalisme de connivence.<\/p>\n\n\n\n<p class=\"has-text-align-center\">Quels sont les v\u00e9ritables enjeux du Grand Reset ? Quelle est l\u2019attitude de nos dirigeants vis-\u00e0-vis du projet port\u00e9 par Klaus Schwab et Thierry Malleret ?<\/p>\n\n\n\n<p class=\"has-text-align-center\">Esprits de Libert\u00e9 a rencontr\u00e9 Philippe Herlin pour r\u00e9pondre \u00e0 ces questions.<\/p>\n\n\n\n<p class=\"has-text-align-center\"><a href=\"https:\/\/odysee.com\/@samo42:e\/grand-reset-on-assiste-a-un-transfert-de-richesses-qui-est-voulu-par-ceux-qui-nous-dirigent:5\">https:\/\/odysee.com\/@samo42:e\/grand-reset-on-assiste-a-un-transfert-de-richesses-qui-est-voulu-par-ceux-qui-nous-dirigent:5<\/a><\/p>\n\n\n\n<p class=\"has-text-align-center\">Je ne pense pas que le livre de Schwab soit publi\u00e9 en fran\u00e7ais, mais Reset de Marc Touati explique ce qu&rsquo;est cette fameuse r\u00e9initialisation voulue par le forum \u00e9conomique mondial.<br>La pand\u00e9mie de Coronavirus constitue un choc \u00e9quivalent \u00e0 celui du krach de 1929, et la crise des ann\u00e9es 30 qui a suivi. Un choc qui leur permettrait de modifier compl\u00e8tement notre soci\u00e9t\u00e9. <br>Quel sera donc le nouveau monde de demain ? R\u00e9ponses dans ce livre&#8230;<\/p>\n\n\n\n<p class=\"has-text-align-center\"><a href=\"https:\/\/amzn.to\/3e0Uxqn\">https:\/\/amzn.to\/3e0Uxqn<\/a><\/p>\n\n\n\n<p class=\"has-text-align-center\">Conscient des objectifs poursuivis, prenez soin de vous <\/p>\n\n\n\n<p class=\"has-text-align-center\"><em>Mabelle <\/em><\/p>\n","protected":false},"excerpt":{"rendered":"<p>Bonjour, vous allez bien ? Philippe Herlin est Docteur en \u00e9conomie du Conservatoire national des arts et m\u00e9tiers (CNAM), sp\u00e9cialiste des cryptomonnaies et essayiste. Intrigu\u00e9 par le livre \u00ab Covid-19 : The Great Reset \u00bb co\u00e9crit par Klaus Schwab \u2013 le fondateur du Forum de Davos \u2013 et Thierry Malleret \u2013 un consultant et ancien &hellip; <a href=\"http:\/\/etresoi-e.com\/blog\/le-grand-reset\/\" class=\"more-link\">Continuer la lecture de <span class=\"screen-reader-text\">Le grand reset<\/span>  <span class=\"meta-nav\">&rarr;<\/span><\/a><\/p>\n","protected":false},"author":3,"featured_media":0,"comment_status":"open","ping_status":"open","sticky":false,"template":"","format":"standard","meta":{"_monsterinsights_skip_tracking":false,"_monsterinsights_sitenote_active":false,"_monsterinsights_sitenote_note":"","_monsterinsights_sitenote_category":0,"footnotes":""},"categories":[114],"tags":[542,545,544,543],"class_list":["post-3930","post","type-post","status-publish","format-standard","hentry","category-actualites","tag-economie","tag-forum-economique-mondial","tag-reinitialisation-du-monde","tag-reset"],"aioseo_notices":[],"_links":{"self":[{"href":"http:\/\/etresoi-e.com\/blog\/wp-json\/wp\/v2\/posts\/3930","targetHints":{"allow":["GET"]}}],"collection":[{"href":"http:\/\/etresoi-e.com\/blog\/wp-json\/wp\/v2\/posts"}],"about":[{"href":"http:\/\/etresoi-e.com\/blog\/wp-json\/wp\/v2\/types\/post"}],"author":[{"embeddable":true,"href":"http:\/\/etresoi-e.com\/blog\/wp-json\/wp\/v2\/users\/3"}],"replies":[{"embeddable":true,"href":"http:\/\/etresoi-e.com\/blog\/wp-json\/wp\/v2\/comments?post=3930"}],"version-history":[{"count":1,"href":"http:\/\/etresoi-e.com\/blog\/wp-json\/wp\/v2\/posts\/3930\/revisions"}],"predecessor-version":[{"id":3931,"href":"http:\/\/etresoi-e.com\/blog\/wp-json\/wp\/v2\/posts\/3930\/revisions\/3931"}],"wp:attachment":[{"href":"http:\/\/etresoi-e.com\/blog\/wp-json\/wp\/v2\/media?parent=3930"}],"wp:term":[{"taxonomy":"category","embeddable":true,"href":"http:\/\/etresoi-e.com\/blog\/wp-json\/wp\/v2\/categories?post=3930"},{"taxonomy":"post_tag","embeddable":true,"href":"http:\/\/etresoi-e.com\/blog\/wp-json\/wp\/v2\/tags?post=3930"}],"curies":[{"name":"wp","href":"https:\/\/api.w.org\/{rel}","templated":true}]}}