{"id":4674,"date":"2021-12-09T05:57:00","date_gmt":"2021-12-09T04:57:00","guid":{"rendered":"http:\/\/etresoi-e.com\/blog\/?p=4674"},"modified":"2021-10-24T17:11:18","modified_gmt":"2021-10-24T16:11:18","slug":"changer-2","status":"publish","type":"post","link":"http:\/\/etresoi-e.com\/blog\/changer-2\/","title":{"rendered":"Changer"},"content":{"rendered":"\n<p class=\"has-text-align-center\">\u2014 Es-tu pr\u00eat \u00e0 changer de vie ?<\/p>\n\n\n\n<p class=\"has-text-align-center\">\u2014 Changer de vie ?<\/p>\n\n\n\n<p class=\"has-text-align-center\">\u2014 Oui, changer de mode de vie !<\/p>\n\n\n\n<p class=\"has-text-align-center\">\u2014 Comment pourrais-je savoir si je suis pr\u00eat, alors que je ne connais pas cette \u00ab nouvelle vie \u00bb dont tu parles ?<\/p>\n\n\n\n<p class=\"has-text-align-center\">\u2014 Oui, c\u2019est vrai. Mais es-tu pr\u00eat \u00e0 accueillir le fait de changer de mode de vie ?<\/p>\n\n\n\n<p class=\"has-text-align-center\">\u2014 Eh bien, je suis pr\u00eat \u00e0 accueillir ce qui est, car j\u2019ai la FOI absolue.<\/p>\n\n\n\n<p class=\"has-text-align-center\">\u2014 As-tu vraiment la FOI absolue ?<\/p>\n\n\n\n<p class=\"has-text-align-center\">\u2014 Je pense que oui. J\u2019ai la FOI en un plan Divin, quelque chose de bien plus grand que moi. Ce que je nomme plus grand que moi est aussi une part de moi, plus grande, que je connais, mais qui d\u00e9passe ma volont\u00e9 personnelle.<\/p>\n\n\n\n<p class=\"has-text-align-center\">\u2014 Tu as donc bien saisi le sens de cela. Bien. La volont\u00e9 de la personnalit\u00e9 humaine souhaite rester dans son confort, ses s\u00e9curit\u00e9s, ce qui est connu, dans ce qu\u2019elle contr\u00f4le, et ce, sans effort. Mais au-del\u00e0 de la personnalit\u00e9, il y a la volont\u00e9 de l\u2019essence Divine, qui est aussi en chacun. Ainsi, es-tu vraiment pr\u00eat \u00e0 changer de vie ?<\/p>\n\n\n\n<p class=\"has-text-align-center\">\u2014 Et bien si cela est la volont\u00e9 de ce qui doit \u00eatre, que cela soit. J\u2019ai la FOI en ce qui est, en ce qui doit \u00eatre, et en ce qui sera.Car en v\u00e9rit\u00e9, la v\u00e9rit\u00e9 EST, et la v\u00e9rit\u00e9 SERA.<\/p>\n\n\n\n<p class=\"has-text-align-center\">\u2014 Et bien que cela soit ainsi, puisque tu l\u2019acceptes. Et donc, acceptes-tu qu\u2019une part de toi puisse mourir ?<\/p>\n\n\n\n<p class=\"has-text-align-center\">\u2014 Oui, ce qui doit mourir laisse ainsi la place \u00e0 ce qui doit na\u00eetre, ou (re) na\u00eetre. Rien ne peut (re) na\u00eetre sans que quelque chose ne meure. J\u2019ai la FOI absolue en ce qui doit mourir, comme en ce qui doit (re) na\u00eetre. M\u00eame si cela implique un nouveau mode de vie, dont je n\u2019ai aucune connaissance, ni aucun contr\u00f4le d\u2019ailleurs. La seule chose que je peux assumer, c\u2019est le choix de nourrir ce qui est, ou pas, et le choix aussi de nourrir les \u00e9motions, intentions, pens\u00e9es et paroles que ce mode de vie m\u2019invitera \u00e0 vivre, quel qu\u2019il soit. J\u2019ai aussi le choix du regard que je porte sur cette autre fa\u00e7on de vivre, et la conscience de savoir depuis quel endroit int\u00e9rieur de moi je regarde cela.<\/p>\n\n\n\n<figure class=\"wp-block-image\"><img decoding=\"async\" src=\"https:\/\/scontent.fbru5-1.fna.fbcdn.net\/v\/t39.30808-6\/248817515_1294111674360762_3983887163808684030_n.jpg?_nc_cat=111&amp;ccb=1-5&amp;_nc_sid=825194&amp;_nc_ohc=Pyx0bERXW7sAX9OiXz7&amp;_nc_ht=scontent.fbru5-1.fna&amp;oh=ce13363f7f596eb38a1ce501505fab5a&amp;oe=617ADD9C\" alt=\"Peut \u00eatre une illustration de plein air\"\/><\/figure>\n\n\n\n<p class=\"has-text-align-center\">\u2014 Oui, c\u2019est bien cela.<\/p>\n\n\n\n<p class=\"has-text-align-center\">\u2014 Le pr\u00e9sent est \u00e0 vivre, et nous avons le choix de le vivre avec amour, ou avec peur.<\/p>\n\n\n\n<p class=\"has-text-align-center\">\u2014 Et cela est vrai aussi. Il est bon de se rappeler que la peur ne veut pas dire \u00ab NON \u00bb. Et ainsi, es-tu pr\u00eat \u00e0 accueillir un nouveau mode de vie ?<\/p>\n\n\n\n<p class=\"has-text-align-center\">\u2014 Et bien, cela fait partie du voyage, du chemin. Je me d\u00e9die au service de la vie, de la v\u00e9rit\u00e9, et du chemin. Il est \u00e9crit, et inscrit depuis l\u2019\u00e9ternit\u00e9, et au-del\u00e0 de la volont\u00e9 personnelle. Et en ce sens, je suis pr\u00eat \u00e0 m\u2019en remettre \u00e0 ce qui doit \u00eatre, dans l\u2019absolue FOI.<\/p>\n\n\n\n<p class=\"has-text-align-center\">\u2014 Voil\u00e0 une v\u00e9rit\u00e9 que chacun devrait entendre et vivre.Et donc, comment vois-tu cette nouvelle vie ?<\/p>\n\n\n\n<p class=\"has-text-align-center\">\u2014 Je ne puis voir ce que je ne connais pas encore. <\/p>\n\n\n\n<p class=\"has-text-align-center\">\u2014 Mais peux-tu l\u2019imaginer ?<\/p>\n\n\n\n<p class=\"has-text-align-center\">\u2014Je peux juste l\u2019imaginer oui, mais si je l\u2019imagine, cela veut dire que je pourrais projeter quelque chose de beau, de sublime, de vrai, d\u2019authentique, de magique, de l\u2019amour absolu.<\/p>\n\n\n\n<p class=\"has-text-align-center\">\u2014 Oui, c\u2019est cela, tout comme chaque \u00eatre humain pourrait y projeter ses peurs aussi, ainsi que les \u00e9motions, les pens\u00e9es et les paroles qui vont de pair avec les peurs.<\/p>\n\n\n\n<p class=\"has-text-align-center\">\u2014 Oui, \u00e9videmment, chaque \u00eatre humain a int\u00e9rieurement la maitrise, la sagesse absolue, pour maitriser et contr\u00f4ler ses peurs. Chaque \u00eatre humain peut donc manifester une r\u00e9alit\u00e9, en fonction de sa v\u00e9rit\u00e9 int\u00e9rieure, au-del\u00e0 m\u00eame de ses peurs. Et s\u2019il a la FOI absolue et qu\u2019il a touch\u00e9 l\u2019Amour absolu, alors, sa manifestation sera le reflet de l\u2019\u00e9nergie de son int\u00e9rieur.<\/p>\n\n\n\n<p class=\"has-text-align-center\">\u2014 Voil\u00e0 un grand enseignement. Mais qui enseigne \u00e0 qui ? Cela se passe de toi \u00e0 moi, de nous \u00e0 nous, de la vie a toi, de toi \u00e0 la vie, de moi \u00e0 la vie, et de la vie \u00e0 moi. <\/p>\n\n\n\n<p class=\"has-text-align-center\">\u2014 Voil\u00e0 qui est sage. Mais qui a pos\u00e9 des questions ? Et qui a eu des r\u00e9ponses ?<\/p>\n\n\n\n<p class=\"has-text-align-center\">\u2014 Nous sommes la question, autant que nous sommes la r\u00e9ponse.<\/p>\n\n\n\n<p class=\"has-text-align-center\">\u2014 \u00c9videmment !<\/p>\n\n\n\n<p class=\"has-text-align-center\">\u2014 Nous sommes notre propre chemin, tout comme nous en sommes la destination.C\u2019est encore une \u00e9vidence.<\/p>\n\n\n\n<p class=\"has-text-align-center\">\u2014 Maintenant, sachant cela, es-tu pr\u00eat \u00e0 perdre ce qui pourrait arriver ?<\/p>\n\n\n\n<p class=\"has-text-align-center\">\u2014 Comment pourrais-je \u00eatre pr\u00eat \u00e0 perdre ce que je ne connais pas encore ?<\/p>\n\n\n\n<p class=\"has-text-align-center\">\u2014 Perdre cette nouvelle vie qui t\u2019attend !<\/p>\n\n\n\n<p class=\"has-text-align-center\">\u2014 Puisque je ne la connais pas encore, cela veut dire aussi que je ne la poss\u00e8de pas, ni que je l\u2019ai d\u2019une fa\u00e7on absolue, ni que cela est permanent, acquis. Ainsi, comment pourrais-je perdre ce que je ne poss\u00e8de pas ?<\/p>\n\n\n\n<p class=\"has-text-align-center\">\u2014 Oui, c\u2019est bien cela, il est bon de comprendre que rien n\u2019est acquisition, ni possession d\u00e9finitive. Rien n\u2019appartient \u00e0 rien, c\u2019est le cycle impermanent de la vie.<\/p>\n\n\n\n<p class=\"has-text-align-center\">\u2014 Oui, il en est ainsi. Et quoi qu\u2019il puisse se produire, il est bon d\u2019aimer d\u2019un amour absolu ce qui est, ce qui doit \u00eatre, et ce qui sera.<\/p>\n\n\n\n<p class=\"has-text-align-center\">\u2014 Cela est une \u00e9vidence. Et sachant cela, l\u2019\u00eatre humain doit comprendre que tout ce qu\u2019il croit poss\u00e9der le poss\u00e8de en v\u00e9rit\u00e9. <\/p>\n\n\n\n<p class=\"has-text-align-center\">\u2014 Il en est ainsi.<\/p>\n\n\n\n<p class=\"has-text-align-center\">\u2014 Et bien, ainsi, je peux accueillir ce qui est, et ce qui sera, puisque mon pouvoir absolu est l\u2019amour absolu. Ainsi, rien n\u2019est attach\u00e9 ni attachant. Rien n\u2019est attendu, ni en attente ni en d\u00e9pendance.<\/p>\n\n\n\n<p class=\"has-text-align-center\">\u2014 Alors, l\u2019enseignement est acquis. Tu le sais, tu le comprends, tu l\u2019int\u00e8gres, et donc, tu peux pleinement l\u2019incarner dans ta vie.<\/p>\n\n\n\n<p class=\"has-text-align-center\">\u2014 Oui, cela est<\/p>\n\n\n\n<p class=\"has-text-align-center\"> \u2014 Alors, es-tu pr\u00eat ?<\/p>\n\n\n\n<p class=\"has-text-align-center\">\u2014 Je l\u2019ai toujours \u00e9t\u00e9. <\/p>\n\n\n\n<p class=\"has-text-align-center\">\u2014 Ainsi, la (re) naissance peut se vivre, sur le chemin, dans la v\u00e9rit\u00e9, et selon le d\u00e9roulement de la vie, avec l\u2019amour et la FOI absolue. <\/p>\n\n\n\n<p class=\"has-text-align-center\">Cet enseignement ne vous demande pas de commenter pour dire l\u00e0 o\u00f9 vous en \u00eates, ou si vous \u00eates sur le \u00ab\u00a0bon chemin\u00a0\u00bb ( car en v\u00e9rit\u00e9, il n&rsquo;y a pas de mauvais chemin), ou encore si vous \u00eates pr\u00eat. . Ceci vous invite juste \u00e0 savoir si vous avez compris cet enseignement, dans une v\u00e9ritable profondeur, et non en surface, et si vous pouvez l&rsquo;int\u00e9grer, et l&rsquo;incarner pleinement dans votre vie.<\/p>\n\n\n\n<p class=\"has-text-align-center\">Conrad<\/p>\n","protected":false},"excerpt":{"rendered":"<p>\u2014 Es-tu pr\u00eat \u00e0 changer de vie ? \u2014 Changer de vie ? \u2014 Oui, changer de mode de vie ! \u2014 Comment pourrais-je savoir si je suis pr\u00eat, alors que je ne connais pas cette \u00ab nouvelle vie \u00bb dont tu parles ? \u2014 Oui, c\u2019est vrai. Mais es-tu pr\u00eat \u00e0 accueillir le fait &hellip; <a href=\"http:\/\/etresoi-e.com\/blog\/changer-2\/\" class=\"more-link\">Continuer la lecture de <span class=\"screen-reader-text\">Changer<\/span>  <span class=\"meta-nav\">&rarr;<\/span><\/a><\/p>\n","protected":false},"author":3,"featured_media":0,"comment_status":"open","ping_status":"open","sticky":false,"template":"","format":"standard","meta":{"_monsterinsights_skip_tracking":false,"_monsterinsights_sitenote_active":false,"_monsterinsights_sitenote_note":"","_monsterinsights_sitenote_category":0,"footnotes":""},"categories":[100],"tags":[],"class_list":["post-4674","post","type-post","status-publish","format-standard","hentry","category-textes-a-mediter"],"aioseo_notices":[],"_links":{"self":[{"href":"http:\/\/etresoi-e.com\/blog\/wp-json\/wp\/v2\/posts\/4674","targetHints":{"allow":["GET"]}}],"collection":[{"href":"http:\/\/etresoi-e.com\/blog\/wp-json\/wp\/v2\/posts"}],"about":[{"href":"http:\/\/etresoi-e.com\/blog\/wp-json\/wp\/v2\/types\/post"}],"author":[{"embeddable":true,"href":"http:\/\/etresoi-e.com\/blog\/wp-json\/wp\/v2\/users\/3"}],"replies":[{"embeddable":true,"href":"http:\/\/etresoi-e.com\/blog\/wp-json\/wp\/v2\/comments?post=4674"}],"version-history":[{"count":1,"href":"http:\/\/etresoi-e.com\/blog\/wp-json\/wp\/v2\/posts\/4674\/revisions"}],"predecessor-version":[{"id":4675,"href":"http:\/\/etresoi-e.com\/blog\/wp-json\/wp\/v2\/posts\/4674\/revisions\/4675"}],"wp:attachment":[{"href":"http:\/\/etresoi-e.com\/blog\/wp-json\/wp\/v2\/media?parent=4674"}],"wp:term":[{"taxonomy":"category","embeddable":true,"href":"http:\/\/etresoi-e.com\/blog\/wp-json\/wp\/v2\/categories?post=4674"},{"taxonomy":"post_tag","embeddable":true,"href":"http:\/\/etresoi-e.com\/blog\/wp-json\/wp\/v2\/tags?post=4674"}],"curies":[{"name":"wp","href":"https:\/\/api.w.org\/{rel}","templated":true}]}}