{"id":4693,"date":"2021-12-21T05:17:00","date_gmt":"2021-12-21T04:17:00","guid":{"rendered":"http:\/\/etresoi-e.com\/blog\/?p=4693"},"modified":"2021-10-25T15:21:53","modified_gmt":"2021-10-25T14:21:53","slug":"ne-le-prends-pas-personnellement-cest-vibratoire","status":"publish","type":"post","link":"http:\/\/etresoi-e.com\/blog\/ne-le-prends-pas-personnellement-cest-vibratoire\/","title":{"rendered":"Ne le prends pas personnellement, c&rsquo;est vibratoire"},"content":{"rendered":"\n<p class=\"has-text-align-center\">Des gens et des lieux qui ne vibrent plus comme toi. Des sentiments, des fa\u00e7ons de penseret des croyances, des routines, et des structures qui n&rsquo;ont plus la m\u00eame vibration que toi. Les vibrations ne sont ni bonnes ni mauvaises,elles sont juste diff\u00e9rentes.<\/p>\n\n\n\n<p class=\"has-text-align-center\">Lorsque nous cessons de vibrer avec les personnes, les endroits, les situations et les choses qui avant nous faisaient du bien, nous avons tendance \u00e0 nous demander si on serait pas devenu une mauvaise personne. Entre alors l&rsquo;auto-sabotage,nous nous interrogeons sans fin sur le comment du pourquoi \u00e0 ce changement \u00e0 la fois si brutal et si \u00e9vident. <\/p>\n\n\n\n<div class=\"wp-block-image\"><figure class=\"aligncenter\"><img decoding=\"async\" src=\"https:\/\/scontent.fbru5-1.fna.fbcdn.net\/v\/t39.30808-6\/244456572_2630015260478446_6290574615916907472_n.jpg?_nc_cat=106&amp;ccb=1-5&amp;_nc_sid=730e14&amp;_nc_ohc=KxzfcinT_CEAX-n5WL-&amp;_nc_ht=scontent.fbru5-1.fna&amp;oh=443c6b5f5bc65ba0fd72f502f93c3a30&amp;oe=617B6769\" alt=\"Peut \u00eatre une image en noir et blanc de une personne ou plus et oc\u00e9an\"\/><\/figure><\/div>\n\n\n\n<p class=\"has-text-align-center\">\u00c0 quel moment avons nous d\u00e9cid\u00e9 de nous \u00e9loigner ? <\/p>\n\n\n\n<p class=\"has-text-align-center\">Non, la vibration n&rsquo;est pas personnelle.<\/p>\n\n\n\n<p class=\"has-text-align-center\">Simplement, notre \u00e9nergie a chang\u00e9 et, parcons\u00e9quent, elle nous oriente vers de nouveaux endroits, de nouveaux liens, de nouvelles routines, de nouvelles croyances et de nouveaux modes de vie.<\/p>\n\n\n\n<p class=\"has-text-align-center\">Notre \u00e9nergie n&rsquo;est pas meilleure que celle d&rsquo;un autre, elle est simplement diff\u00e9rente et tout naturellement elle recherche des \u00e9nergies connexes.<\/p>\n\n\n\n<p class=\"has-text-align-center\">Ne le prends pas personnellement, c&rsquo;est vibrationnel ! Si tu sens que cela te cause des efforts, ce n&rsquo;est pas le cas. Les vibrations concordantes sont fluides,les vibrations discordantes provoquent des efforts et des r\u00e9ticences et g\u00e9n\u00e8rent de grandes fuites d&rsquo;\u00e9nergie. Les \u00e9nergies associ\u00e9es nous dynamisent.<\/p>\n\n\n\n<p class=\"has-text-align-center\">St\u00e9phanie Guillou<\/p>\n","protected":false},"excerpt":{"rendered":"<p>Des gens et des lieux qui ne vibrent plus comme toi. Des sentiments, des fa\u00e7ons de penseret des croyances, des routines, et des structures qui n&rsquo;ont plus la m\u00eame vibration que toi. Les vibrations ne sont ni bonnes ni mauvaises,elles sont juste diff\u00e9rentes. Lorsque nous cessons de vibrer avec les personnes, les endroits, les situations &hellip; <a href=\"http:\/\/etresoi-e.com\/blog\/ne-le-prends-pas-personnellement-cest-vibratoire\/\" class=\"more-link\">Continuer la lecture de <span class=\"screen-reader-text\">Ne le prends pas personnellement, c&rsquo;est vibratoire<\/span>  <span class=\"meta-nav\">&rarr;<\/span><\/a><\/p>\n","protected":false},"author":3,"featured_media":0,"comment_status":"open","ping_status":"open","sticky":false,"template":"","format":"standard","meta":{"_monsterinsights_skip_tracking":false,"_monsterinsights_sitenote_active":false,"_monsterinsights_sitenote_note":"","_monsterinsights_sitenote_category":0,"footnotes":""},"categories":[82,100],"tags":[],"class_list":["post-4693","post","type-post","status-publish","format-standard","hentry","category-energetique","category-textes-a-mediter"],"aioseo_notices":[],"_links":{"self":[{"href":"http:\/\/etresoi-e.com\/blog\/wp-json\/wp\/v2\/posts\/4693","targetHints":{"allow":["GET"]}}],"collection":[{"href":"http:\/\/etresoi-e.com\/blog\/wp-json\/wp\/v2\/posts"}],"about":[{"href":"http:\/\/etresoi-e.com\/blog\/wp-json\/wp\/v2\/types\/post"}],"author":[{"embeddable":true,"href":"http:\/\/etresoi-e.com\/blog\/wp-json\/wp\/v2\/users\/3"}],"replies":[{"embeddable":true,"href":"http:\/\/etresoi-e.com\/blog\/wp-json\/wp\/v2\/comments?post=4693"}],"version-history":[{"count":1,"href":"http:\/\/etresoi-e.com\/blog\/wp-json\/wp\/v2\/posts\/4693\/revisions"}],"predecessor-version":[{"id":4694,"href":"http:\/\/etresoi-e.com\/blog\/wp-json\/wp\/v2\/posts\/4693\/revisions\/4694"}],"wp:attachment":[{"href":"http:\/\/etresoi-e.com\/blog\/wp-json\/wp\/v2\/media?parent=4693"}],"wp:term":[{"taxonomy":"category","embeddable":true,"href":"http:\/\/etresoi-e.com\/blog\/wp-json\/wp\/v2\/categories?post=4693"},{"taxonomy":"post_tag","embeddable":true,"href":"http:\/\/etresoi-e.com\/blog\/wp-json\/wp\/v2\/tags?post=4693"}],"curies":[{"name":"wp","href":"https:\/\/api.w.org\/{rel}","templated":true}]}}