{"id":4753,"date":"2021-11-07T16:18:00","date_gmt":"2021-11-07T15:18:00","guid":{"rendered":"http:\/\/etresoi-e.com\/blog\/?p=4753"},"modified":"2021-11-07T19:10:45","modified_gmt":"2021-11-07T18:10:45","slug":"combien-de-deces-cette-annee","status":"publish","type":"post","link":"http:\/\/etresoi-e.com\/blog\/combien-de-deces-cette-annee\/","title":{"rendered":"Combien de d\u00e9c\u00e8s cette ann\u00e9e ?"},"content":{"rendered":"\n<p class=\"has-text-align-center\">Bonjour, <\/p>\n\n\n\n<p class=\"has-text-align-center\">J&rsquo;esp\u00e8re que vous allez bien en ce dimanche bien gris qui ne me donne pas vraiment le courage d&rsquo;aller nettoyer mon jardin. Je vais attendre un jour ensoleill\u00e9 et, du coup, alors que je n&rsquo;avais pas l&rsquo;intention d&rsquo;\u00e9crire un article aujourd&rsquo;hui, me voici devant mon \u00e9cran. <\/p>\n\n\n\n<p class=\"has-text-align-center\">Pendant que la majorit\u00e9 continue d&rsquo;ob\u00e9ir sagement aux ordres des dirigeants, ne se rendant m\u00eame pas compte que ce que nous vivons est tr\u00e8s tr\u00e8s semblable \u00e0 ce qui s&rsquo;est pass\u00e9 lors de la seconde guerre mondiale, si ce n&rsquo;est que le peuple vis\u00e9 \u00e9tait juif alors qu&rsquo;ici c&rsquo;est les hommes, femmes et enfants du monde entier, le plan machiav\u00e9lique se poursuit tranquillement.<\/p>\n\n\n\n<figure class=\"wp-block-image\"><img decoding=\"async\" src=\"https:\/\/scontent.fbru5-1.fna.fbcdn.net\/v\/t1.6435-9\/p843x403\/246469969_10159499491852156_1896998245939918019_n.jpg?_nc_cat=104&amp;ccb=1-5&amp;_nc_sid=8bfeb9&amp;_nc_ohc=U0sHKVQ1lpIAX8Y3pLN&amp;_nc_ht=scontent.fbru5-1.fna&amp;oh=9f683c1f983ef164bd3e9fe74d6cb190&amp;oe=61AEC41F\" alt=\"Peut \u00eatre une image de 1 personne\"\/><figcaption>Qu&rsquo;est-ce d&rsquo;autre que de la soumission \u00e0 des r\u00e8gles sans aucun sens ? <\/figcaption><\/figure>\n\n\n\n<p class=\"has-text-align-center\">Et, pour que le peu de personnes qui se posent des questions n&rsquo;aient surtout pas plus loin dans leur r\u00e9flexion, on voit r\u00e9guli\u00e8rement des \u00e9missions sur le complotisme \u00e0 la t\u00e9l\u00e9vision pour que chacun soit persuad\u00e9 que ceux qui parlent d&rsquo;effets secondaires, morts, poison dans l&rsquo;exp\u00e9rience g\u00e9n\u00e9tique que tous les dirigeants et m\u00e9dias continuent de nommer vaccins &#8230; soient pris pour des fous qui termineront leurs jours en clinique psychiatrique. Pourtant des parlementaires europ\u00e9ens d\u00e9noncent les faits, incitent \u00e0 refuser l&rsquo;injection, mais silence total dans les m\u00e9dias. <\/p>\n\n\n\n<figure class=\"wp-block-embed-youtube aligncenter wp-block-embed is-type-video is-provider-youtube wp-embed-aspect-16-9 wp-has-aspect-ratio\"><div class=\"wp-block-embed__wrapper\">\n<iframe loading=\"lazy\" title=\"Nouvelle conf\u00e9rence de presse organis\u00e9e par les d\u00e9put\u00e9s Europ\u00e9ens oppos\u00e9s au Grreenpass\" width=\"474\" height=\"267\" src=\"https:\/\/www.youtube.com\/embed\/wmBpGCffXc0?start=18&#038;feature=oembed\" frameborder=\"0\" allow=\"accelerometer; autoplay; clipboard-write; encrypted-media; gyroscope; picture-in-picture; web-share\" referrerpolicy=\"strict-origin-when-cross-origin\" allowfullscreen><\/iframe>\n<\/div><\/figure>\n\n\n\n<p class=\"has-text-align-center\">Silence complet \u00e9galement sur la fraude de Pfizer, une de plus puisque Pfizer est tout de m\u00eame connu pour avoir \u00e9t\u00e9 condamn\u00e9 aux amendes les plus importantes pour fraude, mise en danger de la vie d&rsquo;autrui, falsification de donn\u00e9es qui ont cr\u00e9\u00e9 le d\u00e9c\u00e8s de milliers de personnes, manipulation, corruption, &#8230; <\/p>\n\n\n\n<p class=\"has-text-align-center\"><a href=\"https:\/\/www.youtube.com\/watch?v=PQZ_jslnFXE \">https:\/\/www.youtube.com\/watch?v=PQZ_jslnFXE <\/a><\/p>\n\n\n\n<p class=\"has-text-align-center\">Il n&rsquo;est pourtant pas compliqu\u00e9 de lire un livre d&rsquo;Attali qui \u00e9crit noir sur blanc ce que nous vivons au quotidien. Simple \u00e9galement de lire le livre de Schwab qui est on ne peut plus explicite. Il y a des dizaines de vid\u00e9os sur le net dans lesquelles les dirigeants parlent de nouvel ordre mondial. Sarkozy disait \u00ab\u00a0personne, je dis bien personne, ne pourra emp\u00eacher le nouvel ordre mondial\u00a0\u00bb. Macron disait \u00ab\u00a0l&rsquo;\u00e9v\u00e9nement de la b\u00eate est l\u00e0\u00a0\u00bb et lors du premier confinement il a r\u00e9p\u00e9t\u00e9 \u00e0 de nombreuses reprises \u00ab\u00a0nous sommes en guerre\u00a0\u00bb. En guerre contre qui ? Un soit-disant virus ? Non, absolument pas, en guerre contre le peuple. Il suffit de chercher un peu pour comprendre sans trop de difficult\u00e9s que le but est parfaitement clair : r\u00e9duire drastiquement la population \u00e0 500 millions d&rsquo;habitants comme indiqu\u00e9 sur les Georgia Guidestones, les mettre sous contr\u00f4le total, et punir les insoumis pendant que les auto-proclam\u00e9s \u00e9lites continuent de profiter des sommes colossales qu&rsquo;ils ont empoch\u00e9s pour leur travail immonde de destruction de l&rsquo;humanit\u00e9. Certaines preuves sont l\u00e0 en Australie et au Quebec notamment, des dirigeants ont per\u00e7u des sommes allant jusqu&rsquo;\u00e0 2 millions de dollars pour confiner la population ou pour imposer l&rsquo;injection.<\/p>\n\n\n\n<p class=\"has-text-align-center\">Des preuves sont l\u00e0 concernant la dangerosit\u00e9 des \u00ab\u00a0vaccins\u00a0\u00bb et cependant ils continuent les injections, \u00e0 des \u00e2ges de plus en plus jeunes alors que tout prouve que plus la personne est jeune et plus il y a d&rsquo;effets secondaires et de d\u00e9c\u00e8s. <\/p>\n\n\n\n<div class=\"wp-block-image\"><figure class=\"aligncenter\"><img decoding=\"async\" src=\"https:\/\/scontent.fbru5-1.fna.fbcdn.net\/v\/t1.6435-9\/251847013_1554365768257926_6980274758303145957_n.jpg?_nc_cat=103&amp;ccb=1-5&amp;_nc_sid=8bfeb9&amp;_nc_ohc=ZdryTuFYjz8AX_iwWVv&amp;_nc_ht=scontent.fbru5-1.fna&amp;oh=e8e0ac95040b86ad197574f8ba881ac9&amp;oe=61AD07BE\" alt=\"Peut \u00eatre une image de texte\"\/><\/figure><\/div>\n\n\n\n<p class=\"has-text-align-center\"><a href=\"https:\/\/www.facebook.com\/dominique.riom.9\/posts\/3001321040110686\">https:\/\/www.facebook.com\/dominique.riom.9\/posts\/3001321040110686<\/a><\/p>\n\n\n\n<p class=\"has-text-align-center\">Le plan se poursuit, nous sommes pass\u00e9s d&rsquo;un peuple libre de parler, de circuler, de vivre \u00e0 un peuple soumis, acceptant de rester enferm\u00e9 chez lui et de porter une museli\u00e8re, n&rsquo;ayant droit \u00e0 aucun d\u00e9bat contradictoire sur les mensonges qu&rsquo;ils avancent, un peuple qui a accept\u00e9 de se laisser injecter un produit inconnu dans son corps avec tous les risques que cela comporte, et de recommencer encore et encore malgr\u00e9 le nombre de morts engendr\u00e9s par l&rsquo;injection des poisons. Tout \u00e7a parce qu&rsquo;il s&rsquo;est laiss\u00e9 convaincre que cela lui rendrait la libert\u00e9 (en admettant que libert\u00e9 il y a d\u00e9j\u00e0 eu \u00e9videmment. Si le lever le matin pour faire gagner de l&rsquo;argent \u00e0 d&rsquo;autres en \u00e9change d&rsquo;une petite r\u00e9tribution mensuelle qui suffit \u00e0 peine \u00e0 payer toutes les factures et taxes, et parfois de pouvoir profiter de trois semaines de vacances en se privant le reste de l&rsquo;ann\u00e9e pour \u00e7a). Ah ! Elle est belle la libert\u00e9 : devoir prouver qu&rsquo;on a ob\u00e9i \u00e0 des dictateurs en servant de rat de laboratoire \u00e0 chaque sortie. Tiens, n&rsquo;est-ce pas similaire \u00e0 ce qui s&rsquo;est pass\u00e9 en 39, quand il fallait prouver qu&rsquo;on n&rsquo;\u00e9tait pas juif pour pouvoir se rendre au resto ou au mus\u00e9e ? N&rsquo;est-ce pas semblable au cr\u00e9dit social chinois contre laquelle tous les europ\u00e9ens s&rsquo;indignaient ? Finalement la seule diff\u00e9rence est dans le fait qu&rsquo;en Chine les gens sont parqu\u00e9s dans des logements minuscules, mais l\u00e0 aussi on y vient puisque l&rsquo;Espagne l&rsquo;a annonc\u00e9 il y a quelques mois, et maintenant la France dit que la maison individuelle doit \u00eatre interdite. Ah c&rsquo;est merveilleux sorti de la bouche d&rsquo;une femme qui est propri\u00e9taire de plusieurs propri\u00e9t\u00e9s mais d\u00e9cide de l&rsquo;interdire au peuple ! <\/p>\n\n\n\n<figure class=\"wp-block-embed-youtube aligncenter wp-block-embed is-type-video is-provider-youtube wp-embed-aspect-4-3 wp-has-aspect-ratio\"><div class=\"wp-block-embed__wrapper\">\n<iframe loading=\"lazy\" title=\"Fini la maison individuelle, en avant la surveillance ...\" width=\"474\" height=\"356\" src=\"https:\/\/www.youtube.com\/embed\/S26ZfDmlKC8?feature=oembed\" frameborder=\"0\" allow=\"accelerometer; autoplay; clipboard-write; encrypted-media; gyroscope; picture-in-picture; web-share\" referrerpolicy=\"strict-origin-when-cross-origin\" allowfullscreen><\/iframe>\n<\/div><\/figure>\n\n\n\n<p class=\"has-text-align-center\">Le plan se poursuit en annon\u00e7ant que tous les d\u00e9c\u00e8s sont dus \u00e0 un virus mais jamais un mot sur les d\u00e9c\u00e8s dus aux injections ou aux chemtrails qui nous empoisonnent au quotidien<\/p>\n\n\n\n<p><a href=\"https:\/\/www.facebook.com\/hougardy.hougardy\/posts\/1993636430789471\">https:\/\/www.facebook.com\/hougardy.hougardy\/posts\/1993636430789471<\/a><\/p>\n\n\n\n<p class=\"has-text-align-center\">Ils ne parlent pas non plus des dangereux effets de la 5G qu&rsquo;ils se sont empress\u00e9s d&rsquo;installer encore plus rapidement depuis la d\u00e9claration de pand\u00e9mie. Tout le monde devait rester enferm\u00e9 chez lui mais les techniciens qui installent la 5G travaillaient plus que jamais ! <\/p>\n\n\n\n<p class=\"has-text-align-center\"><a href=\"https:\/\/www.facebook.com\/hougardy.hougardy\/posts\/2001190026700778\">https:\/\/www.facebook.com\/hougardy.hougardy\/posts\/2001190026700778<\/a><\/p>\n\n\n\n<p class=\"has-text-align-center\">Le plan se poursuit, ils utilisent le mot bio\u00e9thique \u00e0 toutes les sauces pour accepter les \u00ab\u00a0avortements jusqu&rsquo;au terme de la grossesse, pour autoriser la fabrication de chim\u00e8res, pour vendre des enfants comme on vend un pain sous pr\u00e9texte \u00ab\u00a0d&rsquo;aider l&rsquo;acc\u00e8s \u00e0 la parentalit\u00e9\u00a0\u00bb. Et tout passe comme une lettre \u00e0 la poste, aucune r\u00e9action ou si peu. Ah, il est beau le nouveau monde o\u00f9 l&rsquo;\u00eatre humain n&rsquo;est plus qu&rsquo;une marchandise comme l&rsquo;avait annonc\u00e9 Attali, Laurent Alexandre et tant d&rsquo;autres cingl\u00e9s. <\/p>\n\n\n\n<p class=\"has-text-align-center\"><a href=\"https:\/\/www.ieb-eib.org\/fr\/actualite\/debut-de-vie\/gestation-pour-autrui\/gpa-le-salon-de-vente-d-enfants-de-retour-a-bruxelles-ce-week-end-2055.html?fbclid=IwAR1c3YszXUJYpvAlqDSUUf-FjSHbAiKEfBQUggP6K6BcjXJtFd3JwW0V7mk\">https:\/\/www.ieb-eib.org\/fr\/actualite\/debut-de-vie\/gestation-pour-autrui\/gpa-le-salon-de-vente-d-enfants-de-retour-a-bruxelles-ce-week-end-2055.html?fbclid=IwAR1c3YszXUJYpvAlqDSUUf-FjSHbAiKEfBQUggP6K6BcjXJtFd3JwW0V7mk<\/a><\/p>\n\n\n\n<p class=\"has-text-align-center\">Mais, pour en revenir au titre de cet article, voici les chiffres au 30 octobre que vous pouvez, comme moi trouver sur EudraVigilance. Il ne s&rsquo;agit donc nullement de complotisme puisque c&rsquo;est un site officiel europ\u00e9en. <\/p>\n\n\n\n<div class=\"wp-block-image\"><figure class=\"aligncenter size-large\"><img loading=\"lazy\" decoding=\"async\" width=\"1024\" height=\"653\" src=\"http:\/\/etresoi-e.com\/blog\/wp-content\/uploads\/2021\/11\/d\u00e9c\u00e8s-au-30-octobre-1-1024x653.jpg\" alt=\"\" class=\"wp-image-4757\" srcset=\"http:\/\/etresoi-e.com\/blog\/wp-content\/uploads\/2021\/11\/d\u00e9c\u00e8s-au-30-octobre-1-1024x653.jpg 1024w, http:\/\/etresoi-e.com\/blog\/wp-content\/uploads\/2021\/11\/d\u00e9c\u00e8s-au-30-octobre-1-300x191.jpg 300w, http:\/\/etresoi-e.com\/blog\/wp-content\/uploads\/2021\/11\/d\u00e9c\u00e8s-au-30-octobre-1-768x489.jpg 768w, http:\/\/etresoi-e.com\/blog\/wp-content\/uploads\/2021\/11\/d\u00e9c\u00e8s-au-30-octobre-1-50x32.jpg 50w, http:\/\/etresoi-e.com\/blog\/wp-content\/uploads\/2021\/11\/d\u00e9c\u00e8s-au-30-octobre-1.jpg 1075w\" sizes=\"auto, (max-width: 1024px) 100vw, 1024px\" \/><\/figure><\/div>\n\n\n\n<p class=\"has-text-align-center\">Ces chiffres sont loin, tr\u00e8s loin de refl\u00e9ter la r\u00e9alit\u00e9 puisque la plupart des m\u00e9decins sont dans le d\u00e9ni et pr\u00e9f\u00e8rent nier que les effets secondaires ou d\u00e9c\u00e8s sont li\u00e9s aux injections. Certains vont m\u00eame jusqu&rsquo;\u00e0 dire que les d\u00e9c\u00e8s sont dus au Covid parce que \u00e7a rapporte bien plus. Apr\u00e8s avoir re\u00e7u des sommes \u00e9normes pour renseigner Covid des personnes qui ne l&rsquo;\u00e9taient pas, ils ont re\u00e7u des sommes tout aussi importantes pour injecter les poisons sans m\u00eame savoir ce qu&rsquo;ils introduisaient dans le corps des gens et en sachant qu&rsquo;il existe des traitements. Par ailleurs, certaines familles sont aussi dans le d\u00e9ni (j&rsquo;en connais personnellement deux) ou trop dans la douleur de la perte d&rsquo;un proche pour s&rsquo;int\u00e9resser \u00e0 une d\u00e9claration de d\u00e9c\u00e8s suite \u00e0 la vaccination ou pour demander une autopsie, qui sachons le est \u00e0 leurs frais. Aussi aucune autopsie ne peut avoir lieu sans une autorisation des autorit\u00e9s sanitaires, ce qui n&rsquo;est pas accept\u00e9 sans parfois une longue bataille de la part du demandeur. Autre fait \u00e0 prendre en compte : on n&rsquo;est consid\u00e9r\u00e9 comme vaccin\u00e9 (et donc pouvoir dire qu&rsquo;un d\u00e9c\u00e8s est du \u00e0 une injection), seulement \u00e0 partir de 2 semaines apr\u00e8s la derni\u00e8re dose recommand\u00e9e. Cela signifie 2 semaines apr\u00e8s la 1\u00e8re dose du vaccin Janssen COVID-19 et 2 semaines apr\u00e8s la 2\u00e8me dose (et maintenant 3\u00e8me, mais ne vous inqui\u00e9tez pas, ils ont pr\u00e9vu au moins 8 doses donc \u00e7a va changer sans cesse) pour tous les autres vaccins sur le march\u00e9 belge.&nbsp;Par cons\u00e9quent tous les d\u00e9c\u00e8s dans les 14 jours suivant l&rsquo;injection (or c&rsquo;est l\u00e0 qu&rsquo;ils arrivent le plus souvent) ne sont jamais li\u00e9s au poison inject\u00e9 et ceux survenant apr\u00e8s ne le seront que suivant le bon vouloir du m\u00e9decin, la volont\u00e9 et le courage des proches \u00e0 demander une autopsie prouvant les faits, et seulement si cette autopsie est autoris\u00e9e. <\/p>\n\n\n\n<p class=\"has-text-align-center\">Les m\u00e9dias qui en parlent se comptent sur les doigts de la main, et en plus la joue \u00ab\u00a0rien de bien grave, soyez rassur\u00e9s\u00a0\u00bb <\/p>\n\n\n\n<div class=\"wp-block-image\"><figure class=\"aligncenter size-large\"><img loading=\"lazy\" decoding=\"async\" width=\"720\" height=\"960\" src=\"http:\/\/etresoi-e.com\/blog\/wp-content\/uploads\/2021\/11\/Castex-h1n1.jpg\" alt=\"\" class=\"wp-image-4759\" srcset=\"http:\/\/etresoi-e.com\/blog\/wp-content\/uploads\/2021\/11\/Castex-h1n1.jpg 720w, http:\/\/etresoi-e.com\/blog\/wp-content\/uploads\/2021\/11\/Castex-h1n1-225x300.jpg 225w, http:\/\/etresoi-e.com\/blog\/wp-content\/uploads\/2021\/11\/Castex-h1n1-38x50.jpg 38w\" sizes=\"auto, (max-width: 720px) 100vw, 720px\" \/><\/figure><\/div>\n\n\n\n<p class=\"has-text-align-center\">Je pense en avoir d\u00e9j\u00e0 parl\u00e9 pr\u00e9c\u00e9demment, mais je le rappelle, l&rsquo;Angleterre cherchait des locaux pour entreposer les morts en attente d&rsquo;inhumation. Pourquoi donc puisque la majorit\u00e9 de la population est vaccin\u00e9e et ne devrait pas \u00eatre touch\u00e9e par le dangereux virus ! Du coup ils inventent des variants plus mortels pour cacher la v\u00e9rit\u00e9 <\/p>\n\n\n\n<div class=\"wp-block-file aligncenter\"><a href=\"http:\/\/etresoi-e.com\/blog\/wp-content\/uploads\/2021\/11\/angleterre-recherche-entreposage-cadavres.pdf\">angleterre-recherche-entreposage-cadavres<\/a><a href=\"http:\/\/etresoi-e.com\/blog\/wp-content\/uploads\/2021\/11\/angleterre-recherche-entreposage-cadavres.pdf\" class=\"wp-block-file__button\" download>T\u00e9l\u00e9charger<\/a><\/div>\n\n\n\n<p class=\"has-text-align-center\">Mais l&rsquo;Angleterre n&rsquo;est pas le seul pays \u00e0 savoir que ce n&rsquo;est pas l&rsquo;an pass\u00e9 \u00e0 cause d&rsquo;un virus qu&rsquo;il y a eu des d\u00e9c\u00e8s, mais qu&rsquo;il vont arriver cet hiver. Isra\u00ebl a aussi pr\u00e9vu de quoi se d\u00e9barrasser des d\u00e9c\u00e9d\u00e9s, ils devaient \u00eatre au moins 4,5 millions \u00e0 dispara\u00eetre<\/p>\n\n\n\n<div class=\"wp-block-image\"><figure class=\"aligncenter size-large\"><img loading=\"lazy\" decoding=\"async\" width=\"1024\" height=\"751\" src=\"http:\/\/etresoi-e.com\/blog\/wp-content\/uploads\/2021\/11\/c-VVgFrX8jM-1024x751.jpg\" alt=\"\" class=\"wp-image-4758\" srcset=\"http:\/\/etresoi-e.com\/blog\/wp-content\/uploads\/2021\/11\/c-VVgFrX8jM-1024x751.jpg 1024w, http:\/\/etresoi-e.com\/blog\/wp-content\/uploads\/2021\/11\/c-VVgFrX8jM-300x220.jpg 300w, http:\/\/etresoi-e.com\/blog\/wp-content\/uploads\/2021\/11\/c-VVgFrX8jM-768x563.jpg 768w, http:\/\/etresoi-e.com\/blog\/wp-content\/uploads\/2021\/11\/c-VVgFrX8jM-50x37.jpg 50w, http:\/\/etresoi-e.com\/blog\/wp-content\/uploads\/2021\/11\/c-VVgFrX8jM.jpg 1242w\" sizes=\"auto, (max-width: 1024px) 100vw, 1024px\" \/><\/figure><\/div>\n\n\n\n<p class=\"has-text-align-center\"><a href=\"https:\/\/vk.com\/anhougardy?w=wall616596240_5684\">https:\/\/vk.com\/anhougardy?w=wall616596240_5684<\/a><\/p>\n\n\n\n<p>En acceptant tout ce que les dirigeants imposent nous allons vers une dicature o\u00f9 on sera surveill\u00e9 dans les moindres recoins, r\u00e9compens\u00e9s ou p\u00e9nalis\u00e9s comme les chinois. Est-ce de ce monde l\u00e0 que nous avons envie ? <\/p>\n\n\n\n<p class=\"has-text-align-center\"><a href=\"https:\/\/www.facebook.com\/hougardy.hougardy\/posts\/1995212833965164\">https:\/\/www.facebook.com\/hougardy.hougardy\/posts\/1995212833965164<\/a><\/p>\n\n\n\n<p class=\"has-text-align-center\">Prenez soin de vous <\/p>\n\n\n\n<p class=\"has-text-align-center\"><em>Mabelle <\/em><\/p>\n","protected":false},"excerpt":{"rendered":"<p>Bonjour, J&rsquo;esp\u00e8re que vous allez bien en ce dimanche bien gris qui ne me donne pas vraiment le courage d&rsquo;aller nettoyer mon jardin. Je vais attendre un jour ensoleill\u00e9 et, du coup, alors que je n&rsquo;avais pas l&rsquo;intention d&rsquo;\u00e9crire un article aujourd&rsquo;hui, me voici devant mon \u00e9cran. Pendant que la majorit\u00e9 continue d&rsquo;ob\u00e9ir sagement aux &hellip; <a href=\"http:\/\/etresoi-e.com\/blog\/combien-de-deces-cette-annee\/\" class=\"more-link\">Continuer la lecture de <span class=\"screen-reader-text\">Combien de d\u00e9c\u00e8s cette ann\u00e9e ?<\/span>  <span class=\"meta-nav\">&rarr;<\/span><\/a><\/p>\n","protected":false},"author":3,"featured_media":0,"comment_status":"open","ping_status":"open","sticky":false,"template":"","format":"standard","meta":{"_monsterinsights_skip_tracking":false,"_monsterinsights_sitenote_active":false,"_monsterinsights_sitenote_note":"","_monsterinsights_sitenote_category":0,"footnotes":""},"categories":[114],"tags":[],"class_list":["post-4753","post","type-post","status-publish","format-standard","hentry","category-actualites"],"aioseo_notices":[],"_links":{"self":[{"href":"http:\/\/etresoi-e.com\/blog\/wp-json\/wp\/v2\/posts\/4753","targetHints":{"allow":["GET"]}}],"collection":[{"href":"http:\/\/etresoi-e.com\/blog\/wp-json\/wp\/v2\/posts"}],"about":[{"href":"http:\/\/etresoi-e.com\/blog\/wp-json\/wp\/v2\/types\/post"}],"author":[{"embeddable":true,"href":"http:\/\/etresoi-e.com\/blog\/wp-json\/wp\/v2\/users\/3"}],"replies":[{"embeddable":true,"href":"http:\/\/etresoi-e.com\/blog\/wp-json\/wp\/v2\/comments?post=4753"}],"version-history":[{"count":3,"href":"http:\/\/etresoi-e.com\/blog\/wp-json\/wp\/v2\/posts\/4753\/revisions"}],"predecessor-version":[{"id":4763,"href":"http:\/\/etresoi-e.com\/blog\/wp-json\/wp\/v2\/posts\/4753\/revisions\/4763"}],"wp:attachment":[{"href":"http:\/\/etresoi-e.com\/blog\/wp-json\/wp\/v2\/media?parent=4753"}],"wp:term":[{"taxonomy":"category","embeddable":true,"href":"http:\/\/etresoi-e.com\/blog\/wp-json\/wp\/v2\/categories?post=4753"},{"taxonomy":"post_tag","embeddable":true,"href":"http:\/\/etresoi-e.com\/blog\/wp-json\/wp\/v2\/tags?post=4753"}],"curies":[{"name":"wp","href":"https:\/\/api.w.org\/{rel}","templated":true}]}}