{"id":4804,"date":"2021-11-24T23:30:32","date_gmt":"2021-11-24T22:30:32","guid":{"rendered":"http:\/\/etresoi-e.com\/blog\/?p=4804"},"modified":"2021-11-24T23:30:34","modified_gmt":"2021-11-24T22:30:34","slug":"la-prochaine-pandemie","status":"publish","type":"post","link":"http:\/\/etresoi-e.com\/blog\/la-prochaine-pandemie\/","title":{"rendered":"La prochaine pand\u00e9mie"},"content":{"rendered":"\n<p class=\"has-text-align-center\">Bonsoir, <\/p>\n\n\n\n<p class=\"has-text-align-center\">Je suis horrifi\u00e9e par tout ce qui se passe en Australie (les cas covid emmen\u00e9s de force dans des camps, nous revoil\u00e0 en 1940), en Guadeloupe (le peuple vaccin\u00e9 de force), en Autriche (les non vaccin\u00e9s interdits de sortir de chez eux except\u00e9 pour faire des courses alimentaires, mais aucun autre achat. C&rsquo;est clair d&rsquo;acheter une poup\u00e9e \u00e0 un enfant r\u00e9pand un virus alors qu&rsquo;un kilo de pommes ne le fait pas), aux Pays-Bas (les manifestants sur lesquels la police tire \u00e0 balles r\u00e9elles), en Belgique (les policiers qui cassent eux-m\u00eames leur v\u00e9hicule \u00e0 coup de matraque, se m\u00ealent aux manifestants pour mettre la pagaille et les accuser ensuite. Des vid\u00e9os le prouvent mais la presse ne parle que de manifestants violents)<\/p>\n\n\n\n<p class=\"has-text-align-center\">Je suis en col\u00e8re contre ces dirigeants qui tuent leur peuple, mentent sans la moindre vergogne, restreignent les libert\u00e9s un peu plus chaque jour tout en profitant de la vie, en continuant leur vie d&rsquo;avant, sans masque, sans gel hydroalcoolique, sans distanciation sociale, \u00e0 serrer des mains, faire des accolades, faire la f\u00eate, chanter, danser. <\/p>\n\n\n\n<p class=\"has-text-align-center\">Je suis triste de voir tous ces morts, ces personnes avec des maladies invalidantes jusqu&rsquo;\u00e0 la fin de leurs jours, en sachant qu&rsquo;il leur en reste si peu et qu&rsquo;ils les vivront malades, handicap\u00e9s. <\/p>\n\n\n\n<p class=\"has-text-align-center\">Je suis furieuse de voir que pas un seul dirigeant n&rsquo;arr\u00eate ce g\u00e9nocide, que la police gaze, frappe femme, enfants, personnes en situation de handicap juste parce qu&rsquo;ils marche dans la rue pacifiquement en r\u00e9clamant leurs droits fondamentaux. Ces policiers qui sont sens\u00e9 d\u00e9fendre le peuple et non les dirigeants criminels ob\u00e9issent aux ordres sans se poser la moindre question du sort qui leur sera r\u00e9serv\u00e9 quand leur sale boulot sera termin\u00e9, qui ne comprennent m\u00eame pas qu&rsquo;on n&rsquo;aura plus besoin d&rsquo;eux, qu&rsquo;ils n&rsquo;auront plus aucun privil\u00e8ge, qu&rsquo;ils devront aussi passer par l&rsquo;injection de poison et qu&rsquo;ils ne pourront esp\u00e9rer aucun soutien, parce qu&rsquo;ils resteront seuls face aux psychopathes. Ces policiers ne semblent pas se rendre compte de l&rsquo;avenir qu&rsquo;ils r\u00e9servent \u00e0 leurs enfants. Comment une telle chose  est elle possible ? <\/p>\n\n\n\n<p class=\"has-text-align-center\">Je vous partage un lien d&rsquo;une vid\u00e9o qui parle de tout \u00e7a bien mieux que moi <a href=\"https:\/\/www.youtube.com\/watch?v=0f5APTPC0EA&amp;t=3s\">https:\/\/www.youtube.com\/watch?v=0f5APTPC0EA&amp;t=3s<\/a>  <\/p>\n\n\n\n<p class=\"has-text-align-center\">Et puis, comme malgr\u00e9 tout il reste des personnes qui ne fait pas et ne fera plus jamais confiance aux gouvernements, et qu&rsquo;il est indispensable pour eux de maintenir le peuple dans la peur pouvoir lui imposer tout ce qu&rsquo;ils veulent, parce qu&rsquo;il faut aussi masquer les effets secondaires des injections, ils pr\u00e9parent d\u00e9j\u00e0 la future pand\u00e9mie, Marburg <\/p>\n\n\n\n<p class=\"has-text-align-center\"><a href=\"https:\/\/odysee.com\/@david.demafate:3\/varburg-Video-by-Betty-Langagne:c\" target=\"_blank\" rel=\"noreferrer noopener\">https:\/\/odysee.com\/@david.demafate:3\/varburg<\/a><\/p>\n\n\n\n<p>Lors d&rsquo;une manifestation \u00e0 Milan la semaine derni\u00e8re Robert Kennedy a dit \u00a0\u00bb Je serai \u00e0 vos c\u00f4t\u00e9s, et si je dois mourir pour \u00e7a, je mourrai la t\u00eate haute\u00a0\u00bb<\/p>\n\n\n\n<p class=\"has-text-align-center\"><a href=\"https:\/\/rumble.com\/vpmld7-bobby-kennedy-et-catherine-austin-fitts-milan-12112021.html\">https:\/\/rumble.com\/vpmld7-bobby-kennedy-et-catherine-austin-fitts-milan-12112021.html<\/a><\/p>\n\n\n\n<p class=\"has-text-align-center\">C&rsquo;est \u00e9galement ma position. Ma grand-m\u00e8re qui \u00e9tait r\u00e9sistante durant la seconde guerre mondiale m&rsquo;a toujours dit \u00ab\u00a0mieux vaut mourir debout que vivre \u00e0 genoux\u00a0\u00bb ! <\/p>\n\n\n\n<p class=\"has-text-align-center\">Prenez soin de vous <\/p>\n\n\n\n<p class=\"has-text-align-center\"><em>Mabelle <\/em><\/p>\n","protected":false},"excerpt":{"rendered":"<p>Bonsoir, Je suis horrifi\u00e9e par tout ce qui se passe en Australie (les cas covid emmen\u00e9s de force dans des camps, nous revoil\u00e0 en 1940), en Guadeloupe (le peuple vaccin\u00e9 de force), en Autriche (les non vaccin\u00e9s interdits de sortir de chez eux except\u00e9 pour faire des courses alimentaires, mais aucun autre achat. C&rsquo;est clair &hellip; <a href=\"http:\/\/etresoi-e.com\/blog\/la-prochaine-pandemie\/\" class=\"more-link\">Continuer la lecture de <span class=\"screen-reader-text\">La prochaine pand\u00e9mie<\/span>  <span class=\"meta-nav\">&rarr;<\/span><\/a><\/p>\n","protected":false},"author":3,"featured_media":0,"comment_status":"open","ping_status":"open","sticky":false,"template":"","format":"standard","meta":{"_monsterinsights_skip_tracking":false,"_monsterinsights_sitenote_active":false,"_monsterinsights_sitenote_note":"","_monsterinsights_sitenote_category":0,"footnotes":""},"categories":[114],"tags":[],"class_list":["post-4804","post","type-post","status-publish","format-standard","hentry","category-actualites"],"aioseo_notices":[],"_links":{"self":[{"href":"http:\/\/etresoi-e.com\/blog\/wp-json\/wp\/v2\/posts\/4804","targetHints":{"allow":["GET"]}}],"collection":[{"href":"http:\/\/etresoi-e.com\/blog\/wp-json\/wp\/v2\/posts"}],"about":[{"href":"http:\/\/etresoi-e.com\/blog\/wp-json\/wp\/v2\/types\/post"}],"author":[{"embeddable":true,"href":"http:\/\/etresoi-e.com\/blog\/wp-json\/wp\/v2\/users\/3"}],"replies":[{"embeddable":true,"href":"http:\/\/etresoi-e.com\/blog\/wp-json\/wp\/v2\/comments?post=4804"}],"version-history":[{"count":1,"href":"http:\/\/etresoi-e.com\/blog\/wp-json\/wp\/v2\/posts\/4804\/revisions"}],"predecessor-version":[{"id":4805,"href":"http:\/\/etresoi-e.com\/blog\/wp-json\/wp\/v2\/posts\/4804\/revisions\/4805"}],"wp:attachment":[{"href":"http:\/\/etresoi-e.com\/blog\/wp-json\/wp\/v2\/media?parent=4804"}],"wp:term":[{"taxonomy":"category","embeddable":true,"href":"http:\/\/etresoi-e.com\/blog\/wp-json\/wp\/v2\/categories?post=4804"},{"taxonomy":"post_tag","embeddable":true,"href":"http:\/\/etresoi-e.com\/blog\/wp-json\/wp\/v2\/tags?post=4804"}],"curies":[{"name":"wp","href":"https:\/\/api.w.org\/{rel}","templated":true}]}}