{"id":4814,"date":"2021-12-01T18:40:56","date_gmt":"2021-12-01T17:40:56","guid":{"rendered":"http:\/\/etresoi-e.com\/blog\/?p=4814"},"modified":"2021-12-01T18:40:58","modified_gmt":"2021-12-01T17:40:58","slug":"4814","status":"publish","type":"post","link":"http:\/\/etresoi-e.com\/blog\/4814\/","title":{"rendered":""},"content":{"rendered":"\n<p>La farce du si\u00e8cle.<\/p>\n\n\n\n<p>Bonsoir,<\/p>\n\n\n\n<p>Je vous partage ce soir un texte qui n\u2019est pas de moi. Je l\u2019ai trouv\u00e9 au hasard de mes recherches sur le net et n\u2019en connais pas l\u2019auteur mais je suis en accord \u00e0 tous points de vue avec ce qu\u2019il \u00e9crit.<\/p>\n\n\n\n<p>Belle soir\u00e9e<\/p>\n\n\n\n<p><em>Mabelle<\/em><\/p>\n\n\n\n<p><\/p>\n\n\n\n<p>En r\u00e9fl\u00e9chissant un tant soit peu \u00e0 tout ce que nous vivons, nous ne pouvons que constater la logique des choses.<\/p>\n\n\n\n<p>Certains faits, \u00e9taient d&rsquo;ailleurs tellement \u00e9vidents que cela sautait aux yeux des scientifiques et des professionnels, tr\u00e8s vite qualifi\u00e9s de \u00ab\u00a0complotistes\u00a0\u00bb et \u00e9cart\u00e9s de la \u00ab\u00a0sc\u00e8ne de l&rsquo;information \u00ab\u00a0. Trait\u00e9s de fous, discr\u00e9dit\u00e9s, harcel\u00e9s, menac\u00e9s puis mis au pilori, destitu\u00e9s de leurs fonctions, et m\u00eame, priv\u00e9s de leurs droits d&rsquo;exercer, tel a \u00e9t\u00e9 leur calvaire.&nbsp;<\/p>\n\n\n\n<p>L&rsquo;un d&rsquo;entre eux, en France, (peut-\u00eatre d&rsquo;autres encore mais cela n&rsquo;a pas \u00e9t\u00e9 mis sur la sc\u00e8ne publique ou censur\u00e9), a \u00e9t\u00e9 hospitalis\u00e9 d&rsquo;office en psychiatrie ! *<\/p>\n\n\n\n<p>D&rsquo;autres, comme les professeurs Raoult et Perrone ont \u00e9t\u00e9 tra\u00een\u00e9s dans la boue et malheureusement peu de gens les ont \u00e9cout\u00e9s, d&rsquo;autres, ont mis du temps mais ont compris, je ne vais pas ici reprendre leurs mots ou d\u00e9tailler leur travail mais la quasi-totalit\u00e9 des informations qu&rsquo;ils nous ont fournies sur cette crise ont \u00e9t\u00e9 expliqu\u00e9es tr\u00e8s clairement par ces grands scientifiques et ce depuis le d\u00e9but !<\/p>\n\n\n\n<p>Ils ont \u00e9t\u00e9 tourn\u00e9s en d\u00e9rision quand ils ont parl\u00e9 de&nbsp; \u00ab\u00a0grippette\u00a0\u00bb !<\/p>\n\n\n\n<p>Les nombreux morts ont \u00e9t\u00e9 victimes d&rsquo;une insuffisance et\/ou d&rsquo;une totale inadaptation des soins en regard de l&rsquo;\u00e9tat dans lequel ils se trouvaient.&nbsp; A d&rsquo;autres encore l&rsquo;acc\u00e8s aux soins a \u00e9t\u00e9 purement et simplement refus\u00e9.&nbsp; D&rsquo;ailleurs partout les structures de soins continuent \u00e0 fermer et les budgets de la sant\u00e9 ont diminu\u00e9.<\/p>\n\n\n\n<p>Des unit\u00e9s enti\u00e8res de soins ferm\u00e9es alors que nos chers politiques augmentent incessamment les budgets de l&rsquo;armement et de la s\u00e9curit\u00e9 ! Exemple : les chars anti-\u00e9meutes command\u00e9s en France au budget 2022.<\/p>\n\n\n\n<p>L&rsquo;intubation massive de personnes malades, pendant parfois des semaines, en D\u00c9CUBITUS VENTRAL, avec des respirateurs non adapt\u00e9s et du personnel non form\u00e9 \u00e0 ce type de soins et de technique medicale, a \u00e9t\u00e9 une faute professionnelle grave, qui, pour ceux qui y ont surv\u00e9cu, laissera des s\u00e9quelles et pas des moindres (atelectasies par exemple). Une aide respiratoire en ventilation spontan\u00e9e par l&rsquo;apport d&rsquo;O2 au masque, en surveillant l&rsquo;oxym\u00e9trie, aurait trait\u00e9 plus de personnes et avec de moindres s\u00e9quelles !<\/p>\n\n\n\n<p>Les p\u00e9nuries de personnels et de moyens au sein des unit\u00e9s ont g\u00e9n\u00e9r\u00e9 dans une situation d&rsquo;hyst\u00e9rie collective, une explosion des infections nosocomiales, les d\u00e9c\u00e8s ont \u00e9t\u00e9, sans aucune v\u00e9rification possible, \u00e9tiquett\u00e9s \u00ab\u00a0covid\u00a0\u00bb.<\/p>\n\n\n\n<p>Des m\u00e9decins \u00ab\u00a0covid\u00a0\u00bb minis chefs, ont \u00e9t\u00e9 nomm\u00e9s par le minist\u00e8re de la sant\u00e9 via les ARS dans tous les d\u00e9partements de France, ils ont s\u00e9vi dans les epahd, en France mais d&rsquo;autres aussi chez nous et partout ailleurs, prenant des d\u00e9cisions SEULS et en dehors de tout respect des droits des patients et des familles !<\/p>\n\n\n\n<p>Nos Vieux ont \u00e9t\u00e9 \u00ab\u00a0oubli\u00e9s\u00a0\u00bb et laiss\u00e9s sans soins, derri\u00e8re des murs clos o\u00f9 les visites \u00e9taient interdites. Ainsi, un SEUL m\u00e9decin, inconnu des familles et des \u00ab\u00a0personnes de confiance\u00a0\u00bb, en dehors de toute participation aux r\u00e9unions de concertation, prenait des d\u00e9cisions graves telles que la d\u00e9cision de traitement ou non, de droit \u00e0 l&rsquo;hospitalisation ou non.<\/p>\n\n\n\n<p>Les membres du personnel, ont \u00e9t\u00e9 entra\u00een\u00e9s dans des protocoles tr\u00e8s ferm\u00e9s, mais aussi tr\u00e8s lourds, physiquement et moralement, ils \u00e9taient \u00e9galement en sous-effectif, et ont pour la plupart ob\u00e9i aux injonctions des petits chefs bien z\u00e9l\u00e9s!<\/p>\n\n\n\n<p>C&rsquo;est ce dont le gouvernement avait besoin pour justifier les prorogations de la \u00ab\u00a0loi d&rsquo;exception\u00a0\u00bb<\/p>\n\n\n\n<p>Les d\u00e9c\u00e8s pour covid ou \u00ab\u00a0suspicion\u00a0\u00bbde covid sont l\u00e9gions.&nbsp; Pour la plupart, caus\u00e9s de fa\u00e7on iatrog\u00e8ne et avec des d\u00e9cisions aussi odieuses que le choix de \u00ab\u00a0ceux \u00e0 soigner et ceux \u00e0 ne pas soigner\u00a0\u00bb ! (et malheureusement approuv\u00e9es par beaucoup).<\/p>\n\n\n\n<p>Beaucoup de personnes \u00e2g\u00e9es ont \u00e9t\u00e9 sacrifi\u00e9es, trait\u00e9es \u00e0 tort de fa\u00e7on totalement inadapt\u00e9e et sans consensus d&rsquo;une pathologie qu&rsquo;ils n&rsquo;avaient pas,&nbsp; pendant qu&rsquo;\u00e0 l&rsquo;ext\u00e9rieur des h\u00f4pitaux et des epahd (maisons de repos ou seigneuries chez nous en Belgique) on faisait r\u00e9gner la terreur avec des mesures de confinement et de distanciation sociale ne permettant aucun contr\u00f4le de visu de ce qui se passait exactement derri\u00e8re les murs, diffusant par ci, par-l\u00e0 des images angoissantes dans les m\u00e9dias afin de r\u00e9pandre la terreur au coeur des familles de tous pays.<\/p>\n\n\n\n<p>Le personnel, \u00e9puis\u00e9, par cette situation anxiog\u00e8ne et par les protocoles insens\u00e9s, n&rsquo;en pouvait plus.&nbsp; Ceux qui \u00e9taient directement au lit des patients, particuli\u00e8rement les aides-soignants, n&rsquo;\u00e9taient pas entendus dans les staffs o\u00f9 ils relayaient pourtant leurs observations.<\/p>\n\n\n\n<p>Certains ont \u00e9t\u00e9 qualifi\u00e9s de \u00ab\u00a0personnes trop sensibles\u00a0\u00bb ce qui non seulement les discr\u00e9ditait par rapport \u00e0 leurs comp\u00e9tences et balayait ainsi toute la r\u00e9alit\u00e9 de leurs observations et de leurs demandes de plus de moyens de soin palliatifs, de confort, d&rsquo;antalgiques etc&#8230;<\/p>\n\n\n\n<p>Eux qui \u00e9taient au front de la douleur et de la peur des malades ou des r\u00e9sidents isol\u00e9s, ont \u00e9t\u00e9 ignor\u00e9s et humili\u00e9s tandis qu&rsquo;\u00e0 l&rsquo;ext\u00e9rieur on applaudissait curieusement les soignants, sans pour autant leur donner de moyens suppl\u00e9mentaires !<\/p>\n\n\n\n<p>Applaudissements qui ont explos\u00e9 comme une tra\u00een\u00e9e de poudre, issus dont on ne sait qu&rsquo;elle folie !&nbsp; Du jamais vu dans toute l&rsquo;Histoire de la m\u00e9decine ! Ils les ont transform\u00e9 en h\u00e9ros tout en les victimisant mais en se gardant bien de ne rien changer \u00e0 leur sort, que du contraire, en jouant sur la corde sensible de la solidarit\u00e9, du courage, du d\u00e9vouement.<\/p>\n\n\n\n<p>Aur\u00e9ol\u00e9s de la sorte, certains soignants devenus totalement fous attendaient une m\u00e9daille mais avaient remplac\u00e9 toute r\u00e8gle professionnelle de BASE par une esp\u00e8ce de suffisance et d&rsquo;abus de pouvoirs.<\/p>\n\n\n\n<p>Pour certains, cette prise de confiance irr\u00e9fl\u00e9chie a engendr\u00e9 un ego surdimensionn\u00e9 qui a fait moultes d\u00e9g\u00e2ts alors que d&rsquo;autres, ceux qui ont gard\u00e9 au ventre et dans la t\u00eate les r\u00e9flexes et la conscience professionnelle ont \u00e9t\u00e9 tra\u00een\u00e9s dans la boue et sont aujourd&rsquo;hui vir\u00e9s des services de soins, alors que les p\u00e9nuries d&rsquo;effectifs sont \u00e9normes !<\/p>\n\n\n\n<p>Et h\u00e9las avec l&rsquo;aval de leurs coll\u00e8gues pauvres moutons bien \u00ab\u00a0ob\u00e9issants\u00a0\u00bb qui ne comprennent toujours pas que ces licenciements sont sans cause r\u00e9elle et s\u00e9rieuse. Que ces licenciements aggravent les p\u00e9nuries de personnel et par cons\u00e9quent leurs propres conditions de travail ! Que la s\u00e9curit\u00e9 et la qualit\u00e9 des soins s&rsquo;en trouve affect\u00e9e dans cette spirale de folie extraordinaire qui au lieu d&rsquo;engendrer de la solidarit\u00e9 professionnelle, de la r\u00e9sistance en bloc aux dictats, g\u00e9n\u00e8re une plus grande rivalit\u00e9 encore au sein de leurs \u00e9quipes ! Les uns se complaisant dans le r\u00f4le qu&rsquo;on leur a donn\u00e9 de h\u00e9ros victimis\u00e9s et les autres subissant la vindicte et la violence verbale et institutionnelle venant \u00e0 la fois de leurs \u00ab\u00a0coll\u00e8gues\u00a0\u00bb et de la population qui y est invit\u00e9e largement par la d\u00e9sinformation m\u00e9diatico politique, qui les accuse de \u00ab\u00a0criminels irresponsables\u00a0\u00bb alors qu&rsquo;eux ont compris qu&rsquo;il ne faut pas participer \u00e0 cette escroquerie mondiale, pantomime de soins, ou farce g\u00e9nocidaire \u00e0 grande \u00e9chelle.&nbsp;<\/p>\n\n\n\n<p>Et pourtant&#8230;. c&rsquo;est de plus en plus visible !<\/p>\n\n\n\n<p>Ceux que je qualifie d&rsquo;assassins complices hypnotis\u00e9s,&nbsp; rendus complices \u00e0 leur insu se prenant pour des h\u00e9ros sont devenus autoritaires, aveugles et sourds aux cris des malades et des familles. Complices asservis d&rsquo;une spirale infernale de la mort et de la folie end\u00e9mique. Ces inconscients sont pressuris\u00e9s, hypnotis\u00e9s, format\u00e9s, \u00e9puis\u00e9s et convaincus qu&rsquo;ils sont investis d&rsquo;une mission humanitaire extraordinaire. Quand verront-ils clair enfin ?<\/p>\n\n\n\n<p>Tous les soignants souffrent, mais tous ne sont pas d&rsquo;ignobles personnages imbus qui jugent les patients et la soci\u00e9t\u00e9 qu&rsquo;il est convenu d&rsquo;appeler \u00ab\u00a0complotiste\u00a0\u00bb quand elle ne chante pas le chant lexical des puissants.<\/p>\n\n\n\n<p>Ces soignants aux egos surdimensionn\u00e9s traitent leurs semblables de criminels. Quant aux \u00ab\u00a0non assassins\u00a0\u00bb les dissidents, ceux qui ont compris l&rsquo;h\u00e9r\u00e9sie et refusent d&rsquo;\u00eatre complices, ils souffrent, sto\u00efquement, et tant physiquement que moralement.<\/p>\n\n\n\n<p>Nous vivons une manipulation mondiale, terriblement machiav\u00e9lique et fort probablement in\u00e9dite. C&rsquo;est une guerre psychologique !<\/p>\n\n\n\n<p>Quand l&rsquo;irrationnel et l&rsquo;\u00e9motionnel prennent le pas sur la r\u00e9flexion et le libre arbitre, sur la logique scientifique de base et les r\u00e8gles professionnelles de base, le tout dans un climat de peur visc\u00e9rale et de division manipul\u00e9e &#8230; il y a vraiment du souci \u00e0 se faire !<\/p>\n\n\n\n<p>Il s&rsquo;agit ici d&rsquo;une question fondamentale : la sant\u00e9, la Vie, face \u00e0 un \u00ab\u00a0ennemi\u00a0\u00bb invisible.<\/p>\n\n\n\n<p>Il y a beaucoup plus de complices du mauvais c\u00f4t\u00e9 de la raison que de r\u00e9sistants du bon c\u00f4t\u00e9 du r\u00e9el ! Inversons cela !<\/p>\n\n\n\n<p>C&rsquo;est une crise, mont\u00e9e de longue date avec tous les effets d\u00e9vastateurs collat\u00e9raux pour les peuples et tous les b\u00e9n\u00e9fices et profits qui en d\u00e9coulent pour les puissants.<\/p>\n\n\n\n<p>Et ceux qui apr\u00e8s avoir install\u00e9 cette folie collective se frottent les mains et regardent les gens s&rsquo;entre-d\u00e9chirer, les familles se s\u00e9parer, suite \u00e0 leur strat\u00e9gie d\u00e9l\u00e9t\u00e8re construite depuis des d\u00e9cennies, n&rsquo;ont m\u00eame pas \u00e0 faire le \u00ab\u00a0sale boulot\u00a0\u00bb de la \u00ab\u00a0guerre civile\u00a0\u00bb : les peuples, hypnotis\u00e9s par la complicit\u00e9 des m\u00e9dias, totalement sous emprise, se la font eux-m\u00eames !<\/p>\n\n\n\n<p>M\u00eame ceux qui devraient \u00eatre les premiers \u00e0 combattre sont dans la danse cabalistique de l&rsquo;ob\u00e9issance (nos syndicats, nos partis r\u00e9volutionnaires ont baiss\u00e9 la garde et se sont laiss\u00e9 prendre, donnant cr\u00e9dit ainsi \u00e0 ce qu&rsquo;ils devraient combattre !). En cela le capitalisme et son alter \u00e9go le fascisme mortif\u00e8re ont \u00ab\u00a0gagn\u00e9\u00a0\u00bb.<\/p>\n\n\n\n<p>Peu se posent cette simple question \u00ab\u00a0\u00e0 qui profite le crime\u00a0\u00bb et pourtant, c&rsquo;est tellement \u00c9VIDENT ! Faisons que leur victoire momentan\u00e9e ne soit pas une fatalit\u00e9, r\u00e9sistons, informons, d\u00e9rangeons, laissons aux futures g\u00e9n\u00e9rations des t\u00e9moignages dans l&rsquo;Histoire. Nous en avons tous, h\u00e9las !<\/p>\n\n\n\n<p>Il nous faut surmonter tout ce qui est distanciation rendue obligatoire ou \u00ab\u00a0choisie\u00a0\u00bb par repli sur soi ! Il faut AUSSI remettre cette fausse crise dans son contexte \u00e9conomique et social ! \u00c9crivons notre Histoire pour l&rsquo;HISTOIRE, pour d\u00e9monter ces m\u00e9canismes des pouvoirs d&rsquo;une poign\u00e9e de vils salopards sur l&rsquo;HUMANIT\u00c9 toute enti\u00e8re.<\/p>\n\n\n\n<p>Lutter sera difficile ? Commencer par remettre le \u00ab\u00a0bon sens\u00a0\u00bb dans le &#8230;bon sens ! Nous y laisserons des plumes, certes, mais n&rsquo;en laissons-nous pas d\u00e9j\u00e0 ? Ce monde, nous tous, les peuples, la biosph\u00e8re, n&rsquo;en n&rsquo;ont-ils pas d\u00e9j\u00e0 suffisamment laiss\u00e9 ?<\/p>\n\n\n\n<p>Pour notre avenir, et surtout celui de nos enfants, nous NE POUVONS PAS REGARDER SANS BOUGER.&nbsp;<\/p>\n\n\n\n<p>Car de notre pr\u00e9sent d\u00e9pend le futur, leur futur.\u00a0\u00a0 Pourrons-nous encore les regarder en face si nous ne faisons rien ? <\/p>\n\n\n\n<p>*L&rsquo;auteur de ce texte parle d&rsquo;enfermement en psychiatrie. N&rsquo;oublions pas aussi que d&rsquo;autres ont \u00e9t\u00e9 emprisonn\u00e9s et m\u00eame tu\u00e9s, comme Andreas Noak qui d\u00e9non\u00e7ait il y a peu le graph\u00e8ne pr\u00e9sent dans les vaccins<\/p>\n\n\n\n<p class=\"has-text-align-center\"><a href=\"https:\/\/odysee.com\/@Roms17:d\/Andreas-Noak---des-nano-lames-de-rasoir-en-hydroxyde-de-graph%C3%A8ne-dans-les-vaccins:1\">https:\/\/odysee.com\/@Roms17:d\/Andreas-Noak&#8212;des-nano-lames-de-rasoir-en-hydroxyde-de-graph%C3%A8ne-dans-les-vaccins:1<\/a><\/p>\n","protected":false},"excerpt":{"rendered":"<p>La farce du si\u00e8cle. Bonsoir, Je vous partage ce soir un texte qui n\u2019est pas de moi. Je l\u2019ai trouv\u00e9 au hasard de mes recherches sur le net et n\u2019en connais pas l\u2019auteur mais je suis en accord \u00e0 tous points de vue avec ce qu\u2019il \u00e9crit. Belle soir\u00e9e Mabelle En r\u00e9fl\u00e9chissant un tant soit &hellip; <a href=\"http:\/\/etresoi-e.com\/blog\/4814\/\" class=\"more-link\">Continuer la lecture de <span class=\"screen-reader-text\"><\/span>  <span class=\"meta-nav\">&rarr;<\/span><\/a><\/p>\n","protected":false},"author":3,"featured_media":0,"comment_status":"open","ping_status":"open","sticky":false,"template":"","format":"standard","meta":{"_monsterinsights_skip_tracking":false,"_monsterinsights_sitenote_active":false,"_monsterinsights_sitenote_note":"","_monsterinsights_sitenote_category":0,"footnotes":""},"categories":[114],"tags":[],"class_list":["post-4814","post","type-post","status-publish","format-standard","hentry","category-actualites"],"aioseo_notices":[],"_links":{"self":[{"href":"http:\/\/etresoi-e.com\/blog\/wp-json\/wp\/v2\/posts\/4814","targetHints":{"allow":["GET"]}}],"collection":[{"href":"http:\/\/etresoi-e.com\/blog\/wp-json\/wp\/v2\/posts"}],"about":[{"href":"http:\/\/etresoi-e.com\/blog\/wp-json\/wp\/v2\/types\/post"}],"author":[{"embeddable":true,"href":"http:\/\/etresoi-e.com\/blog\/wp-json\/wp\/v2\/users\/3"}],"replies":[{"embeddable":true,"href":"http:\/\/etresoi-e.com\/blog\/wp-json\/wp\/v2\/comments?post=4814"}],"version-history":[{"count":1,"href":"http:\/\/etresoi-e.com\/blog\/wp-json\/wp\/v2\/posts\/4814\/revisions"}],"predecessor-version":[{"id":4815,"href":"http:\/\/etresoi-e.com\/blog\/wp-json\/wp\/v2\/posts\/4814\/revisions\/4815"}],"wp:attachment":[{"href":"http:\/\/etresoi-e.com\/blog\/wp-json\/wp\/v2\/media?parent=4814"}],"wp:term":[{"taxonomy":"category","embeddable":true,"href":"http:\/\/etresoi-e.com\/blog\/wp-json\/wp\/v2\/categories?post=4814"},{"taxonomy":"post_tag","embeddable":true,"href":"http:\/\/etresoi-e.com\/blog\/wp-json\/wp\/v2\/tags?post=4814"}],"curies":[{"name":"wp","href":"https:\/\/api.w.org\/{rel}","templated":true}]}}