{"id":4853,"date":"2021-12-26T05:55:00","date_gmt":"2021-12-26T04:55:00","guid":{"rendered":"http:\/\/etresoi-e.com\/blog\/?p=4853"},"modified":"2021-12-25T19:38:03","modified_gmt":"2021-12-25T18:38:03","slug":"reanimations-saturees","status":"publish","type":"post","link":"http:\/\/etresoi-e.com\/blog\/reanimations-saturees\/","title":{"rendered":"R\u00e9animations satur\u00e9es ?"},"content":{"rendered":"\n<p>Bonjour, <\/p>\n\n\n\n<p class=\"has-text-align-center\">J&rsquo;esp\u00e8re que vous avez pass\u00e9 No\u00ebl avec les personnes que vous aimez, quelles que soient les r\u00e8gles soit-disant \u00ab\u00a0sanitaires\u00a0\u00bb d\u00e9cid\u00e9es par les dirigeants. <\/p>\n\n\n\n<p class=\"has-text-align-center\">Petite mise au point sur les mensonges des politiques et des m\u00e9dias toujours aussi menteurs : NON, les non-vaccin\u00e9s ne saturent pas les r\u00e9animations !!<\/p>\n\n\n\n<div class=\"wp-block-image\"><figure class=\"aligncenter size-large\"><img loading=\"lazy\" decoding=\"async\" width=\"1024\" height=\"1024\" src=\"http:\/\/etresoi-e.com\/blog\/wp-content\/uploads\/2021\/12\/1-dose-2-doses-3-doses-4-doses-1024x1024.jpg\" alt=\"\" class=\"wp-image-4854\" srcset=\"http:\/\/etresoi-e.com\/blog\/wp-content\/uploads\/2021\/12\/1-dose-2-doses-3-doses-4-doses-1024x1024.jpg 1024w, http:\/\/etresoi-e.com\/blog\/wp-content\/uploads\/2021\/12\/1-dose-2-doses-3-doses-4-doses-300x300.jpg 300w, http:\/\/etresoi-e.com\/blog\/wp-content\/uploads\/2021\/12\/1-dose-2-doses-3-doses-4-doses-200x200.jpg 200w, http:\/\/etresoi-e.com\/blog\/wp-content\/uploads\/2021\/12\/1-dose-2-doses-3-doses-4-doses-768x768.jpg 768w, http:\/\/etresoi-e.com\/blog\/wp-content\/uploads\/2021\/12\/1-dose-2-doses-3-doses-4-doses-50x50.jpg 50w, http:\/\/etresoi-e.com\/blog\/wp-content\/uploads\/2021\/12\/1-dose-2-doses-3-doses-4-doses.jpg 1054w\" sizes=\"auto, (max-width: 1024px) 100vw, 1024px\" \/><\/figure><\/div>\n\n\n\n<p class=\"has-text-align-center\">Depuis le d\u00e9but du mois de d\u00e9cembre, les m\u00e9dias se sont mis d\u2019accord pour accuser les non-vaccin\u00e9s de saturer les h\u00f4pitaux et en particulier les r\u00e9animations. Les gouvernements aujourd\u2019hui se trouve un bouc \u00e9missaire, les non-vaccin\u00e9s, faisant croire \u00e0 la population que pour g\u00e9rer les probl\u00e8mes de l\u2019h\u00f4pital, il faut donner des milliards d\u2019euros \u00e0 des laboratoires pour qu\u2019ils nous fassent des piq\u00fbres r\u00e9guli\u00e8rement. Ces m\u00eames labos qui ont des liens financiers tr\u00e8s \u00e9troits avec nos politiques. La fuite en avant que nous constatons m\u00e8ne uniquement \u00e0 cette question, jusqu\u2019o\u00f9 peuvent-ils prendre les gens pour des abrutis avant qu\u2019ils ne se r\u00e9veillent ?<\/p>\n\n\n\n<p class=\"has-text-align-center\">Pour preuve, les derni\u00e8res donn\u00e9es du monde r\u00e9el disponibles de Public Health Scotland au 20 d\u00e9cembre 2021, prouvent que les triples vaccin\u00e9s,<\/p>\n\n\n\n<p class=\"has-text-align-center\">&#8211; ATTRAPENT TOUJOURS &#8230; LA COVID<br>&#8211; SONT HOSPITALIS\u00c9S &#8230; AVEC LA COVID<br>&#8211; MEURENT \u00c0 CAUSE &#8230; DE LA COVID<\/p>\n\n\n\n<p class=\"has-text-align-center\">et ce, MALGR\u00c9, les affirmations selon lesquelles la dose de rappel conf\u00e8re au receveur une protection \u00ab ULTIME \u00bb <\/p>\n\n\n\n<p class=\"has-text-align-center\"><strong><em>HOSPITALISATION<\/em><\/strong>\u00a0Le rapport confirme donc qu&rsquo;entre le 20 novembre et le 17 d\u00e9cembre, il y a eu :\u00a0<\/p>\n\n\n\n<p class=\"has-text-align-center\">&#8211;\u00a0<strong>381<\/strong>\u00a0hospitalisations parmi la population\u00a0<strong>non vaccin\u00e9e<\/strong>,<\/p>\n\n\n\n<p class=\"has-text-align-center\">\u00a0&#8211;\u00a0<strong>70<\/strong>\u00a0hospitalisations parmi la population\u00a0<strong>partiellement vaccin\u00e9e<\/strong>,\u00a0<\/p>\n\n\n\n<p class=\"has-text-align-center\">&#8211;\u00a0<strong>740<\/strong>\u00a0hospitalisations parmi la population\u00a0<strong>doublement vaccin\u00e9e<\/strong>\u00a0et<\/p>\n\n\n\n<p class=\"has-text-align-center\">\u00a0&#8211;\u00a0<strong>213<\/strong>\u00a0hospitalisations parmi la population\u00a0<strong>vaccin\u00e9e triple\u00a0<\/strong>(rappel).\u00a0<\/p>\n\n\n\n<p class=\"has-text-align-center\">Cela signifie que la population\u00a0<strong>non vaccin\u00e9e<\/strong>\u00a0ne repr\u00e9sentait que :\u00a0&#8211;\u00a0<strong>27% des hospitalisations<\/strong>\u00a0entre le 20 novembre et le 17 d\u00e9cembre,\u00a0tandis que la\u00a0<strong>population vaccin\u00e9e<\/strong>\u00a0repr\u00e9sentait\u00a0<strong>73%.<\/strong><\/p>\n\n\n\n<p class=\"has-text-align-center\"><strong><em>D\u00c9C\u00c8S<\/em><\/strong>\u00a0Le rapport confirme aussi qu&rsquo;entre le 13 novembre et le 10 d\u00e9cembre, il y a eu :\u00a0<\/p>\n\n\n\n<p class=\"has-text-align-center\">&#8211;\u00a0<strong>63\u00a0<\/strong>d\u00e9c\u00e8s parmi la population\u00a0<strong>non vaccin\u00e9e,<\/strong>\u00a0<\/p>\n\n\n\n<p class=\"has-text-align-center\">&#8211;\u00a0<strong>13<\/strong>\u00a0d\u00e9c\u00e8s parmi la population\u00a0<strong>partiellement vaccin\u00e9e,<\/strong>\u00a0<\/p>\n\n\n\n<p class=\"has-text-align-center\">&#8211;\u00a0<strong>251<\/strong>\u00a0d\u00e9c\u00e8s parmi la population\u00a0<strong>doublement vaccin\u00e9e<\/strong>\u00a0et<\/p>\n\n\n\n<p class=\"has-text-align-center\">\u00a0&#8211;\u00a0<strong>35<\/strong>\u00a0d\u00e9c\u00e8s parmi la population\u00a0<strong>vaccin\u00e9e triple.<\/strong><\/p>\n\n\n\n<p class=\"has-text-align-center\">Cela signifie que la population\u00a0<strong>non vaccin\u00e9e<\/strong>\u00a0ne repr\u00e9sentait que\u00a0<strong>17%\u00a0<\/strong>des d\u00e9c\u00e8s entre le 13 novembre et le 10 d\u00e9cembre,\u00a0tandis que la\u00a0<strong>population vaccin\u00e9e repr\u00e9sentait\u00a0<u class=\"\">83%<\/u><\/strong>\u00a0!!<\/p>\n\n\n\n<p class=\"has-text-align-center\">ON PEUT D\u00c9BATTRE DE TOUS, SAUF DES CHIFFRES VOIL\u00c0 !!<\/p>\n\n\n\n<p>Rapport statistique COVID-19 de Sant\u00e9 publique Ecosse (20 d\u00e9cembre 2021)<\/p>\n\n\n\n<p class=\"has-text-align-center\"><a href=\"https:\/\/publichealthscotland.scot\/publications\/covid-19-statistical-report\/covid-19-statistical-report-22-december-2021\/\">https:\/\/publichealthscotland.scot\/publications\/covid-19-statistical-report\/covid-19-statistical-report-22-december-2021\/<\/a><\/p>\n\n\n\n<p class=\"has-text-align-center\">Cela n&rsquo;ayant bien entendu de sens que si les personnes sont r\u00e9ellement atteintes de la Covid. Or, la seule \u00ab\u00a0preuve\u00a0\u00bb serait toujours un test qui n&rsquo;a jamais eu pour but de d\u00e9celer la Covid. Jusque l\u00e0, lorsque j&rsquo;ose formuler la chose, on me traite de complotiste qui raconte n&rsquo;importe quoi, et comme seule preuve de ma folie c&rsquo;est \u00ab\u00a0la t\u00e9l\u00e9 a dit que &#8230;\u00a0\u00bb C&rsquo;est pourtant bien un avocat de renom qui est actuellement en proc\u00e8s parce que ces tests ne peuvent pas d\u00e9tecter la Covid et que tout le mensonge continue pourtant de se baser dessus. Donc je suis complotiste, des tas d&rsquo;autres comme moi, et Reiner Fullmich aussi. OK, admettons. Mais dans ce cas, pourquoi donc un laboratoire veut il produire des tests pour diff\u00e9rencier covid et grippe si les PCR le font d\u00e9j\u00e0 ? Vous la voyez l&rsquo;arnaque sur laquelle ont \u00e9t\u00e9 prises toutes les mesures liberticides et qui ont pouss\u00e9 tant de personnes \u00e0 l&rsquo;injection exp\u00e9rimentale ? <\/p>\n\n\n\n<figure class=\"wp-block-image\"><img decoding=\"async\" src=\"https:\/\/sun9-8.userapi.com\/impg\/-4GOIa-aSeDVezyLrqzp6d3AFQsYfpN0NQ9rMA\/_pr-AvMFGL4.jpg?size=738x1600&amp;quality=96&amp;sign=098ad995c1cd09b345984e0f5569b5ff&amp;type=album\" alt=\"\"\/><\/figure>\n\n\n\n<p class=\"has-text-align-center\">De plus en plus de personnes d\u00e9noncent le contenu de ces fameuses injections que beaucoup ont accept\u00e9 pour pouvoir continuer leur petite vie confortable sans r\u00e9fl\u00e9chir plus loin que le bout de leur nez <a href=\"https:\/\/www.facebook.com\/hougardy.hougardy\/posts\/2037831833036597\">https:\/\/www.facebook.com\/hougardy.hougardy\/posts\/2037831833036597<\/a><\/p>\n\n\n\n<p class=\"has-text-align-center\">Ca fait des mois que je r\u00e9p\u00e8te que cela ne continue que parce que beaucoup l&rsquo;acceptent, Certains ont accept\u00e9 un masque, une dose, deux doses, trois doses pour retrouver leur libert\u00e9. Si \u00eatre libre c&rsquo;est devoir justifier de son \u00e9tat d&rsquo;injections \u00e0 chaque fois qu&rsquo;on met un pied hors de son domicile, alors oui, vous \u00eates libre ! J&rsquo;ai une toute autre vision de la libert\u00e9 personnellement, mais chacun sa mani\u00e8re de voir les choses et la vie si cette mani\u00e8re d&rsquo;ob\u00e9ir aveugl\u00e9ment ne faisait pas le lit du totalitarisme. Beaucoup ont accept\u00e9 pour retrouver leur vie d&rsquo;avant. Avez-vous perdu la m\u00e9moire au point de ne plus vous souvenir qu&rsquo;avant il ne fallait pas un QRCode pour vivre ? Avez-vous oubli\u00e9 que la Gestapo coco n&rsquo;arr\u00eatait pas votre s\u00e9ance de cin\u00e9ma pour v\u00e9rifier ce merveilleux QRCode ? Comment pouvez-vous accepter \u00e7a ? Trouvez-vous normal que vos enfants voient la salle se rallumer et des policiers arm\u00e9s d\u00e9barquer comme dans leur pire cauchemar ? Croyez-vous vraiment qu&rsquo;ils n&rsquo;en resteront pas traumatis\u00e9s \u00e0 vie ? Qu&rsquo;accepterez vous encore ? <\/p>\n\n\n\n<div class=\"wp-block-image\"><figure class=\"aligncenter\"><img decoding=\"async\" src=\"https:\/\/scontent.fbru5-1.fna.fbcdn.net\/v\/t39.30808-6\/269936506_2037629326390181_3462846696756158442_n.jpg?_nc_cat=104&amp;ccb=1-5&amp;_nc_sid=730e14&amp;_nc_ohc=Ze_w7M5WS6oAX_2ouiB&amp;_nc_ht=scontent.fbru5-1.fna&amp;oh=00_AT8VUILnWWFJUdRhVJQbOEVxiXM3yq1RJhIqgb1IVMNHVw&amp;oe=61CBF526\" alt=\"Peut \u00eatre une image de texte\"\/><\/figure><\/div>\n\n\n\n<p class=\"has-text-align-center\">Je l&rsquo;ai souvent dit, et je me r\u00e9p\u00e8te sans doute, mais visiblement les m\u00e9dias en font autant et \u00e7a ne semble d\u00e9ranger personne donc je me permets \u00e9galement de le faire moi aussi : tous les m\u00e9decins qui jouent le jeu des m\u00e9dias et poussant \u00e0 l&rsquo;injection devraient imm\u00e9diatement \u00eatre ray\u00e9s de l&rsquo;ordre des m\u00e9decins si ce fameux ordre avait pour but la sant\u00e9 des citoyens. Evidemment vu que c&rsquo;est loin, tr\u00e8s tr\u00e8s loin d&rsquo;\u00eatre le cas, ce sont justement ceux qui soignent et respectent leur serment d&rsquo;Hippocrate qui sont sermon\u00e9s, punis, renvoy\u00e9s, ray\u00e9s. Par contre, je l&rsquo;ai d\u00e9j\u00e0 dit \u00e9galement tout syst\u00e8me totalitaire, lorsqu&rsquo;il a obtenu ce qu&rsquo;il veut se d\u00e9barrasse de ceux qui l&rsquo;ont servi docilement et c&rsquo;est aussi ce qui va arriver \u00e0 ces m\u00e9decins injecteurs. Eh oui, tout a une fin, il est pr\u00e9vu de les remplacer par des cabines d&rsquo;injections. Bien oui, forc\u00e9ment, les labos ne vont pas continuer \u00e0 les payer ind\u00e9finiment pour s&rsquo;assurer de leur silence et ob\u00e9issance. Par ailleurs, vu qu&rsquo;il est pr\u00e9vu des rappels mensuels, voir quodidiens qui sait, \u00e7a co\u00fbterait trop cher et le but est de gagner des milliards et d&rsquo;en perdre le moins possible. Ca sera donc des machines qui feront bient\u00f4t les injections obligatoires pour \u00ab\u00a0vivre\u00a0\u00bb dans les gares, supermarch\u00e9s, &#8230; Pas de piquouze, pas de train ! Pas de piquouze, pas de courses ! Voil\u00e0 ce monde merveilleux que vous avez aid\u00e9 \u00e0 mettre en place. Je me demande comment vous pouvez encore vous regarder dans le miroir de votre magnifique salle de bains achet\u00e9e avec la mort que vous avez inject\u00e9e dans le corps de ces personnes qui avaient confiance dans le m\u00e9decin qui est sens\u00e9 pr\u00e9server la sant\u00e9 !!! Honte \u00e0 vous !<\/p>\n\n\n\n<p class=\"has-text-align-center\"><a href=\"https:\/\/www.facebook.com\/hougardy.hougardy\/posts\/2037819446371169\">https:\/\/www.facebook.com\/hougardy.hougardy\/posts\/2037819446371169<\/a><\/p>\n\n\n\n<p class=\"has-text-align-center\">Je ne peux pas croire que vous ne saviez pas ce que vous faisiez. J&rsquo;ai discut\u00e9 avec un \u00e9tudiant en m\u00e9decine et il me confirme bien que vous savez. Si j&rsquo;ai compris, si un \u00e9tudiant a compris, un m\u00e9decin ne peut pas ne pas l&rsquo;avoir compris \u00e9galement. <\/p>\n\n\n\n<p class=\"has-text-align-center\">Utilisez votre cerveau, ne croyez rien de ce que les m\u00e9dias racontent, informez vous et prenez soin de vous et de vos enfants ! <\/p>\n\n\n\n<p class=\"has-text-align-center\"><em>Mabelle<\/em> <\/p>\n","protected":false},"excerpt":{"rendered":"<p>Bonjour, J&rsquo;esp\u00e8re que vous avez pass\u00e9 No\u00ebl avec les personnes que vous aimez, quelles que soient les r\u00e8gles soit-disant \u00ab\u00a0sanitaires\u00a0\u00bb d\u00e9cid\u00e9es par les dirigeants. Petite mise au point sur les mensonges des politiques et des m\u00e9dias toujours aussi menteurs : NON, les non-vaccin\u00e9s ne saturent pas les r\u00e9animations !! Depuis le d\u00e9but du mois de &hellip; <a href=\"http:\/\/etresoi-e.com\/blog\/reanimations-saturees\/\" class=\"more-link\">Continuer la lecture de <span class=\"screen-reader-text\">R\u00e9animations satur\u00e9es ?<\/span>  <span class=\"meta-nav\">&rarr;<\/span><\/a><\/p>\n","protected":false},"author":3,"featured_media":0,"comment_status":"open","ping_status":"open","sticky":false,"template":"","format":"standard","meta":{"_monsterinsights_skip_tracking":false,"_monsterinsights_sitenote_active":false,"_monsterinsights_sitenote_note":"","_monsterinsights_sitenote_category":0,"footnotes":""},"categories":[114],"tags":[],"class_list":["post-4853","post","type-post","status-publish","format-standard","hentry","category-actualites"],"aioseo_notices":[],"_links":{"self":[{"href":"http:\/\/etresoi-e.com\/blog\/wp-json\/wp\/v2\/posts\/4853","targetHints":{"allow":["GET"]}}],"collection":[{"href":"http:\/\/etresoi-e.com\/blog\/wp-json\/wp\/v2\/posts"}],"about":[{"href":"http:\/\/etresoi-e.com\/blog\/wp-json\/wp\/v2\/types\/post"}],"author":[{"embeddable":true,"href":"http:\/\/etresoi-e.com\/blog\/wp-json\/wp\/v2\/users\/3"}],"replies":[{"embeddable":true,"href":"http:\/\/etresoi-e.com\/blog\/wp-json\/wp\/v2\/comments?post=4853"}],"version-history":[{"count":1,"href":"http:\/\/etresoi-e.com\/blog\/wp-json\/wp\/v2\/posts\/4853\/revisions"}],"predecessor-version":[{"id":4856,"href":"http:\/\/etresoi-e.com\/blog\/wp-json\/wp\/v2\/posts\/4853\/revisions\/4856"}],"wp:attachment":[{"href":"http:\/\/etresoi-e.com\/blog\/wp-json\/wp\/v2\/media?parent=4853"}],"wp:term":[{"taxonomy":"category","embeddable":true,"href":"http:\/\/etresoi-e.com\/blog\/wp-json\/wp\/v2\/categories?post=4853"},{"taxonomy":"post_tag","embeddable":true,"href":"http:\/\/etresoi-e.com\/blog\/wp-json\/wp\/v2\/tags?post=4853"}],"curies":[{"name":"wp","href":"https:\/\/api.w.org\/{rel}","templated":true}]}}