{"id":4857,"date":"2021-12-25T05:38:00","date_gmt":"2021-12-25T04:38:00","guid":{"rendered":"http:\/\/etresoi-e.com\/blog\/?p=4857"},"modified":"2021-12-25T20:02:23","modified_gmt":"2021-12-25T19:02:23","slug":"joyeuse-journee","status":"publish","type":"post","link":"http:\/\/etresoi-e.com\/blog\/joyeuse-journee\/","title":{"rendered":"Joyeuse journ\u00e9e !"},"content":{"rendered":"\n<p class=\"has-text-align-center\">Bonjour, <\/p>\n\n\n\n<p class=\"has-text-align-center\">Connaissant les origines de No\u00ebl, je suis incapable de souhaiter un Joyeux No\u00ebl, Joyeuse journ\u00e9e sans Lumi\u00e8re ! <\/p>\n\n\n\n<p class=\"has-text-align-center\">Dans le pass\u00e9 les gens f\u00eataient No\u00ebl comme \u00e9tant la date de naissance de J\u00e9sus alors qu&rsquo;il n&rsquo;est absolument pas n\u00e9 \u00e0 cette date, mais plut\u00f4t au printemps, le 14 avril selon certains. Tout ce qui est certain c&rsquo;est que le 25 d\u00e9cembre est une date choisie pour correspondre avec d&rsquo;anciennes f\u00eates pa\u00efennes et que \u00e7a n&rsquo;a vraiment rien \u00e0 voir avec la naissance du Christ. <\/p>\n\n\n\n<p class=\"has-text-align-center\">Au fil du temps, cette f\u00eate a fini par devenir une f\u00eate de surconsommation sans le moindre sens o\u00f9 les gens mangent plus en une soir\u00e9e qu&rsquo;en un mois, o\u00f9 ils d\u00e9pensent des sommes folles en cadeaux qui ne servent qu&rsquo;\u00e0 montrer la grosseur de leur compte en banque ou choisis juste pour \u00ab\u00a0faire bien\u00a0\u00bb mais dont le destinataire n&rsquo;a pas la moindre envie. Cadeaux qui finiront dans un coin du garage ou seront revendus sur un site de seconde main. <\/p>\n\n\n\n<p class=\"has-text-align-center\">Dans de nombreuses familles la soir\u00e9e se terminera en eau de boudin, en disputes, bagarres, voire certains en viendront aux poings apr\u00e8s avoir bu le verre de trop qui fera qu&rsquo;une remarque trop acerbe, un reproche sur un fait ancien mais qui n&rsquo;avait jamais \u00e9t\u00e9 exprim\u00e9, deviendront un beau sujet de m\u00e9sentente o\u00f9 tout le monde mettra son grain de sel pour envenimer une situation d\u00e9j\u00e0 tendue. <\/p>\n\n\n\n<div class=\"wp-block-image\"><figure class=\"aligncenter\"><img decoding=\"async\" src=\"https:\/\/scontent.fbru5-1.fna.fbcdn.net\/v\/t39.30808-6\/269860280_10229115874908038_5435660929730935427_n.jpg?_nc_cat=103&amp;ccb=1-5&amp;_nc_sid=8bfeb9&amp;_nc_ohc=fwi7LSCJSH4AX81Eta-&amp;_nc_ht=scontent.fbru5-1.fna&amp;oh=00_AT86N6JdHDdouSMQNZQCRBVrmOj7ycGRdHbuXPSjDUQzRw&amp;oe=61CC293B\" alt=\"Peut \u00eatre une image en noir et blanc de rue et texte\"\/><\/figure><\/div>\n\n\n\n<p class=\"has-text-align-center\">J&rsquo;ose esp\u00e9rer que, pour vous, et malgr\u00e9 la situation compliqu\u00e9e que nous vivons et qui monte les uns contre les autres (vax, non vax), vous passerez un doux No\u00ebl dans la paix. Cette situation fait que certains voient les non vax comme des irresponsables assassins potentiels, que des non vax voient les vax comme des moutons responsables de la mise en place d&rsquo;un syst\u00e8me totalitaire et d&rsquo;une vie de merde pour les g\u00e9n\u00e9rations futures, que chacun y va de son avis sur les vaccins protecteurs d&rsquo;un c\u00f4t\u00e9, injections exp\u00e9rimentales dangereuses pour les autres. Tout \u00e7a n&rsquo;est d\u00e9j\u00e0 pas simple en temps normal, mais dans une p\u00e9riode o\u00f9 certains se mettent \u00e0 exiger de leur famille qu&rsquo;ils fassent un test PCR qui ne veut rien dire pour les rencontrer \u00e0 No\u00ebl, \u00e7a risque bien de d\u00e9g\u00e9n\u00e9rer au premier quart de tour. Je ne vous le souhaite pas et esp\u00e8re que tout se passera dans la bienveillance et le calme pour tous. <\/p>\n\n\n\n<p class=\"has-text-align-center\">Prenez soin de vous, \u00e9coutez votre coeur, et profitez de ce moment pour vous retrouver, \u00e9teignez la t\u00e9l\u00e9 ! Profitez de l&rsquo;instant pr\u00e9sent, de vos proches tant qu&rsquo;ils sont pr\u00e9sents. Aimez vous, aimez ceux qui vous veulent du bien et oubliez les autres <\/p>\n\n\n\n<p class=\"has-text-align-center\"><em>Mabelle <\/em><\/p>\n\n\n\n<p><\/p>\n","protected":false},"excerpt":{"rendered":"<p>Bonjour, Connaissant les origines de No\u00ebl, je suis incapable de souhaiter un Joyeux No\u00ebl, Joyeuse journ\u00e9e sans Lumi\u00e8re ! Dans le pass\u00e9 les gens f\u00eataient No\u00ebl comme \u00e9tant la date de naissance de J\u00e9sus alors qu&rsquo;il n&rsquo;est absolument pas n\u00e9 \u00e0 cette date, mais plut\u00f4t au printemps, le 14 avril selon certains. Tout ce qui &hellip; <a href=\"http:\/\/etresoi-e.com\/blog\/joyeuse-journee\/\" class=\"more-link\">Continuer la lecture de <span class=\"screen-reader-text\">Joyeuse journ\u00e9e !<\/span>  <span class=\"meta-nav\">&rarr;<\/span><\/a><\/p>\n","protected":false},"author":3,"featured_media":0,"comment_status":"open","ping_status":"open","sticky":false,"template":"","format":"standard","meta":{"_monsterinsights_skip_tracking":false,"_monsterinsights_sitenote_active":false,"_monsterinsights_sitenote_note":"","_monsterinsights_sitenote_category":0,"footnotes":""},"categories":[114],"tags":[],"class_list":["post-4857","post","type-post","status-publish","format-standard","hentry","category-actualites"],"aioseo_notices":[],"_links":{"self":[{"href":"http:\/\/etresoi-e.com\/blog\/wp-json\/wp\/v2\/posts\/4857","targetHints":{"allow":["GET"]}}],"collection":[{"href":"http:\/\/etresoi-e.com\/blog\/wp-json\/wp\/v2\/posts"}],"about":[{"href":"http:\/\/etresoi-e.com\/blog\/wp-json\/wp\/v2\/types\/post"}],"author":[{"embeddable":true,"href":"http:\/\/etresoi-e.com\/blog\/wp-json\/wp\/v2\/users\/3"}],"replies":[{"embeddable":true,"href":"http:\/\/etresoi-e.com\/blog\/wp-json\/wp\/v2\/comments?post=4857"}],"version-history":[{"count":1,"href":"http:\/\/etresoi-e.com\/blog\/wp-json\/wp\/v2\/posts\/4857\/revisions"}],"predecessor-version":[{"id":4858,"href":"http:\/\/etresoi-e.com\/blog\/wp-json\/wp\/v2\/posts\/4857\/revisions\/4858"}],"wp:attachment":[{"href":"http:\/\/etresoi-e.com\/blog\/wp-json\/wp\/v2\/media?parent=4857"}],"wp:term":[{"taxonomy":"category","embeddable":true,"href":"http:\/\/etresoi-e.com\/blog\/wp-json\/wp\/v2\/categories?post=4857"},{"taxonomy":"post_tag","embeddable":true,"href":"http:\/\/etresoi-e.com\/blog\/wp-json\/wp\/v2\/tags?post=4857"}],"curies":[{"name":"wp","href":"https:\/\/api.w.org\/{rel}","templated":true}]}}