{"id":4923,"date":"2022-01-17T05:47:00","date_gmt":"2022-01-17T04:47:00","guid":{"rendered":"http:\/\/etresoi-e.com\/blog\/?p=4923"},"modified":"2022-01-16T22:50:16","modified_gmt":"2022-01-16T21:50:16","slug":"actualite-infos-en-vrac","status":"publish","type":"post","link":"http:\/\/etresoi-e.com\/blog\/actualite-infos-en-vrac\/","title":{"rendered":"Actualit\u00e9, infos en vrac"},"content":{"rendered":"\n<p class=\"has-text-align-center\">Bonjour, <\/p>\n\n\n\n<p class=\"has-text-align-center\">J&rsquo;esp\u00e8re que vous allez bien. <\/p>\n\n\n\n<p class=\"has-text-align-center\">Ayant \u00e9t\u00e9 en formation tout le week-end, j&rsquo;ai des choses en retard, et pas trop de temps ce matin. Je vous partage quelques infos en vrac<\/p>\n\n\n\n<p class=\"has-text-align-center\">Tout d&rsquo;abord je vous invite, si vous le souhaitez, \u00e0 participer \u00e0 cette plainte \u00e0 la cour p\u00e9nale internationale contre l&rsquo;\u00e9tat fran\u00e7ais <\/p>\n\n\n\n<p class=\"has-text-align-center\"><a href=\"https:\/\/odysee.com\/@LugNassad:0\/JURIS-CONCEPT-(AGORA-TVNEWS)-Plainte-%C3%A0-la-Cour-P%C3%A9nale-Internationale-(Vaccinations-Obligatoires-Covid-19---Conseils-juridiques):4\">https:\/\/odysee.com\/@LugNassad:0\/JURIS-CONCEPT-(AGORA-TVNEWS)-Plainte-%C3%A0-la-Cour-P%C3%A9nale-Internationale-(Vaccinations-Obligatoires-Covid-19&#8212;Conseils-juridiques):4<\/a><\/p>\n\n\n\n<p class=\"has-text-align-center\">Ou vous joindre \u00e0 la plainte contre l&rsquo;\u00e9tat belge pour incitation \u00e0 la haine <a href=\"https:\/\/www.youtube.com\/watch?v=3JuJVJqoOHI\">https:\/\/www.youtube.com\/watch?v=3JuJVJqoOHI<\/a><\/p>\n\n\n\n<div class=\"wp-block-image\"><figure class=\"aligncenter\"><img decoding=\"async\" src=\"https:\/\/scontent.fbru5-1.fna.fbcdn.net\/v\/t39.30808-6\/271906081_2758648504280934_8310070904521464313_n.jpg?_nc_cat=109&amp;ccb=1-5&amp;_nc_sid=8bfeb9&amp;_nc_ohc=DHbd987ibBsAX_ezLN7&amp;_nc_ht=scontent.fbru5-1.fna&amp;oh=00_AT-WQDEcBQ0Qsr6aNWZC-1MUcLuDJrv6KlvaChJX2UjFLw&amp;oe=61E81C20\" alt=\"Peut \u00eatre une image de texte qui dit \u2019URGENT A DIFFUSER MASSIVEMENT! Le collectif anti corruption CSAPE porte plainte contre des dirigeants fran\u00e7ais \u00e0 la Cour P\u00e9nale Internationale avec demande d'ouverture d'enqu\u00eate pour crime contre l'humanit\u00e9, atteinte \u00e0 la dignit\u00e9 humaine, servitude et g\u00e9nocide sous le num\u00e9ro OTP- CR-271\/21. Ultime recours quand le Consei Constitutionnel, les dirigeants et le Conseil Scientifique sont tous en conflits et d'int\u00e9r\u00eats. Preuves dans la plainte qui a \u00e9t\u00e9 re\u00e7ue \u00e0 la CPI. Un travail juridique, scientifique et journalistique a \u00e9t\u00e9 n\u00e9cessaire pour d\u00e9poser cette plainte historique. La plainte: https:\/\/ www.csape.international\/ csape.sg@hotmail.com\u2019\"\/><\/figure><\/div>\n\n\n\n<p class=\"has-text-align-center\">Il y a quelques semaines quelqu&rsquo;un me disait \u00ab\u00a0je veux bien croire certaines choses de ce que tu dis mais tu exag\u00e8res, comment veux tu que le monde continue si il y a beaucoup de morts ?\u00a0\u00bb J&rsquo;ai d\u00e9j\u00e0 dit, et je le r\u00e9p\u00e8te une fois encore : je partage ce que je pense, je ne pr\u00e9tends pas d\u00e9tenir la v\u00e9rit\u00e9. Cependant toutes mes infos sont v\u00e9rifi\u00e9es et vont dans le sens de ce que pr\u00e9conise le Forum Economique Mondial. Ils veulent r\u00e9duire la population, et ne se g\u00eanent pas pour le dire. J&rsquo;ai d\u00e9j\u00e0 partag\u00e9 des vid\u00e9os dans lequel Bill Gates le disait clairement. Ils ont commenc\u00e9 par \u00e9liminer les anciens pour cesser de payer les retraites, et arr\u00eatez de me dire qu&rsquo;ils sont morts du Covid, \u00e7a c&rsquo;est la version des m\u00e9dias, invent\u00e9e de A \u00e0 Z <a href=\"https:\/\/www.youtube.com\/watch?v=yyxTTuE0pdY\">https:\/\/www.youtube.com\/watch?v=yyxTTuE0pdY<\/a><\/p>\n\n\n\n<p class=\"has-text-align-center\">Les Georgia Guidestones sont \u00e9galement l\u00e0 pour nous le rappeler. Comment ils comptent faire sans les humains ? Bien d\u00e9j\u00e0 s&rsquo;il y a moins d&rsquo;humains, il y a aussi besoin de moins de main d&rsquo;oeuvre forc\u00e9ment. Ensuite, ils font de plus en plus appel aux robots pour nous remplacer. La Chine d\u00e9voile un pr\u00e9sentateur de journal t\u00e9l\u00e9vis\u00e9 dot\u00e9 d\u2019une intelligence artificielle, presque impossible \u00e0 distinguer d\u2019un v\u00e9ritable \u00eatre humain <a href=\"https:\/\/www.etresouverain.com\/2022\/01\/15\/la-chine-devoile-un-presentateur-de-journal-televise-dote-dune-intelligence-artificielle-presque-impossible-a-distinguer-dun-veritable-etre-humain\/\">https:\/\/www.etresouverain.com\/2022\/01\/15\/la-chine-devoile-un-presentateur-de-journal-televise-dote-dune-intelligence-artificielle-presque-impossible-a-distinguer-dun-veritable-etre-humain\/<\/a><\/p>\n\n\n\n<p class=\"has-text-align-center\">Suite \u00e0 la p\u00e9tition contre l&rsquo;obligation vaccinale, des personnes comp\u00e9tentes et non des m\u00e9decins de plateaux t\u00e9l\u00e9 ont enfin pu s&rsquo;exprimer, Alexandra Henrion Caude : <a href=\"https:\/\/vk.com\/video615533256_456256174?list=d3eabf8cb1cf6491f0\">https:\/\/vk.com\/video615533256_456256174?list=d3eabf8cb1cf6491f0<\/a><\/p>\n\n\n\n<p class=\"has-text-align-center\">Mais aussi le Professeur Peronne <a href=\"https:\/\/odysee.com\/@cielvoile:4\/perronne:c1?fbclid=IwAR1YX_R8cM4AcSfUDdtT-aSpgXAfy2c7nTEiB5qkN05_6zGaSdq2cuEEcaI \">https:\/\/odysee.com\/@cielvoile:4\/perronne:c1?fbclid=IwAR1YX_R8cM4AcSfUDdtT-aSpgXAfy2c7nTEiB5qkN05_6zGaSdq2cuEEcaI <\/a><\/p>\n\n\n\n<p class=\"has-text-align-center\">Le professeur Montagner, prix Nobel de m\u00e9decine en 2008 pour ses travaux sur les vaccins, s\u2019est \u00e9galement exprim\u00e9. Qualifi\u00e9 de \u00ab complotiste \u00bb depuis 2 ans par tous les journalistes et le conseil scientifique (compos\u00e9 d\u2019inconnus travaillant pour big pharma), le voil\u00e0 qui revient sur le devant de la sc\u00e8ne. Leurs mensonges deviennent trop gros, et la r\u00e9alit\u00e9 reprend le dessus petit \u00e0 petit apr\u00e8s 2 ans d\u2019hypnose collective <\/p>\n\n\n\n<p class=\"has-text-align-center\">Merci aussi \u00e0 Karima Rouizi pour son intervention : <a href=\"https:\/\/www.youtube.com\/watch?v=6e9Xm64GSJk\">https:\/\/www.youtube.com\/watch?v=6e9Xm64GSJk<\/a><\/p>\n\n\n\n<p class=\"has-text-align-center\">Et pendant que les merdias continuent de mentir sur les effets des vaccins, de nombreuses \u00e9tudes d\u00e9montrent exactement le contraire de leurs propos qui n&rsquo;ont d&rsquo;autre but que de pousser tous les citoyens \u00e0 l&rsquo;injection exp\u00e9rimentale. <\/p>\n\n\n\n<figure class=\"wp-block-embed is-type-link is-provider-page-gaulliste-de-reinformation-les-medias-nous-manipulent-et-nous-mentent-sachons-trier-le-bon-grain-de-l-ivraie\"><div class=\"wp-block-embed__wrapper\">\nhttps:\/\/ns2017.wordpress.com\/2022\/01\/15\/article-d-une-importance-capitale-plus-de-1000-etudes-scientifiques-sur-la-dangerosite-des-vaccins-covid-19\/\n<\/div><\/figure>\n\n\n\n<p class=\"has-text-align-center\">Je continue de trouver inadmissible qu&rsquo;ils ne parlent que de vaccins, de pass vaccinal, d&rsquo;obligation vaccinale alors que \u00e7a n&rsquo;en a jamais \u00e9t\u00e9. C&rsquo;est toujours des injections exp\u00e9rimentales et \u00e7a change tout parce que je doute qu&rsquo;autant de personnes se seraient laiss\u00e9 injecter ces horreurs si on leur avait clairement dit \u00ab\u00a0on va vous injecter un produit qui en est toujours au stade exp\u00e9rimental, dont certaines phases ont \u00e9t\u00e9 b\u00e2cl\u00e9es, les r\u00e9sultats falsifi\u00e9s et on ne sait absolument rien des effets secondaires ni \u00e0 court ni \u00e0 long terme. Vous en mourrez forc\u00e9ment vu ce que \u00e7a contient, et nous voulons savoir combien de temps \u00e7a prendra puisque tous les animaux qui l&rsquo;ont re\u00e7ue sont morts\u00a0\u00bb. Je doute \u00e9galement que la plupart des gens auraient accept\u00e9 s&rsquo;il n&rsquo;y avait pas eu autant de pressions et fausses promesses. La plupart des personnes qui ont accept\u00e9 (pensant recevoir un vaccin) l&rsquo;ont fait parce que cela devait leur rendre leur libert\u00e9. Ah, elle est belle la libert\u00e9 : devoir montrer un code barre pour toute sortie, et se voir p\u00e9nalis\u00e9 quand on ne continue pas les injections tous les trimestres. Bient\u00f4t toutes les semaines ? Tous les jours ? Elle est merveilleuse cette libert\u00e9 de se voir interrompre sa s\u00e9ance de cin\u00e9 pour v\u00e9rification de pass, de continuer \u00e0 devoir porter un masque, synonyme de soumission au syst\u00e8me et jamais protection contre un virus ! <\/p>\n\n\n\n<figure class=\"wp-block-image size-large\"><img loading=\"lazy\" decoding=\"async\" width=\"645\" height=\"645\" src=\"http:\/\/etresoi-e.com\/blog\/wp-content\/uploads\/2022\/01\/masque-symbole-de-la-pand\u00e9mie.jpg\" alt=\"\" class=\"wp-image-4925\" srcset=\"http:\/\/etresoi-e.com\/blog\/wp-content\/uploads\/2022\/01\/masque-symbole-de-la-pand\u00e9mie.jpg 645w, http:\/\/etresoi-e.com\/blog\/wp-content\/uploads\/2022\/01\/masque-symbole-de-la-pand\u00e9mie-300x300.jpg 300w, http:\/\/etresoi-e.com\/blog\/wp-content\/uploads\/2022\/01\/masque-symbole-de-la-pand\u00e9mie-200x200.jpg 200w, http:\/\/etresoi-e.com\/blog\/wp-content\/uploads\/2022\/01\/masque-symbole-de-la-pand\u00e9mie-50x50.jpg 50w\" sizes=\"auto, (max-width: 645px) 100vw, 645px\" \/><\/figure>\n\n\n\n<p class=\"has-text-align-center\">Je suis outr\u00e9e de voir ces parents qui laissent leurs enfants en manque d&rsquo;oxyg\u00e8ne toute la journ\u00e9e et les sermonent sans cesse en leur faisant porter sur les \u00e9paules la responsabilit\u00e9 des milliers de morts (qu&rsquo;il n&rsquo;y a pas puisque les chiffres sont invent\u00e9s depuis le premier jour). A tel point que ces enfants ne veulent m\u00eame pas enlever le masque une fois rentr\u00e9 \u00e0 la maison tant ils sont format\u00e9s et en resteront traumatis\u00e9s \u00e0 vie. <\/p>\n\n\n\n<div class=\"wp-block-image\"><figure class=\"aligncenter size-large\"><img loading=\"lazy\" decoding=\"async\" width=\"1024\" height=\"576\" src=\"http:\/\/etresoi-e.com\/blog\/wp-content\/uploads\/2022\/01\/Le-masque-ne-prot\u00e8ge-pas-des-virus-cette-image-met-le-virus-en-proportion-1-1024x576.jpg\" alt=\"\" class=\"wp-image-4927\" srcset=\"http:\/\/etresoi-e.com\/blog\/wp-content\/uploads\/2022\/01\/Le-masque-ne-prot\u00e8ge-pas-des-virus-cette-image-met-le-virus-en-proportion-1-1024x576.jpg 1024w, http:\/\/etresoi-e.com\/blog\/wp-content\/uploads\/2022\/01\/Le-masque-ne-prot\u00e8ge-pas-des-virus-cette-image-met-le-virus-en-proportion-1-300x169.jpg 300w, http:\/\/etresoi-e.com\/blog\/wp-content\/uploads\/2022\/01\/Le-masque-ne-prot\u00e8ge-pas-des-virus-cette-image-met-le-virus-en-proportion-1-768x432.jpg 768w, http:\/\/etresoi-e.com\/blog\/wp-content\/uploads\/2022\/01\/Le-masque-ne-prot\u00e8ge-pas-des-virus-cette-image-met-le-virus-en-proportion-1-50x28.jpg 50w, http:\/\/etresoi-e.com\/blog\/wp-content\/uploads\/2022\/01\/Le-masque-ne-prot\u00e8ge-pas-des-virus-cette-image-met-le-virus-en-proportion-1.jpg 1280w\" sizes=\"auto, (max-width: 1024px) 100vw, 1024px\" \/><\/figure><\/div>\n\n\n\n<p class=\"has-text-align-center\">Combien d&rsquo;enfants vont avoir besoin des services de psychiatres qui reconnaissent leur incapacit\u00e9 \u00e0 les aider vraiment ? Combien vont se suicider ? Ca, \u00e9videmment aucun m\u00e9dia n&rsquo;en parle, malgr\u00e9 le fait que le nombre de suicides parmi les enfants est mont\u00e9 en fl\u00e8che depuis le premier confinement. Combien martyrisent leurs enfants en leur enfon\u00e7ant un b\u00e2ton dans le nez, jusque tout contre le cerveau pour ob\u00e9ir \u00e0 un syst\u00e8me corrompu jusqu&rsquo;\u00e0 la mo\u00eblle ? Tous ces parents sont-ils donc devenus fous ? Sans parler de ceux qui se sont d\u00e9plac\u00e9s le week-end du 9 au zoo d&rsquo;Anvers parce qu&rsquo;ils y avaient la possibilit\u00e9 d&rsquo;injecter dans les petits corps de ces pauvres enfants un poison qui risque de les rendre handicap\u00e9s avant m\u00eame d&rsquo;atteindre l&rsquo;\u00e2ge adulte, sans parler de tous les d\u00e9c\u00e8s ! Tout \u00e7a parce que les enfants reprenaient l&rsquo;\u00e9cole le lendemain !!! Aucun de ces parents n&rsquo;est donc capable d&rsquo;aller voir les chiffres officiels et de voir qu&rsquo;aucun enfant n&rsquo;est mort de Covid depuis deux ans ? C&rsquo;est quoi le but de donner son enfant en cobaye \u00e0 des laboratoires fous, alors qu&rsquo;il ne pr\u00e9sente pas le moindre risque, ni pour lui m\u00eame, ni pour ses copains, ni pour les adultes ? Mais quand Castex (soit-disant double vax) pr\u00e9tend avoir le Covid, attrap\u00e9 de sa fille de 12 ans, alors qu&rsquo;on peut trouver des dizaines de vid\u00e9os de lui sans masque, sans geste barri\u00e8re, qui fait la f\u00eate avec ses potes, personne ne s&rsquo;en \u00e9tonne, et c&rsquo;est forc\u00e9ment la gamine la responsable. D\u00e9j\u00e0, qui nous dit qu&rsquo;il avait le Covid ? Qui en a la preuve ? Pourquoi personne ne s&rsquo;\u00e9tonne que cette contamination arrive \u00e0 point nomm\u00e9 au moment o\u00f9 la vaccination des enfants \u00e9tait justement mise sur le planning des politiciens pourris ? Tous les parents sont ils donc devenus aveugles, sourds, sans la moindre capacit\u00e9 \u00e0 r\u00e9fl\u00e9chir en plus d&rsquo;\u00eatre irresponsables ? Comme le dit Ruffin \u00e0 propos des politiciens, qu&rsquo;ont ils fait de leurs \u00e2mes ? <\/p>\n\n\n\n<figure class=\"wp-block-embed-youtube aligncenter wp-block-embed is-type-video is-provider-youtube wp-embed-aspect-16-9 wp-has-aspect-ratio\"><div class=\"wp-block-embed__wrapper\">\n<iframe loading=\"lazy\" title=\"Passe vaccinal, la banalit\u00e9 du mal\" width=\"474\" height=\"267\" src=\"https:\/\/www.youtube.com\/embed\/F0f7EKixM64?feature=oembed\" frameborder=\"0\" allow=\"accelerometer; autoplay; clipboard-write; encrypted-media; gyroscope; picture-in-picture; web-share\" referrerpolicy=\"strict-origin-when-cross-origin\" allowfullscreen><\/iframe>\n<\/div><\/figure>\n\n\n\n<p class=\"has-text-align-center\">Est-ce \u00e7a le plus important de leur vie ? Pouvoir aller skier aux cong\u00e9s de carnaval, manger au resto ou au cin\u00e9ma ? Est \u00e7a qui est plus important que la vie de leurs enfants ? Je vous le dis, j&rsquo;ai honte d&rsquo;\u00eatre humaine quand je vois de quoi vous \u00eates capables. Ceux que vous nommez des b\u00eates ont plus d&rsquo;amour que vous pour leurs enfants et les prot\u00e8gent bien mieux. Ce monde est devenu fou, pire qu&rsquo;un asile psychiatrique. <\/p>\n\n\n\n<p class=\"has-text-align-center\">Voici le lien du doctothon sp\u00e9cial enfants sur youtube, il sera sans doute rapidement censur\u00e9, et il dure plus de 8 heures donc si vraiment certains ont fait injecter leur enfant croyant bien faire, je vous conseille d&rsquo;annuler imm\u00e9diatement tout ce que vous avez pr\u00e9vu de faire et de regarder cette vid\u00e9o avant de pleurer des larmes de sang <a href=\"https:\/\/vk.com\/away.php?to=https%3A%2F%2Fwww.youtube.com%2Fwatch%3Fv%3DEA7AzAUN634&amp;post=616596240_7749&amp;cc_key=\" target=\"_blank\" rel=\"noreferrer noopener\">https:\/\/www.youtube.com\/watch?v=EA7AzAUN634<\/a><\/p>\n\n\n\n<p class=\"has-text-align-center\">Le gouvernement britannique admet que les vaccins ont endommag\u00e9 le syst\u00e8me immunitaire naturel des personnes doublement vaccin\u00e9es. Le gouvernement britannique a admis qu&rsquo;apr\u00e8s une double vaccination, on ne sera plus jamais en mesure d&rsquo;acqu\u00e9rir une immunit\u00e9 naturelle compl\u00e8te contre les variantes du Covid &#8211; ou \u00e9ventuellement contre tout autre virus. Regardons donc la \u00ab\u00a0vraie\u00a0\u00bb pand\u00e9mie commencer maintenant ! Dans son \u00ab\u00a0Rapport de surveillance du vaccin COVID-19\u00a0\u00bb de la semaine 42, l&rsquo;autorit\u00e9 sanitaire britannique reconna\u00eet, \u00e0 la page 23, que \u00ab\u00a0les niveaux d&rsquo;anticorps N semblent \u00eatre plus faibles chez les personnes infect\u00e9es apr\u00e8s deux doses de vaccin\u00a0\u00bb. Il est \u00e9galement pr\u00e9cis\u00e9 que cette baisse des anticorps est en fait permanente. Qu&rsquo;est-ce que cela signifie ? Nous savons que les vaccins n&#8217;emp\u00eachent pas l&rsquo;infection ou la transmission du virus (en fait, le rapport indique ailleurs que les adultes vaccin\u00e9s sont d\u00e9sormais beaucoup plus susceptibles d&rsquo;\u00eatre infect\u00e9s que les adultes non vaccin\u00e9s). Les Britanniques constatent maintenant que le vaccin alt\u00e8re la capacit\u00e9 de l&rsquo;organisme \u00e0 produire des anticorps apr\u00e8s l&rsquo;infection, non seulement contre la prot\u00e9ine spike, mais aussi contre d&rsquo;autres parties du virus. En particulier, les personnes vaccin\u00e9es ne semblent pas produire d&rsquo;anticorps contre la prot\u00e9ine de la nucl\u00e9ocapside, l&rsquo;enveloppe du virus, qui est un \u00e9l\u00e9ment crucial de la r\u00e9action chez les personnes non vaccin\u00e9es. \u00c0 long terme, les personnes vaccin\u00e9es sont beaucoup plus vuln\u00e9rables \u00e0 d&rsquo;\u00e9ventuelles mutations de la prot\u00e9ine spike, m\u00eame si elles ont d\u00e9j\u00e0 \u00e9t\u00e9 infect\u00e9es et gu\u00e9ries une ou plusieurs fois. Les personnes non vaccin\u00e9es, en revanche, acquerront une immunit\u00e9 durable, voire permanente, contre toutes les souches du pr\u00e9tendu virus apr\u00e8s l&rsquo;avoir contract\u00e9 naturellement, ne serait-ce qu&rsquo;une fois. <a href=\"https:\/\/assets.publishing.service.gov.uk\/government\/uploads\/system\/uploads\/attachment_data\/file\/1027511\/Vaccine-surveillance-report-week-42.pdf?fbclid=IwAR16ChE49QFBvw5Hkoi3tZ9Ukxsy_w4rC4JDeKka87BGCj1OolbTDc-t92I\" rel=\"noreferrer noopener\" target=\"_blank\">https:\/\/assets.publishing.service.gov.uk\/government\/uploads\/system\/uploads\/attachment_data\/file\/1027511\/Vaccine-surveillance-report-week-42.pdf<\/a><\/p>\n\n\n\n<p class=\"has-text-align-center\">Je pr\u00e9f\u00e8re terminer sur une note positive, avec pour terminer une petite vid\u00e9o sur la r\u00e9incarnation <a href=\"https:\/\/www.youtube.com\/watch?v=U6SuRVmY69o\">https:\/\/www.youtube.com\/watch?v=U6SuRVmY69o<\/a><\/p>\n\n\n\n<p class=\"has-text-align-center\">Prenez soin de vous, prot\u00e9gez vos enfants. Ils sont bien plus que vos enfants, ce sont eux l&rsquo;avenir de l&rsquo;humanit\u00e9. <\/p>\n\n\n\n<p class=\"has-text-align-center\"><em>Mabelle <\/em><\/p>\n","protected":false},"excerpt":{"rendered":"<p>Bonjour, J&rsquo;esp\u00e8re que vous allez bien. Ayant \u00e9t\u00e9 en formation tout le week-end, j&rsquo;ai des choses en retard, et pas trop de temps ce matin. Je vous partage quelques infos en vrac Tout d&rsquo;abord je vous invite, si vous le souhaitez, \u00e0 participer \u00e0 cette plainte \u00e0 la cour p\u00e9nale internationale contre l&rsquo;\u00e9tat fran\u00e7ais https:\/\/odysee.com\/@LugNassad:0\/JURIS-CONCEPT-(AGORA-TVNEWS)-Plainte-%C3%A0-la-Cour-P%C3%A9nale-Internationale-(Vaccinations-Obligatoires-Covid-19&#8212;Conseils-juridiques):4 &hellip; <a href=\"http:\/\/etresoi-e.com\/blog\/actualite-infos-en-vrac\/\" class=\"more-link\">Continuer la lecture de <span class=\"screen-reader-text\">Actualit\u00e9, infos en vrac<\/span>  <span class=\"meta-nav\">&rarr;<\/span><\/a><\/p>\n","protected":false},"author":3,"featured_media":0,"comment_status":"open","ping_status":"open","sticky":false,"template":"","format":"standard","meta":{"_monsterinsights_skip_tracking":false,"_monsterinsights_sitenote_active":false,"_monsterinsights_sitenote_note":"","_monsterinsights_sitenote_category":0,"footnotes":""},"categories":[114],"tags":[],"class_list":["post-4923","post","type-post","status-publish","format-standard","hentry","category-actualites"],"aioseo_notices":[],"_links":{"self":[{"href":"http:\/\/etresoi-e.com\/blog\/wp-json\/wp\/v2\/posts\/4923","targetHints":{"allow":["GET"]}}],"collection":[{"href":"http:\/\/etresoi-e.com\/blog\/wp-json\/wp\/v2\/posts"}],"about":[{"href":"http:\/\/etresoi-e.com\/blog\/wp-json\/wp\/v2\/types\/post"}],"author":[{"embeddable":true,"href":"http:\/\/etresoi-e.com\/blog\/wp-json\/wp\/v2\/users\/3"}],"replies":[{"embeddable":true,"href":"http:\/\/etresoi-e.com\/blog\/wp-json\/wp\/v2\/comments?post=4923"}],"version-history":[{"count":4,"href":"http:\/\/etresoi-e.com\/blog\/wp-json\/wp\/v2\/posts\/4923\/revisions"}],"predecessor-version":[{"id":4950,"href":"http:\/\/etresoi-e.com\/blog\/wp-json\/wp\/v2\/posts\/4923\/revisions\/4950"}],"wp:attachment":[{"href":"http:\/\/etresoi-e.com\/blog\/wp-json\/wp\/v2\/media?parent=4923"}],"wp:term":[{"taxonomy":"category","embeddable":true,"href":"http:\/\/etresoi-e.com\/blog\/wp-json\/wp\/v2\/categories?post=4923"},{"taxonomy":"post_tag","embeddable":true,"href":"http:\/\/etresoi-e.com\/blog\/wp-json\/wp\/v2\/tags?post=4923"}],"curies":[{"name":"wp","href":"https:\/\/api.w.org\/{rel}","templated":true}]}}