{"id":4946,"date":"2022-01-19T05:33:00","date_gmt":"2022-01-19T04:33:00","guid":{"rendered":"http:\/\/etresoi-e.com\/blog\/?p=4946"},"modified":"2022-01-16T21:59:25","modified_gmt":"2022-01-16T20:59:25","slug":"hommage-a-un-resistant","status":"publish","type":"post","link":"http:\/\/etresoi-e.com\/blog\/hommage-a-un-resistant\/","title":{"rendered":"Hommage \u00e0 un r\u00e9sistant"},"content":{"rendered":"\n<p class=\"has-text-align-center\">Bonjour, <\/p>\n\n\n\n<p class=\"has-text-align-center\">J&rsquo;esp\u00e8re que vous allez bien. Il m&rsquo;arrive r\u00e9guli\u00e8rement d&rsquo;\u00e9crire un article puis de ne pas cliquer sur publier et de le retrouver deux ou trois semaines plus tard dans le brouillons qui n&rsquo;ont pas \u00e9t\u00e9 publi\u00e9s. C&rsquo;est le cas de celui-ci. <\/p>\n\n\n\n<p class=\"has-text-align-center\">St\u00e9phane Blet \u00e9tait un pianiste et compositeur fran\u00e7ais de renomm\u00e9e internationale, auteur de\u00a0\u00ab\u00a0Kontre Kulture\u00a0\u00bb\u00a0et 12 rhapsodies\u00a0ottomanes-turques. Il s&rsquo;\u00e9tait exil\u00e9 en Turquie depuis 2016<strong> <\/strong>et a \u00e9t\u00e9 retrouv\u00e9 d\u00e9fenestr\u00e9 de la fen\u00eatre du 6\u00e8me \u00e9tage de l&rsquo;h\u00f4tel dans lequel il r\u00e9sidait \u00e0 Gen\u00e8ve le 7 janvier dernier <\/p>\n\n\n\n<p class=\"has-text-align-center\">C&rsquo;\u00e9tait aussi un ancien franc-ma\u00e7on qui faisait partie des r\u00e9sistants. Il avait quitt\u00e9 l\u2019organisation et avait d\u00e9nonc\u00e9\u00a0\u00abl\u2019imposture de cette soci\u00e9t\u00e9 secr\u00e8te\u00bb. En 2017 il avait d&rsquo;ailleurs \u00e9crit un livre sur le sujet <a href=\"https:\/\/amzn.to\/34Kz3LJ \">https:\/\/amzn.to\/34Kz3LJ <\/a><\/p>\n\n\n\n<p class=\"has-text-align-center\">Ses prises de position lui avaient valu un harc\u00e8lement par certains  groupes. Il apportait r\u00e9guli\u00e8rement son soutien aux Gilets jaunes et la Palestine. <\/p>\n\n\n\n<figure class=\"wp-block-image\"><img decoding=\"async\" src=\"https:\/\/www.medyaturk.info\/wp-content\/uploads\/2022\/01\/262114256_464171915137374_1022414116329148357_n.jpg\" alt=\"D\u00e9c\u00e8s du c\u00e9l\u00e8bre pianiste fran\u00e7ais, St\u00e9phane Blet, exil\u00e9 en Turquie -  Medyaturk\"\/><\/figure>\n\n\n\n<p class=\"has-text-align-center\">La circonstance exacte de sa mort reste pour le moment inconnue mais d\u2019apr\u00e8s ses proches\u00a0\u00ab certains voudraient le faire passer pour un suicide. Or, il \u00e9tait en pleine forme et avait pr\u00e9vu de diffuser une vid\u00e9o en direct le soir de sa mort\u00a0\u00bb<\/p>\n\n\n\n<p class=\"has-text-align-center\">Voici une vid\u00e9o datant d&rsquo;environ trois mois <a href=\"https:\/\/www.facebook.com\/permalink.php?story_fbid=1497058730659045&amp;id=100010647973946\">https:\/\/www.facebook.com\/permalink.php?story_fbid=1497058730659045&amp;id=100010647973946<\/a><\/p>\n\n\n\n<p class=\"has-text-align-center\">Dans sa derni\u00e8re vid\u00e9o publi\u00e9e, le soir du nouvel an, il avait souhait\u00e9 une\u00a0\u00ab excellente ann\u00e9e 2022 \u00bb\u00a0\u00e0 tous les Fran\u00e7ais et avait critiqu\u00e9 l\u2019obligation vaccinale : <a href=\"https:\/\/www.youtube.com\/watch?v=Jki4Cazxlec\">https:\/\/www.youtube.com\/watch?v=Jki4Cazxlec<\/a><\/p>\n\n\n\n<p class=\"has-text-align-center\">Et un hommage de la part de Rivarol\u00a0: <a href=\"https:\/\/www.youtube.com\/watch?v=hhu8RWu3Maw\">https:\/\/www.youtube.com\/watch?v=hhu8RWu3Maw<\/a><\/p>\n\n\n\n<p class=\"has-text-align-center\">Reposez en paix monsieur Blet<\/p>\n\n\n\n<p class=\"has-text-align-center\"><em>Mabelle <\/em><\/p>\n","protected":false},"excerpt":{"rendered":"<p>Bonjour, J&rsquo;esp\u00e8re que vous allez bien. Il m&rsquo;arrive r\u00e9guli\u00e8rement d&rsquo;\u00e9crire un article puis de ne pas cliquer sur publier et de le retrouver deux ou trois semaines plus tard dans le brouillons qui n&rsquo;ont pas \u00e9t\u00e9 publi\u00e9s. C&rsquo;est le cas de celui-ci. St\u00e9phane Blet \u00e9tait un pianiste et compositeur fran\u00e7ais de renomm\u00e9e internationale, auteur de\u00a0\u00ab\u00a0Kontre &hellip; <a href=\"http:\/\/etresoi-e.com\/blog\/hommage-a-un-resistant\/\" class=\"more-link\">Continuer la lecture de <span class=\"screen-reader-text\">Hommage \u00e0 un r\u00e9sistant<\/span>  <span class=\"meta-nav\">&rarr;<\/span><\/a><\/p>\n","protected":false},"author":3,"featured_media":0,"comment_status":"open","ping_status":"open","sticky":false,"template":"","format":"standard","meta":{"_monsterinsights_skip_tracking":false,"_monsterinsights_sitenote_active":false,"_monsterinsights_sitenote_note":"","_monsterinsights_sitenote_category":0,"footnotes":""},"categories":[114],"tags":[],"class_list":["post-4946","post","type-post","status-publish","format-standard","hentry","category-actualites"],"aioseo_notices":[],"_links":{"self":[{"href":"http:\/\/etresoi-e.com\/blog\/wp-json\/wp\/v2\/posts\/4946","targetHints":{"allow":["GET"]}}],"collection":[{"href":"http:\/\/etresoi-e.com\/blog\/wp-json\/wp\/v2\/posts"}],"about":[{"href":"http:\/\/etresoi-e.com\/blog\/wp-json\/wp\/v2\/types\/post"}],"author":[{"embeddable":true,"href":"http:\/\/etresoi-e.com\/blog\/wp-json\/wp\/v2\/users\/3"}],"replies":[{"embeddable":true,"href":"http:\/\/etresoi-e.com\/blog\/wp-json\/wp\/v2\/comments?post=4946"}],"version-history":[{"count":1,"href":"http:\/\/etresoi-e.com\/blog\/wp-json\/wp\/v2\/posts\/4946\/revisions"}],"predecessor-version":[{"id":4947,"href":"http:\/\/etresoi-e.com\/blog\/wp-json\/wp\/v2\/posts\/4946\/revisions\/4947"}],"wp:attachment":[{"href":"http:\/\/etresoi-e.com\/blog\/wp-json\/wp\/v2\/media?parent=4946"}],"wp:term":[{"taxonomy":"category","embeddable":true,"href":"http:\/\/etresoi-e.com\/blog\/wp-json\/wp\/v2\/categories?post=4946"},{"taxonomy":"post_tag","embeddable":true,"href":"http:\/\/etresoi-e.com\/blog\/wp-json\/wp\/v2\/tags?post=4946"}],"curies":[{"name":"wp","href":"https:\/\/api.w.org\/{rel}","templated":true}]}}