{"id":5635,"date":"2022-07-03T11:37:00","date_gmt":"2022-07-03T10:37:00","guid":{"rendered":"http:\/\/etresoi-e.com\/blog\/?p=5635"},"modified":"2022-07-10T22:44:10","modified_gmt":"2022-07-10T21:44:10","slug":"plus-il-y-a-de-mensonges-et-mieux-cest","status":"publish","type":"post","link":"http:\/\/etresoi-e.com\/blog\/plus-il-y-a-de-mensonges-et-mieux-cest\/","title":{"rendered":"Plus il y a de mensonges et mieux c&rsquo;est"},"content":{"rendered":"\n<p class=\"has-text-align-center\">Bonjour, j&rsquo;esp\u00e8re que vous allez bien en ce beau dimanche ensoleill\u00e9, avec un ciel \u00ab\u00a0normal\u00a0\u00bb contrairement au ciel laiteux de toutes ces derni\u00e8res semaines. Seraient ils \u00e0 court de chemtrails ou les pilotes sont ils en vacances ? <\/p>\n\n\n\n<p class=\"has-text-align-center\">Bon j&rsquo;avais l&rsquo;intention de publier 3-4 informations, mais, comme toujours, tout en \u00e9crivant, j&rsquo;ai d&rsquo;autres choses qui me viennent en t\u00eate et que je me dois de mettre en lumi\u00e8re. A propos de pilotes et vacances, justement. Il faut savoir que dans de nombreux a\u00e9roports \u00e0 travers le monde des vacanciers se retrouvent bloqu\u00e9s parce que leurs vols sont annul\u00e9s. Evidemment les merdias parlent de gr\u00e8ve et ne disent pas un mot sur le manque de pilotes qui est bien logique et que j&rsquo;avais annonc\u00e9 il y a d\u00e9j\u00e0 des mois. <\/p>\n\n\n\n<div class=\"wp-block-image\"><figure class=\"aligncenter size-large\"><img loading=\"lazy\" decoding=\"async\" width=\"695\" height=\"1024\" src=\"http:\/\/etresoi-e.com\/blog\/wp-content\/uploads\/2022\/07\/image-7-695x1024.png\" alt=\"\" class=\"wp-image-5655\" srcset=\"http:\/\/etresoi-e.com\/blog\/wp-content\/uploads\/2022\/07\/image-7-695x1024.png 695w, http:\/\/etresoi-e.com\/blog\/wp-content\/uploads\/2022\/07\/image-7-204x300.png 204w, http:\/\/etresoi-e.com\/blog\/wp-content\/uploads\/2022\/07\/image-7-768x1131.png 768w, http:\/\/etresoi-e.com\/blog\/wp-content\/uploads\/2022\/07\/image-7-34x50.png 34w, http:\/\/etresoi-e.com\/blog\/wp-content\/uploads\/2022\/07\/image-7.png 945w\" sizes=\"auto, (max-width: 695px) 100vw, 695px\" \/><figcaption>Vu le manque de pilotes, les compagnies ne demandent plus d&rsquo;\u00e9lectrocardiogramme pour le renouvellement de licence de vol, au risque de voir des avions s&rsquo;\u00e9craser au sol<\/figcaption><\/figure><\/div>\n\n\n\n<p class=\"has-text-align-center\">Les compagnies a\u00e9riennes ont exig\u00e9 la vaccination de leur personnel. Donc soit le pilote se posait les bonnes questions et, \u00e9tait capable de faire  le choix de perdre son emploi en d\u00e9missionnant comme l&rsquo;ont fait de nombreux soignants. Et, par la m\u00eame occasion perdre le style de vie qui va avec. Soit il pr\u00e9f\u00e9rait faire l&rsquo;autruche sans se poser de question et a accept\u00e9 le poison.    Il est clair que les soignants avaient une autre mani\u00e8re de voir les choses vu qu&rsquo;ils \u00e9taient en premi\u00e8re ligne pour savoir que ces injections \u00e9taient toujours au stade exp\u00e9rimental  (ce qui est d&rsquo;ailleurs toujours le cas actuellement) et bien plac\u00e9s pour voir au quotidien les effets de ces produits.<\/p>\n\n\n\n<div class=\"wp-block-image\"><figure class=\"aligncenter size-large\"><img loading=\"lazy\" decoding=\"async\" width=\"680\" height=\"494\" src=\"http:\/\/etresoi-e.com\/blog\/wp-content\/uploads\/2022\/07\/en-phase-exp\u00e9rimentale.jpg\" alt=\"\" class=\"wp-image-5636\" srcset=\"http:\/\/etresoi-e.com\/blog\/wp-content\/uploads\/2022\/07\/en-phase-exp\u00e9rimentale.jpg 680w, http:\/\/etresoi-e.com\/blog\/wp-content\/uploads\/2022\/07\/en-phase-exp\u00e9rimentale-300x218.jpg 300w, http:\/\/etresoi-e.com\/blog\/wp-content\/uploads\/2022\/07\/en-phase-exp\u00e9rimentale-50x36.jpg 50w\" sizes=\"auto, (max-width: 680px) 100vw, 680px\" \/><\/figure><\/div>\n\n\n\n<p class=\"has-text-align-center\">Toujours est il que la plupart des pilotes ont accept\u00e9 l&rsquo;injection. D\u00e9j\u00e0 dans les premi\u00e8res semaines des AVC, crises cardiaques, et autres soucis sont apparus. Les pilotes qui y ont surv\u00e9cu ne voleront plus jamais. Quelques mois plus tard, les probl\u00e8mes cardio vasculaires continuent et les pilotes ont beau se regrouper et demander des comptes \u00e0 ceux qui leur ont \u00ab\u00a0impos\u00e9\u00a0\u00bb ces injections, le mal est fait et il manque de pilotes. Et, franchement, si m\u00eame aucun pass vaccinal, test ou quoi que ce soit d&rsquo;autre n&rsquo;\u00e9tait plus exig\u00e9, je ne serais pas rassur\u00e9e de prendre un avion en sachant que le pilote risque un accident cardiaque \u00e0 tout moment et le co-pilote \u00e9galement. En principe les deux hommes ne consomment pas le m\u00eame repas pour \u00e9viter qu&rsquo;en cas d&rsquo;intoxication, l&rsquo;un des deux reste capable de prendre les commandes. Or dans ce cas, les deux ont re\u00e7u un poison ! Plusieurs accidents ont pu \u00eatre \u00e9vit\u00e9s de justesse, mais le pire est \u00e0 venir. Quant aux voyageurs qui sont aussi inject\u00e9s, d\u00e9j\u00e0 plusieurs morts en vol sont \u00e0 d\u00e9plorer et cela ne peut aller qu&rsquo;en s&rsquo;aggravant. Quant \u00e0 nous qui restons au sol, nous risquons aussi \u00e0 tout moment de voir un avion, sans plus personne aux commandes, nous tomber sur la t\u00eate. Quant aux vacances en autocars, elles ne sont gu\u00e8re plus s\u00fbres puisqu&rsquo;il y a \u00e9galement eu plusieurs accidents cardiaques chez les conducteurs, jusqu&rsquo;ici sans trop de gravit\u00e9s, mais tout d\u00e9pend \u00e9videmment \u00e0 quel moment \u00e7a se produit. Ils veulent une h\u00e9catombe et c&rsquo;est bien ce qu&rsquo;ils ont r\u00e9ussi \u00e0 cr\u00e9er, m\u00eame si les non vaccin\u00e9s restons d\u00e9rangeants puisque nous sommes un groupe t\u00e9moin qui prouve leurs meurtres. <\/p>\n\n\n\n<p class=\"has-text-align-center\">Voil\u00e0, c&rsquo;est bien ce que je pensais, je ne pensais pas aborder ce sujet et j&rsquo;ai d\u00e9j\u00e0 r\u00e9ussi \u00e0 faire un article bien long rien qu&rsquo;avec \u00e7a donc je vais tenter de  raccourcir un peu le reste. <\/p>\n\n\n\n<div class=\"wp-block-image\"><figure class=\"aligncenter size-large\"><img loading=\"lazy\" decoding=\"async\" width=\"588\" height=\"408\" src=\"http:\/\/etresoi-e.com\/blog\/wp-content\/uploads\/2022\/07\/image-2.png\" alt=\"\" class=\"wp-image-5638\" srcset=\"http:\/\/etresoi-e.com\/blog\/wp-content\/uploads\/2022\/07\/image-2.png 588w, http:\/\/etresoi-e.com\/blog\/wp-content\/uploads\/2022\/07\/image-2-300x208.png 300w, http:\/\/etresoi-e.com\/blog\/wp-content\/uploads\/2022\/07\/image-2-50x35.png 50w\" sizes=\"auto, (max-width: 588px) 100vw, 588px\" \/><\/figure><\/div>\n\n\n\n<p class=\"has-text-align-center\">Les m\u00e9dias continuent leurs imb\u00e9cilit\u00e9s et vont jusqu&rsquo;\u00e0 \u00eatre contents que les dirigeants reparlent d\u00e9j\u00e0 du retour du masque et, malheureusement certains continuent de tomber dans le panneau gros comme une montagne des mensonges \u00e9hont\u00e9s puisque je vois \u00e0 nouveau pas mal de monde avec un masque dans les magasins malgr\u00e9 la chaleur. <\/p>\n\n\n\n<div class=\"wp-block-image\"><figure class=\"aligncenter size-large\"><img loading=\"lazy\" decoding=\"async\" width=\"544\" height=\"720\" src=\"http:\/\/etresoi-e.com\/blog\/wp-content\/uploads\/2022\/07\/image-3.png\" alt=\"\" class=\"wp-image-5639\" srcset=\"http:\/\/etresoi-e.com\/blog\/wp-content\/uploads\/2022\/07\/image-3.png 544w, http:\/\/etresoi-e.com\/blog\/wp-content\/uploads\/2022\/07\/image-3-227x300.png 227w, http:\/\/etresoi-e.com\/blog\/wp-content\/uploads\/2022\/07\/image-3-38x50.png 38w\" sizes=\"auto, (max-width: 544px) 100vw, 544px\" \/><\/figure><\/div>\n\n\n\n<p class=\"has-text-align-center\">Il y a pourtant de nombreuses \u00e9tudes sur le sujet d\u00e9sormais mais dirigeants et m\u00e9dias continuent de les ignorer. Ils avaient \u00e9t\u00e9 plus rapides \u00e0 r\u00e9agir lors de la fausse \u00e9tude du Lancet sur l&rsquo;hydroxychloroquine (et avaient d&rsquo;ailleurs totalement ignor\u00e9 le d\u00e9menti fait quelques jours plus tard). Les effets scientifiquement \u00e9vidents des masques  : Syndrome d&rsquo;\u00e9puisement <a href=\"https:\/\/mdpi.com\/1660-4601\/18\/8\/4344\">https:\/\/mdpi.com\/1660-4601\/18\/8\/4344<\/a><\/p>\n\n\n\n<p class=\"has-text-align-center\">Effets toxiques possibles de l&rsquo;augmentation du CO2 par le masque : mortinatalit\u00e9, st\u00e9rilit\u00e9, destruction de cellules c\u00e9r\u00e9brales <a href=\"https:\/\/authorea.com\/users\/455502\/articles\/552826\">https:\/\/authorea.com\/users\/455502\/articles\/552826<\/a><\/p>\n\n\n\n<p class=\"has-text-align-center\">Ils ont pr\u00e9vu d&rsquo;imposer la 4\u00e8me dose et de piquer tous les enfants en septembre alors qu&rsquo;il y a de nombreux d\u00e9c\u00e8s partout dans le monde. <\/p>\n\n\n\n<p class=\"has-text-align-center\"><a href=\"https:\/\/infodujour.fr\/societe\/58710-vaccination-la-4eme-dose-est-elle-loverdose?fr=operanews&amp;fbclid=IwAR03k1y6SdpuFlx7cGMPmw3GZY72sf3UEyfYjUNkQGfYeCxb21DcdYIpQ_w\">https:\/\/infodujour.fr\/societe\/58710-vaccination-la-4eme-dose-est-elle-loverdose?fr=operanews&amp;fbclid=IwAR03k1y6SdpuFlx7cGMPmw3GZY72sf3UEyfYjUNkQGfYeCxb21DcdYIpQ_w<\/a><\/p>\n\n\n\n<p class=\"has-text-align-center\">Assassiner les anciens dans les maisons de retraite avec du Rivotril puis empoisonner les adultes n&rsquo;a pas suffit, des centaines d&rsquo;ados ont des probl\u00e8mes cardiaques et sont st\u00e9riles, mais la folie se poursuit, ils vont d\u00e9sormais s&rsquo;en prendre aux jeunes enfants. Et les m\u00e9dias jouent tellement bien leur r\u00f4le de propagande que de nombreux parents s&rsquo;imaginent agir pour le bien de leurs enfants. Les vraies infos sont ailleurs, mais qui les cherche ? Si peu ! <\/p>\n\n\n\n<div class=\"wp-block-image\"><figure class=\"aligncenter\"><img decoding=\"async\" src=\"https:\/\/sun9-82.userapi.com\/impf\/xeYamkF2UCJTTJwY9t_iozBnv2KHSQJrCD8f1g\/Sy9TDJhnqw4.jpg?size=1080x942&amp;quality=95&amp;sign=85c1eb088d916c33e955fc8029582bab&amp;type=album\" alt=\"\"\/><\/figure><\/div>\n\n\n\n<p class=\"has-text-align-center\">En Suisse des manifestants ont eu l&rsquo;id\u00e9e de montrer ceci : d\u00e8s qu\u2019un jeune meurt des effets secondaires, il y a un cercueil de ce type. C\u2019est poignant, terrible, mais \u00e7a r\u00e9veille. Et j&rsquo;esp\u00e8re que \u00e7a va en r\u00e9veiller plus d&rsquo;un ! A Nice, ce sont des affiches avec une photo du jeune d\u00e9c\u00e9d\u00e9, la date de vaccination et la date de d\u00e9c\u00e8s (ou de handicap \u00e0 vie) qui ont \u00e9t\u00e9 affich\u00e9es. Je les ai vues en vid\u00e9o, quel d\u00e9sastre le nombre de jeunes disparus. <\/p>\n\n\n\n<div class=\"wp-block-image\"><figure class=\"aligncenter size-large\"><img loading=\"lazy\" decoding=\"async\" width=\"683\" height=\"908\" src=\"http:\/\/etresoi-e.com\/blog\/wp-content\/uploads\/2022\/07\/image-4.png\" alt=\"\" class=\"wp-image-5640\" srcset=\"http:\/\/etresoi-e.com\/blog\/wp-content\/uploads\/2022\/07\/image-4.png 683w, http:\/\/etresoi-e.com\/blog\/wp-content\/uploads\/2022\/07\/image-4-226x300.png 226w, http:\/\/etresoi-e.com\/blog\/wp-content\/uploads\/2022\/07\/image-4-38x50.png 38w\" sizes=\"auto, (max-width: 683px) 100vw, 683px\" \/><\/figure><\/div>\n\n\n\n<p class=\"has-text-align-center\">Ces images, les vid\u00e9os ou toute autre info sont bien s\u00fbr interdites sur Twitter ou sur Facebook qui bloquent voire suppriment les comptes des utilisateurs qui osent d\u00e9noncer les crimes sur les enfants avec ces poisons. Au d\u00e9but du mois de septembre dernier, Mark Zuckerberg \u00e9tait 4\u00e8me du classement mondial des milliardaires. Aujourd&rsquo;hui, il est 20\u00e8me. Il a perdu 76.5 milliards de dollars en 10 mois. J&rsquo;imagine qu&rsquo;il doit toucher au moins dix fois plus des labos pour ainsi accepter des pertes dans son business. <\/p>\n\n\n\n<p class=\"has-text-align-center\">Merci au Professeur Perronne de toujours avoir clam\u00e9 la v\u00e9rit\u00e9 : \u00ab\u00a0Ce n&rsquo;est pas un vaccin ! On n&rsquo;a jamais utilis\u00e9 comme \u00e7a de l&rsquo;ARN messager, de fa\u00e7on massive chez des millions de gens. Les autorit\u00e9s reconnaissent elles-m\u00eames qu&rsquo;on est toujours en phase 3-exp\u00e9rimentale. Phase 1 c&rsquo;est chez l&rsquo;animal. Phase 2 on regarde un petit peu la dose chez l&rsquo;homme, quelle est la dose toxique supportable. Phase 3 les gens doivent \u00eatre volontaires et signer un consentement libre et \u00e9clair\u00e9, ce qui n&rsquo;a pas \u00e9t\u00e9 le cas. (<em>C&rsquo;est donc bien ce que je dis depuis le d\u00e9but tous les inject\u00e9s ont servi de cobayes<\/em>). Les laboratoires ont quand m\u00eame obtenu une autorisation de mise sur le march\u00e9 conditionnelle. Il est totalement interdit dans les trait\u00e9s nationaux, internationaux de rendre obligatoire une substance exp\u00e9rimentale, \u00e7a rappelle Nuremberg, les crimes contre l&rsquo;humanit\u00e9.\u00a0\u00bb<\/p>\n\n\n\n<figure class=\"wp-block-embed-youtube wp-block-embed is-type-video is-provider-youtube wp-embed-aspect-16-9 wp-has-aspect-ratio\"><div class=\"wp-block-embed__wrapper\">\nhttps:\/\/www.youtube.com\/watch?v=6-Kw-RGZ3xw&#038;t=1868s\n<\/div><\/figure>\n\n\n\n<p class=\"has-text-align-center\">Pour ceux qui mettraient encore en doute la parole des scientifiques lanceurs d&rsquo;alerte, ce media ind\u00e9pendant a d\u00e9nombr\u00e9 plus d&rsquo;un millier de publications scientifiques peer-reviewed sur les effets secondaires des vaccins. https:\/\/www.saveusnow.org.uk\/covid-vaccine-scientific-proof-lethal\/<\/p>\n\n\n\n<p class=\"has-text-align-center\">Prenez soin de vous et de vos proches.<\/p>\n\n\n\n<p class=\"has-text-align-center\"> <em>Mabelle <\/em><\/p>\n\n\n\n<p><\/p>\n","protected":false},"excerpt":{"rendered":"<p>Bonjour, j&rsquo;esp\u00e8re que vous allez bien en ce beau dimanche ensoleill\u00e9, avec un ciel \u00ab\u00a0normal\u00a0\u00bb contrairement au ciel laiteux de toutes ces derni\u00e8res semaines. Seraient ils \u00e0 court de chemtrails ou les pilotes sont ils en vacances ? Bon j&rsquo;avais l&rsquo;intention de publier 3-4 informations, mais, comme toujours, tout en \u00e9crivant, j&rsquo;ai d&rsquo;autres choses qui &hellip; <a href=\"http:\/\/etresoi-e.com\/blog\/plus-il-y-a-de-mensonges-et-mieux-cest\/\" class=\"more-link\">Continuer la lecture de <span class=\"screen-reader-text\">Plus il y a de mensonges et mieux c&rsquo;est<\/span>  <span class=\"meta-nav\">&rarr;<\/span><\/a><\/p>\n","protected":false},"author":3,"featured_media":0,"comment_status":"open","ping_status":"open","sticky":false,"template":"","format":"standard","meta":{"_monsterinsights_skip_tracking":false,"_monsterinsights_sitenote_active":false,"_monsterinsights_sitenote_note":"","_monsterinsights_sitenote_category":0,"footnotes":""},"categories":[114],"tags":[],"class_list":["post-5635","post","type-post","status-publish","format-standard","hentry","category-actualites"],"aioseo_notices":[],"_links":{"self":[{"href":"http:\/\/etresoi-e.com\/blog\/wp-json\/wp\/v2\/posts\/5635","targetHints":{"allow":["GET"]}}],"collection":[{"href":"http:\/\/etresoi-e.com\/blog\/wp-json\/wp\/v2\/posts"}],"about":[{"href":"http:\/\/etresoi-e.com\/blog\/wp-json\/wp\/v2\/types\/post"}],"author":[{"embeddable":true,"href":"http:\/\/etresoi-e.com\/blog\/wp-json\/wp\/v2\/users\/3"}],"replies":[{"embeddable":true,"href":"http:\/\/etresoi-e.com\/blog\/wp-json\/wp\/v2\/comments?post=5635"}],"version-history":[{"count":1,"href":"http:\/\/etresoi-e.com\/blog\/wp-json\/wp\/v2\/posts\/5635\/revisions"}],"predecessor-version":[{"id":5660,"href":"http:\/\/etresoi-e.com\/blog\/wp-json\/wp\/v2\/posts\/5635\/revisions\/5660"}],"wp:attachment":[{"href":"http:\/\/etresoi-e.com\/blog\/wp-json\/wp\/v2\/media?parent=5635"}],"wp:term":[{"taxonomy":"category","embeddable":true,"href":"http:\/\/etresoi-e.com\/blog\/wp-json\/wp\/v2\/categories?post=5635"},{"taxonomy":"post_tag","embeddable":true,"href":"http:\/\/etresoi-e.com\/blog\/wp-json\/wp\/v2\/tags?post=5635"}],"curies":[{"name":"wp","href":"https:\/\/api.w.org\/{rel}","templated":true}]}}