{"id":5648,"date":"2022-07-10T22:10:57","date_gmt":"2022-07-10T21:10:57","guid":{"rendered":"http:\/\/etresoi-e.com\/blog\/?p=5648"},"modified":"2022-07-10T22:34:38","modified_gmt":"2022-07-10T21:34:38","slug":"la-mort-est-elle-une-issue-favorable","status":"publish","type":"post","link":"http:\/\/etresoi-e.com\/blog\/la-mort-est-elle-une-issue-favorable\/","title":{"rendered":"La mort est-elle une issue favorable ?"},"content":{"rendered":"\n<p class=\"has-text-align-center\">Bonsoir, je vous esp\u00e8re en pleine forme. Un petit article en vitesse avant d&rsquo;aller me coucher. <\/p>\n\n\n\n<p class=\"has-text-align-center\">Il y a encore quelques mois, voire m\u00eame quelques semaines, quiconque remettait en cause le d\u00e9compte des morts du Covid ou accusait les vaccins de provoquer des effets secondaires \u00e9tait accus\u00e9 d\u2019irresponsable, de connard, de partisan d&rsquo;extr\u00eame droite, de nazi mais surtout de complotiste. La \u00ab\u00a0bonne nouvelle\u00a0\u00bb est que ces nouvelles v\u00e9rit\u00e9s, assises sur des explorations scientifiques, commencent \u00e0 \u00eatre rendues publiques, un petit peu chaque jour. <\/p>\n\n\n\n<p class=\"has-text-align-center\">Connaissez-vous le terme efficacit\u00e9 n\u00e9gative ? <\/p>\n\n\n\n<p class=\"has-text-align-center\">L&rsquo;Efficacit\u00e9 N\u00e9gative est le langage m\u00e9dical d&rsquo;un effet favorisant la maladie dans un m\u00e9dicament. Dans le cas d&rsquo;un vaccin, l&rsquo;efficacit\u00e9 n\u00e9gative signifie que la personne vaccin\u00e9e est plus susceptible d&rsquo;\u00eatre infect\u00e9e que la personne non vaccin\u00e9e. Dans le monde r\u00e9el, chaque fois que nous voyons l&rsquo;expression \u00ab\u00a0Efficacit\u00e9 N\u00e9gative\u00a0\u00bb associ\u00e9e \u00e0 un m\u00e9dicament exp\u00e9rimental, cela signifie g\u00e9n\u00e9ralement que le risque de d\u00e9c\u00e8s, d&rsquo;infection ou de maladie grave est plus \u00e9lev\u00e9 avec le m\u00e9dicament que sans. L&rsquo;efficacit\u00e9 n\u00e9gative est souvent associ\u00e9e \u00e0 une augmentation de la mortalit\u00e9 toutes causes confondues.<\/p>\n\n\n\n<p class=\"has-text-align-center\">Actuellement nous assistons \u00e0 une \u00e9pid\u00e9mie de probl\u00e8mes cardiaques, qui sont li\u00e9s pour les m\u00e9dias \u00e0 diff\u00e9rentes causes naturelles &#8230; Ils rivalisent de cr\u00e9ativit\u00e9 pour inventer des causes plus folles les unes que les autres. J&rsquo;avais entre autres relev\u00e9 : le froid, le fait de se promener dans la nature et d&rsquo;y rencontrer un tr\u00e8s tr\u00e8s vilain insecte <\/p>\n\n\n\n<p>,<\/p>\n\n\n\n<div class=\"wp-block-image\"><figure class=\"aligncenter size-large\"><img loading=\"lazy\" decoding=\"async\" width=\"720\" height=\"388\" src=\"http:\/\/etresoi-e.com\/blog\/wp-content\/uploads\/2022\/07\/insectes.jpg\" alt=\"\" class=\"wp-image-5651\" srcset=\"http:\/\/etresoi-e.com\/blog\/wp-content\/uploads\/2022\/07\/insectes.jpg 720w, http:\/\/etresoi-e.com\/blog\/wp-content\/uploads\/2022\/07\/insectes-300x162.jpg 300w, http:\/\/etresoi-e.com\/blog\/wp-content\/uploads\/2022\/07\/insectes-50x27.jpg 50w\" sizes=\"auto, (max-width: 720px) 100vw, 720px\" \/><\/figure><\/div>\n\n\n\n<p class=\"has-text-align-center\">Mais aussi la chaleur, le jardinage <\/p>\n\n\n\n<div class=\"wp-block-image\"><figure class=\"aligncenter size-large\"><img loading=\"lazy\" decoding=\"async\" width=\"278\" height=\"334\" src=\"http:\/\/etresoi-e.com\/blog\/wp-content\/uploads\/2022\/07\/image-6.png\" alt=\"\" class=\"wp-image-5653\" srcset=\"http:\/\/etresoi-e.com\/blog\/wp-content\/uploads\/2022\/07\/image-6.png 278w, http:\/\/etresoi-e.com\/blog\/wp-content\/uploads\/2022\/07\/image-6-250x300.png 250w, http:\/\/etresoi-e.com\/blog\/wp-content\/uploads\/2022\/07\/image-6-42x50.png 42w\" sizes=\"auto, (max-width: 278px) 100vw, 278px\" \/><\/figure><\/div>\n\n\n\n<p class=\"has-text-align-center\">s&rsquo;endormir devant la t\u00e9l\u00e9, prendre trop de temps pour nouer ses lacets<\/p>\n\n\n\n<div class=\"wp-block-image\"><figure class=\"aligncenter size-large\"><img loading=\"lazy\" decoding=\"async\" width=\"480\" height=\"444\" src=\"http:\/\/etresoi-e.com\/blog\/wp-content\/uploads\/2022\/07\/lacets.jpg\" alt=\"\" class=\"wp-image-5649\" srcset=\"http:\/\/etresoi-e.com\/blog\/wp-content\/uploads\/2022\/07\/lacets.jpg 480w, http:\/\/etresoi-e.com\/blog\/wp-content\/uploads\/2022\/07\/lacets-300x278.jpg 300w, http:\/\/etresoi-e.com\/blog\/wp-content\/uploads\/2022\/07\/lacets-50x46.jpg 50w\" sizes=\"auto, (max-width: 480px) 100vw, 480px\" \/><\/figure><\/div>\n\n\n\n<p class=\"has-text-align-center\">manger souvent des p\u00e2tes, le sifflet de l&rsquo;arbitre pour expliquer les crises cardiaques sur les terrains de foot (comme si l&rsquo;invention des sifflets datant d&rsquo;avant-hier ! Et lors des sports sans sifflets, ils ont oubli\u00e9 de nous sortir une belle explication), &#8230; Et maintenant, le th\u00e9 <\/p>\n\n\n\n<div class=\"wp-block-image\"><figure class=\"aligncenter size-large\"><img loading=\"lazy\" decoding=\"async\" width=\"503\" height=\"600\" src=\"http:\/\/etresoi-e.com\/blog\/wp-content\/uploads\/2022\/07\/th\u00e9.jpg\" alt=\"\" class=\"wp-image-5650\" srcset=\"http:\/\/etresoi-e.com\/blog\/wp-content\/uploads\/2022\/07\/th\u00e9.jpg 503w, http:\/\/etresoi-e.com\/blog\/wp-content\/uploads\/2022\/07\/th\u00e9-252x300.jpg 252w, http:\/\/etresoi-e.com\/blog\/wp-content\/uploads\/2022\/07\/th\u00e9-42x50.jpg 42w\" sizes=\"auto, (max-width: 503px) 100vw, 503px\" \/><\/figure><\/div>\n\n\n\n<p class=\"has-text-align-center\">Pourtant, plusieurs \u00e9tudes ont d\u00e9j\u00e0 \u00e9tabli une relation causale probable entre les vaccins Covid et la myocardite, \u00ab\u00a0principalement chez les enfants, les jeunes et les adultes d&rsquo;\u00e2ge moyen\u00a0\u00bb. Les tentatives pr\u00e9c\u00e9dentes pour voir s&rsquo;il y avait un lien entre la myocardite et les vaccins ont \u00e9t\u00e9 difficiles en raison des probl\u00e8mes de sous-d\u00e9claration et de surd\u00e9claration des syst\u00e8mes d&rsquo;autod\u00e9claration. Et bien pour info, cette \u00e9tude de cohorte isra\u00e9lienne qui portait sur 196 992 adultes NON vaccin\u00e9s n&rsquo;avait trouv\u00e9 \u00ab\u00a0aucune augmentation de l&rsquo;incidence de la myocardite et de la p\u00e9ricardite\u00a0\u00bb apr\u00e8s l&rsquo;infection \u00e0 la COVID.<\/p>\n\n\n\n<p class=\"has-text-align-center\">Qu&rsquo;est-ce que \u00e7a veut dire ?<\/p>\n\n\n\n<p class=\"has-text-align-center\">Le fait de bl\u00e2mer l&rsquo;augmentation de la pathologie cardiaque sur l&rsquo;infection Covid et non sur la cause r\u00e9elle qui est l&rsquo;injection, est INEXACT !! Avant d&rsquo;injecter votre enfant (une d\u00e9cision qui est irr\u00e9versible), demandez-vous si vous voulez que votre propre enfant fasse partie de l&rsquo;exp\u00e9rience m\u00e9dicale la plus radicale de l&rsquo;histoire de l&rsquo;humanit\u00e9&#8230;<\/p>\n\n\n\n<p>L&rsquo;incidence de la myocardite et de la p\u00e9ricardite chez les patients non vaccin\u00e9s post-COVID-19 &#8211; Une vaste \u00e9tude bas\u00e9e sur la population \u2b07\ufe0f\u2b07\ufe0f<\/p>\n\n\n\n<p class=\"has-text-align-center\"><a href=\"https:\/\/www.mdpi.com\/2077-0383\/11\/8\/2219\">https:\/\/www.mdpi.com\/2077-0383\/11\/8\/2219<\/a><\/p>\n\n\n\n<p class=\"has-text-align-center\">Augmentation des \u00e9v\u00e9nements cardiovasculaires d&rsquo;urgence parmi la population de moins de 40 ans en Isra\u00ebl pendant le d\u00e9ploiement du vaccin et la troisi\u00e8me vague de COVID-19 via <a href=\"https:\/\/t.me\/vivrecorrectement\/3595\">https:\/\/t.me\/vivrecorrectement\/3595<\/a><\/p>\n\n\n\n<p>Au cours de l&rsquo;exp\u00e9rience, le scientifique responsable doit \u00eatre pr\u00eat \u00e0 mettre fin \u00e0 l&rsquo;exp\u00e9rience \u00e0 n&rsquo;importe quel stade si une continuation de l&rsquo;exp\u00e9rience est susceptible d&rsquo;entra\u00eener des blessures, une invalidit\u00e9 ou la mort du sujet exp\u00e9rimental&#8230; <a href=\"https:\/\/t.me\/vivrecorrectement\/3567\">https:\/\/t.me\/vivrecorrectement\/3567<\/a><\/p>\n\n\n\n<p>\u00ab La vaccination par un vaccin ARNm augmente le risque de myocardite et celui de p\u00e9ricardite dans la semaine suivant la vaccination. \u00bb ANSM \u2b07\ufe0f\u2b07\ufe0f<\/p>\n\n\n\n<p class=\"has-text-align-center\"><a href=\"https:\/\/ansm.sante.fr\/actualites\/le-risque-de-myocardite-et-pericardite-apres-la-vaccination-covid-19-est-confirme-mais-peu-frequent-et-devolution-favorable\">https:\/\/ansm.sante.fr\/actualites\/le-risque-de-myocardite-et-pericardite-apres-la-vaccination-covid-19-est-confirme-mais-peu-frequent-et-devolution-favorable<\/a><\/p>\n\n\n\n<p class=\"has-text-align-center\">Peu fr\u00e9quente ? S&rsquo;ils indiquaient les chiffres dans leur article, tout un chacun pourrait constater que c&rsquo;est loin d&rsquo;\u00eatre peu fr\u00e9quent. Et s&rsquo;ils consid\u00e8rent un handicap \u00e0 vie ou la mort comme une \u00e9volution favorable, ce n&rsquo;est pas mon point de vue ! <\/p>\n\n\n\n<p class=\"has-text-align-center\">Belle fin de soir\u00e9e<\/p>\n\n\n\n<p class=\"has-text-align-center\"><em>Mabelle <\/em><\/p>\n","protected":false},"excerpt":{"rendered":"<p>Bonsoir, je vous esp\u00e8re en pleine forme. Un petit article en vitesse avant d&rsquo;aller me coucher. Il y a encore quelques mois, voire m\u00eame quelques semaines, quiconque remettait en cause le d\u00e9compte des morts du Covid ou accusait les vaccins de provoquer des effets secondaires \u00e9tait accus\u00e9 d\u2019irresponsable, de connard, de partisan d&rsquo;extr\u00eame droite, de &hellip; <a href=\"http:\/\/etresoi-e.com\/blog\/la-mort-est-elle-une-issue-favorable\/\" class=\"more-link\">Continuer la lecture de <span class=\"screen-reader-text\">La mort est-elle une issue favorable ?<\/span>  <span class=\"meta-nav\">&rarr;<\/span><\/a><\/p>\n","protected":false},"author":3,"featured_media":0,"comment_status":"open","ping_status":"open","sticky":false,"template":"","format":"standard","meta":{"_monsterinsights_skip_tracking":false,"_monsterinsights_sitenote_active":false,"_monsterinsights_sitenote_note":"","_monsterinsights_sitenote_category":0,"footnotes":""},"categories":[114],"tags":[],"class_list":["post-5648","post","type-post","status-publish","format-standard","hentry","category-actualites"],"aioseo_notices":[],"_links":{"self":[{"href":"http:\/\/etresoi-e.com\/blog\/wp-json\/wp\/v2\/posts\/5648","targetHints":{"allow":["GET"]}}],"collection":[{"href":"http:\/\/etresoi-e.com\/blog\/wp-json\/wp\/v2\/posts"}],"about":[{"href":"http:\/\/etresoi-e.com\/blog\/wp-json\/wp\/v2\/types\/post"}],"author":[{"embeddable":true,"href":"http:\/\/etresoi-e.com\/blog\/wp-json\/wp\/v2\/users\/3"}],"replies":[{"embeddable":true,"href":"http:\/\/etresoi-e.com\/blog\/wp-json\/wp\/v2\/comments?post=5648"}],"version-history":[{"count":1,"href":"http:\/\/etresoi-e.com\/blog\/wp-json\/wp\/v2\/posts\/5648\/revisions"}],"predecessor-version":[{"id":5654,"href":"http:\/\/etresoi-e.com\/blog\/wp-json\/wp\/v2\/posts\/5648\/revisions\/5654"}],"wp:attachment":[{"href":"http:\/\/etresoi-e.com\/blog\/wp-json\/wp\/v2\/media?parent=5648"}],"wp:term":[{"taxonomy":"category","embeddable":true,"href":"http:\/\/etresoi-e.com\/blog\/wp-json\/wp\/v2\/categories?post=5648"},{"taxonomy":"post_tag","embeddable":true,"href":"http:\/\/etresoi-e.com\/blog\/wp-json\/wp\/v2\/tags?post=5648"}],"curies":[{"name":"wp","href":"https:\/\/api.w.org\/{rel}","templated":true}]}}