{"id":5669,"date":"2022-07-12T17:53:00","date_gmt":"2022-07-12T16:53:00","guid":{"rendered":"http:\/\/etresoi-e.com\/blog\/?p=5669"},"modified":"2022-07-11T18:12:12","modified_gmt":"2022-07-11T17:12:12","slug":"natalite-en-baisse","status":"publish","type":"post","link":"http:\/\/etresoi-e.com\/blog\/natalite-en-baisse\/","title":{"rendered":"Natalit\u00e9 en baisse"},"content":{"rendered":"\n<p class=\"has-text-align-center\">Les masques, un futur scandale sanitaire ?<\/p>\n\n\n\n<p class=\"has-text-align-center\">Oui, je sais je reviens souvent sur le sujet, mais je suis toujours autant sid\u00e9r\u00e9e de croiser au quotidien des personnes masqu\u00e9es. Elles ont \u00e9t\u00e9 tellement soumises \u00e0 la dissonance cognitive qu\u2019elles sont devenues incapables de r\u00e9fl\u00e9chir par elles-m\u00eames pour peu qu&rsquo;elles l&rsquo;ai d\u00e9j\u00e0 fait dans le pass\u00e9.<\/p>\n\n\n\n<p class=\"has-text-align-center\">D\u00e9j\u00e0 si ces personnes se donnaient la peine de s\u2019informer plut\u00f4t que d\u2019\u00e9couter na\u00efvement les m\u00e9dias, elles comprendraient que leur comportement n\u2019a aucun sens. Mais, le pire c\u2019est qu\u2019en croyant prot\u00e9ger leur sant\u00e9 elles la d\u00e9truisent.<\/p>\n\n\n\n<div class=\"wp-block-image\"><figure class=\"aligncenter size-large\"><img loading=\"lazy\" decoding=\"async\" width=\"426\" height=\"775\" src=\"http:\/\/etresoi-e.com\/blog\/wp-content\/uploads\/2022\/07\/image-12.png\" alt=\"\" class=\"wp-image-5670\" srcset=\"http:\/\/etresoi-e.com\/blog\/wp-content\/uploads\/2022\/07\/image-12.png 426w, http:\/\/etresoi-e.com\/blog\/wp-content\/uploads\/2022\/07\/image-12-165x300.png 165w, http:\/\/etresoi-e.com\/blog\/wp-content\/uploads\/2022\/07\/image-12-27x50.png 27w\" sizes=\"auto, (max-width: 426px) 100vw, 426px\" \/><\/figure><\/div>\n\n\n\n<p class=\"has-text-align-center\">Les masques contribuent \u00e0 implanter des micro plastiques profond\u00e9ment dans les poumons. Je pense que, m\u00eame un enfant de 5 ans comprend que ce n\u2019est pas l\u00e0 la place des plastiques.<\/p>\n\n\n\n<p class=\"has-text-align-center\">Les scientifiques d\u00e9couvrent des microplastiques dans les poumons profonds. Cela est d\u00fb aux masques jetables que les gens ont \u00e9t\u00e9 encourag\u00e9s \u00e0 porter constamment et qui sont faits de ces m\u00eames plastiques. Evidemment les m\u00e9dias essayent de noyer le pois(s)on dans le cadre de la crise climatique &#8230; et sans doute certains y croiront ils encore. <\/p>\n\n\n\n<p class=\"has-text-align-center\">Certains des plastiques trouv\u00e9s dans les poumons profonds ont \u00e9galement des propri\u00e9t\u00e9s \u0153strog\u00e9niques prouv\u00e9es, ce qui signifie qu&rsquo;ils interagissent avec les r\u00e9cepteurs des \u0153strog\u00e8nes et perturbent le syst\u00e8me endocrinien. D\u00e9j\u00e0 on sait que de nombreuses femmes en \u00e2ge de procr\u00e9er qui ont accept\u00e9 les injections se retrouvent avec de gros soucis de cycle menstruel, font des fausses couches, perdent leur b\u00e9b\u00e9 quelques jours apr\u00e8s la naissance, se retrouvent m\u00e9nopaus\u00e9es dans la vingtaine \u2026 (excellent moyen de r\u00e9duire la population comme le souhaite les globalistes) mais en plus le plastique des masques provoque un d\u00e9sordre hormonal qui m\u00e8ne probablement lui aussi \u00e0 la st\u00e9rilit\u00e9.<\/p>\n\n\n\n<p class=\"has-text-align-center\">Tu comprends pourquoi \u00ab\u00a0ils\u00a0\u00bb veulent mettre des masques \u00e0 l&rsquo;\u00e9cole aux enfants pendant que les dirigeants ne les ont port\u00e9s que pour les photos mais uniquement durant quelques minutes. Oui oui, je sais, certains vont encore me dire que je radote. J\u2019ai vu assez de vid\u00e9os o\u00f9 des politiciens parlaient, s\u2019embrassaient, se touchaient tout \u00e0 fait normalement puis, pour la photo qui va para\u00eetre dans les m\u00e9dias, hop, tout le monde sort son masque de sa poche, la photo est faite et le masque retourne au fond de la poche. Assez de vid\u00e9os ont circul\u00e9 sur le net pour le d\u00e9noncer, mais c\u2019est clair que seuls ceux qui ont vraiment cherch\u00e9 \u00e0 s\u2019informer ailleurs qu\u2019\u00e0 la t\u00e9l\u00e9 ont pu le voir. Il est plus que temps d&rsquo;ouvrir les yeux si tu ne veux pas les fermer \u00e0 jamais. <\/p>\n\n\n\n<p class=\"has-text-align-center\"><em>Mabelle <\/em><\/p>\n","protected":false},"excerpt":{"rendered":"<p>Les masques, un futur scandale sanitaire ? Oui, je sais je reviens souvent sur le sujet, mais je suis toujours autant sid\u00e9r\u00e9e de croiser au quotidien des personnes masqu\u00e9es. Elles ont \u00e9t\u00e9 tellement soumises \u00e0 la dissonance cognitive qu\u2019elles sont devenues incapables de r\u00e9fl\u00e9chir par elles-m\u00eames pour peu qu&rsquo;elles l&rsquo;ai d\u00e9j\u00e0 fait dans le pass\u00e9. &hellip; <a href=\"http:\/\/etresoi-e.com\/blog\/natalite-en-baisse\/\" class=\"more-link\">Continuer la lecture de <span class=\"screen-reader-text\">Natalit\u00e9 en baisse<\/span>  <span class=\"meta-nav\">&rarr;<\/span><\/a><\/p>\n","protected":false},"author":3,"featured_media":0,"comment_status":"open","ping_status":"open","sticky":false,"template":"","format":"standard","meta":{"_monsterinsights_skip_tracking":false,"_monsterinsights_sitenote_active":false,"_monsterinsights_sitenote_note":"","_monsterinsights_sitenote_category":0,"footnotes":""},"categories":[114],"tags":[],"class_list":["post-5669","post","type-post","status-publish","format-standard","hentry","category-actualites"],"aioseo_notices":[],"_links":{"self":[{"href":"http:\/\/etresoi-e.com\/blog\/wp-json\/wp\/v2\/posts\/5669","targetHints":{"allow":["GET"]}}],"collection":[{"href":"http:\/\/etresoi-e.com\/blog\/wp-json\/wp\/v2\/posts"}],"about":[{"href":"http:\/\/etresoi-e.com\/blog\/wp-json\/wp\/v2\/types\/post"}],"author":[{"embeddable":true,"href":"http:\/\/etresoi-e.com\/blog\/wp-json\/wp\/v2\/users\/3"}],"replies":[{"embeddable":true,"href":"http:\/\/etresoi-e.com\/blog\/wp-json\/wp\/v2\/comments?post=5669"}],"version-history":[{"count":1,"href":"http:\/\/etresoi-e.com\/blog\/wp-json\/wp\/v2\/posts\/5669\/revisions"}],"predecessor-version":[{"id":5671,"href":"http:\/\/etresoi-e.com\/blog\/wp-json\/wp\/v2\/posts\/5669\/revisions\/5671"}],"wp:attachment":[{"href":"http:\/\/etresoi-e.com\/blog\/wp-json\/wp\/v2\/media?parent=5669"}],"wp:term":[{"taxonomy":"category","embeddable":true,"href":"http:\/\/etresoi-e.com\/blog\/wp-json\/wp\/v2\/categories?post=5669"},{"taxonomy":"post_tag","embeddable":true,"href":"http:\/\/etresoi-e.com\/blog\/wp-json\/wp\/v2\/tags?post=5669"}],"curies":[{"name":"wp","href":"https:\/\/api.w.org\/{rel}","templated":true}]}}