{"id":5765,"date":"2022-08-10T05:10:00","date_gmt":"2022-08-10T04:10:00","guid":{"rendered":"http:\/\/etresoi-e.com\/blog\/?p=5765"},"modified":"2022-07-27T18:10:49","modified_gmt":"2022-07-27T17:10:49","slug":"lenergie-verte-quelle-arnaque","status":"publish","type":"post","link":"http:\/\/etresoi-e.com\/blog\/lenergie-verte-quelle-arnaque\/","title":{"rendered":"L&rsquo;\u00e9nergie verte ? Quelle arnaque !"},"content":{"rendered":"\n<p class=\"has-text-align-center\">Bonjour, comment allez-vous ? Petit partage sur un des mensonges qu&rsquo;on nous a vendu ces derni\u00e8res ann\u00e9es et que nous payons au quotidien. Le d\u00e9veloppement durable, une arnaque parmi d&rsquo;autres.<\/p>\n\n\n\n<p class=\"has-text-align-center\">Avez-vous vu le co\u00fbt de l&rsquo;\u00e9nergie verte sur votre facture d&rsquo;\u00e9nergie ? Et vous payez bien s\u00fbr en ayant bonne conscience de faire un geste pour notre belle plan\u00e8te. Mais tout \u00e7a ce n&rsquo;est que sur le papier. Cette \u00e9nergie n&rsquo;a rien de verte, c&rsquo;est juste une invention de plus des dirigeants pour nous taxer, et nous maintenir dans la peur de la fin des \u00e9nergies fossiles (j&rsquo;ai d\u00e9j\u00e0 publi\u00e9 sur le sujet, ces \u00e9nergies n&rsquo;ont rien de fossiles et ne peuvent pas s&rsquo;arr\u00eater). Remplacer les sources d&rsquo;\u00e9nergies par des \u00e9nergies plus propres !!! Tu parles de propre. Ont ils supprim\u00e9 les centrales nucl\u00e9aires depuis qu&rsquo;ils ont abim\u00e9 nos paysages avec des \u00e9oliennes ? Absolument pas, on paie juste plus cher, rien de plus. <\/p>\n\n\n\n<figure class=\"wp-block-image size-large\"><img loading=\"lazy\" decoding=\"async\" width=\"748\" height=\"957\" src=\"http:\/\/etresoi-e.com\/blog\/wp-content\/uploads\/2022\/07\/image-33.png\" alt=\"\" class=\"wp-image-5769\" srcset=\"http:\/\/etresoi-e.com\/blog\/wp-content\/uploads\/2022\/07\/image-33.png 748w, http:\/\/etresoi-e.com\/blog\/wp-content\/uploads\/2022\/07\/image-33-234x300.png 234w, http:\/\/etresoi-e.com\/blog\/wp-content\/uploads\/2022\/07\/image-33-39x50.png 39w\" sizes=\"auto, (max-width: 748px) 100vw, 748px\" \/><\/figure>\n\n\n\n<p class=\"has-text-align-center\">Une \u00e9olienne de deux m\u00e9gawatts est compos\u00e9e de 300 tonnes d&rsquo;acier qui n\u00e9cessitent 300 tonnes de minerai de fer et 230 tonnes de charbon, tous extraits, transport\u00e9s et produits par des hydrocarbures. Il contient 400 litres d&rsquo;huile et de fluide hydraulique qui doivent \u00eatre remplac\u00e9s tous les 9 mois. Personnellement je ne vois rien l\u00e0 de tr\u00e8s \u00e9cologique.<\/p>\n\n\n\n<div class=\"wp-block-image\"><figure class=\"aligncenter\"><img decoding=\"async\" src=\"https:\/\/decrypterlenergie.org\/wp-content\/uploads\/Eolienne_Vue-fondation2_CTEWind_500px.png\" alt=\"B\u00e9tonisation et artificialisation des terres : quelle contribution de  l'\u00e9olien ? | D\u00e9crypter l'\u00e9nergie\"\/><\/figure><\/div>\n\n\n\n<p class=\"has-text-align-center\">Mais, en dehors de cela, qui pense \u00e0 ce que deviennent ces \u00e9oliennes quand elles seront en fin de vie ? Selon l&rsquo;Agence de l&rsquo;environnement et de la ma\u00eetrise de l&rsquo;\u00e9nergie (Ademe), la\u00a0dur\u00e9e de vie\u00a0d&rsquo;un parc\u00a0\u00e9olien est\u00a0estim\u00e9e \u00e0 20 ans. Au-del\u00e0, la fiabilit\u00e9 technique et l&rsquo;efficacit\u00e9 des\u00a0\u00e9oliennes\u00a0deviennent insuffisantes. C&rsquo;est quoi 20 ans par rapport \u00e0 l&rsquo;\u00e2ge de Gaia ? Ca ne repr\u00e9sente rien !!! <\/p>\n\n\n\n<p class=\"has-text-align-center\"><a href=\"https:\/\/www.futura-sciences.com\/planete\/questions-reponses\/energie-renouvelable-duree-vie-eolienne-1035\/\">https:\/\/www.futura-sciences.com\/planete\/questions-reponses\/energie-renouvelable-duree-vie-eolienne-1035\/<\/a><\/p>\n\n\n\n<figure class=\"wp-block-image\"><img decoding=\"async\" src=\"https:\/\/ds.static.rtbf.be\/article\/image\/1920x1080\/2\/5\/6\/bc44ebee5ae49dcd39568105f025d9cf-1606380724.png\" alt=\"M\u00e2ts et pales d'\u00e9oliennes d\u00e9mont\u00e9es sur le site de Saint-Ode, pr\u00e8s de Bastogne.\"\/><figcaption>M\u00e2ts et pales d&rsquo;\u00e9oliennes d\u00e9mont\u00e9es \u00e0 St Ode, Belgique<\/figcaption><\/figure>\n\n\n\n<p class=\"has-text-align-center\">Claude Boever propri\u00e9taire d&rsquo;un parc \u00e9olien belge nous explique ce que ces anciennes \u00e9oliennes, aujourd\u2019hui d\u00e9mont\u00e9es en pi\u00e8ces et gisantes au sol, vont devenir\u00a0:\u00a0<em>\u00ab\u00a0Ce qu\u2019il va se passer, la fondation, elle va \u00eatre d\u00e9truite. Apr\u00e8s, vous pouvez voir, il faut enlever toute la fondation, tous les morceaux de b\u00e9ton, tous les plastiques, \u2026 \u00ab\u00a0<\/em><\/p>\n\n\n\n<p class=\"has-text-align-center\">Donc, les fondations, elles sont sens\u00e9es \u00eatre compl\u00e8tement d\u00e9terr\u00e9es et concass\u00e9es (d\u00e9j\u00e0 c&rsquo;est ce qu&rsquo;ils pr\u00e9tendent, je ne suis pas convaincue que \u00e7a se passe r\u00e9ellement de cette mani\u00e8re ou que toute cette structure reste sur place des milliers d&rsquo;ann\u00e9es). Elles finiraient en empierrement pour des fondations de route par exemple. Le m\u00e2t et le g\u00e9n\u00e9rateur sont des m\u00e9taux facilement recyclables et partiraient donc dans les fili\u00e8res classiques, mais les pales, en mat\u00e9riaux composites\u00a0?\u00a0Elles sont br\u00fbl\u00e9es dans des fours\u00a0ou enterr\u00e9es !\u00a0? Avouez\u00a0que ce n\u2019est pas tr\u00e8s \u00e9cologique tout cela. Et je ne vous parle m\u00eame pas des d\u00e9g\u00e2ts que font les immenses pales sur les oiseaux et les chauves-souris pour produire une \u00e9lectricit\u00e9 co\u00fbteuse et inadapt\u00e9e.<\/p>\n\n\n\n<figure class=\"wp-block-embed-wordpress wp-block-embed is-type-wp-embed is-provider-mezenc-exceptionnel\"><div class=\"wp-block-embed__wrapper\">\nhttps:\/\/www.mezencexceptionnel.fr\/pour-une-gestion-responsable\/lenergie\/leolien\/leolien-en-termes-simples\/\n<\/div><\/figure>\n\n\n\n<figure class=\"wp-block-image\"><img decoding=\"async\" src=\"https:\/\/www.valeursactuelles.com\/assets\/uploads\/2021\/05\/CDqFdLUW8AATARg.jpeg\" alt=\"\"\/><\/figure>\n\n\n\n<p class=\"has-text-align-center\">Je vous partage le t\u00e9moignage d\u2019une agricultrice Auvergnate, qui nous parle de l&rsquo;envers du d\u00e9cor de l&rsquo;\u00e9olien. Merci \u00e0 elle d&rsquo;avoir le courage de dire la v\u00e9rit\u00e9 et de ne pas c\u00e9der \u00e0 la facile tentation de s&rsquo;enrichir sur notre dos. \u00ab\u00a0J\u2019ai 35 ans, je suis agricultrice bio en Auvergne. Il y a deux ans, j\u2019ai \u00e9t\u00e9 contact\u00e9e par une entreprise priv\u00e9e qui avait pour projet d\u2019installer un parc d\u2019\u00e9oliennes dans ma commune. Je l\u2019ai re\u00e7ue avec joie ! J\u2019avais h\u00e2te de participer \u00e0 un projet \u00e9cologiste. <\/p>\n\n\n\n<p class=\"has-text-align-center\">Premi\u00e8re surprise : je m\u2019attendais \u00e0 rencontrer un repr\u00e9sentant de l\u2019\u00c9tat, ou de la pr\u00e9fecture pour ce genre de projet (l\u2019\u00e9nergie est, il me semble, le bien de tous et nous sommes tous concern\u00e9s). En fait, il n\u2019en \u00e9tait rien ; c\u2019\u00e9tait bien une entreprise priv\u00e9e, financ\u00e9e par des fonds de pensions \u00e9trangers, qui \u00e9tait charg\u00e9e du projet. Un peu bizarre mais, apr\u00e8s m\u2019\u00eatre renseign\u00e9e, je me suis aper\u00e7ue que tous les projets \u00e9taient tenus par des soci\u00e9t\u00e9s priv\u00e9es qui prospectent un peu partout en France pour chercher des terrains o\u00f9 placer des \u00e9oliennes. Je pensais donc que cette soci\u00e9t\u00e9 voulait m\u2019acheter un bout de terrain, un peu comme un promoteur immobilier \u00ab du vert \u00bb. <\/p>\n\n\n\n<p class=\"has-text-align-center\">Deuxi\u00e8me surprise : la soci\u00e9t\u00e9 envisageait effectivement d\u2019implanter une \u00e9olienne chez moi, mais elle ne voulait \u00ab surtout pas \u00bb me d\u00e9poss\u00e9der de mes terres. Elle voulait seulement louer le terrain. Et cela, pour une somme absolument mirobolante : 30.000 euros par an pour deux \u00e9oliennes implant\u00e9es. Mes revenus actuels sont de 1.500 euros par mois, pensez-donc, 30.000 euros net par an et pendant 20 ans ! Pendant 20 ans\u2026 30.000 euros qui tombent tous les ans et je participe \u00e0 l\u2019\u00e9cologie nationale. Un r\u00eave ! La soci\u00e9t\u00e9 a insist\u00e9 pour que je signe \u00ab rapidement \u00bb, car d\u2019autres agriculteurs pouvaient \u00eatre aussi int\u00e9ress\u00e9s. A 30.000 euros par an, je n\u2019en doutais pas une seconde. <\/p>\n\n\n\n<p class=\"has-text-align-center\">Mais\u2026 je suis auvergnate, et par nature m\u00e9fiante, \u00ab ils veulent payer 75 fois le prix de la terre sans la poss\u00e9der ? Ici ? L\u00e0 o\u00f9 nos terres ne valent pas grand-chose ? Il y a un loup quelque part \u00bb. Alors j\u2019ai cherch\u00e9 le loup. Et je l\u2019ai trouv\u00e9 en demandant un nouveau rendez-vous avec la soci\u00e9t\u00e9. Je leur ai demand\u00e9 un contrat du bail. Et j\u2019ai lu toutes les petites lignes. Et voici la question que je leur ai pos\u00e9e : au bout de 20 ans, que se passe-t-il ? Une r\u00e9ponse tr\u00e8s floue : \u00ab (.\u2026) On ne sera plus l\u00e0, car on revend nos implantations \u00e0 des entreprises \u00e9trang\u00e8res (chinoises notamment). Mais, comme la loi nous demande de pr\u00e9voir le d\u00e9mant\u00e8lement de l\u2019\u00e9olienne, nous vous provisionnons 50.000 euros pour vos deux \u00e9oliennes. \u00bb Parce que, bien entendu, au bout de 20 ans, une \u00e9olienne, elle est en fin de course, foutue, et il est stipul\u00e9 de la d\u00e9monter. Ah bon ? Alors j\u2019ai fait venir plusieurs entreprises sp\u00e9cialis\u00e9es dans le d\u00e9mant\u00e8lement des \u00e9oliennes. R\u00e9sultat : devis pour une \u00e9olienne (hauteur : 80 m\u00e8tres), le co\u00fbt minimum est de 450.000 euros par \u00e9olienne, \u00e0 charge du propri\u00e9taire du terrain. Et s\u2019il ne peut pas payer ? Comme il s\u2019agit d\u2019une \u00e9olienne industrielle, l\u2019\u00c9tat se retourne contre le propri\u00e9taire, puis contre la commune. Je fais un rapide calcul : le projet d\u2019ensemble de ma commune de 200 habitants comprend 7 \u00e9oliennes, soit 450 000 x 7 = 3.150.000 de dette pour la commune. C\u2019est la faillite pour tous ! <\/p>\n\n\n\n<p class=\"has-text-align-center\">Ensuite, je me suis demand\u00e9 pourquoi cette soci\u00e9t\u00e9 voulait implanter des \u00e9oliennes dans un endroit o\u00f9 il y a si peu de vent. R\u00e9ponse : \u00ab En effet, il n\u2019y a pas assez de vent, mais nous allons construire des \u00e9oliennes beaucoup plus hautes\u2026 de 80 m\u00e8tres de haut \u00bb. Fort bien. Pour des \u00e9oliennes qui ne tourneront que 25 % du temps, ce n\u2019est pas tr\u00e8s rentable. Mais, comment se fait-il que des fonds de pension s\u2019int\u00e9ressent tant \u00e0 l\u2019\u00e9olien en France ? Tout simple ! En France, une loi exige que l\u2019\u00e9nergie verte des \u00e9oliennes soit achet\u00e9e en priorit\u00e9 deux fois le prix des autres \u00e9nergies (l\u2019hydraulique, qui est pourtant totalement vert, n\u2019a pas ce privil\u00e8ge !). Donc, c\u2019est int\u00e9ressant pour les investisseurs \u00e9trangers, sans doute en pleine complicit\u00e9 avec notre gouvernement car, qui paye cette diff\u00e9rence ? \u2026 C\u2019EST NOUS ! Regardez bien votre facture EDF, il y a une petite ligne qui indique que nous \u00ab participons au d\u00e9veloppement de l\u2019\u00e9nergie verte \u00bb.<\/p>\n\n\n\n<figure class=\"wp-block-image size-large is-resized\"><img loading=\"lazy\" decoding=\"async\" src=\"http:\/\/etresoi-e.com\/blog\/wp-content\/uploads\/2022\/07\/image-34.png\" alt=\"\" class=\"wp-image-5770\" width=\"717\" height=\"611\" srcset=\"http:\/\/etresoi-e.com\/blog\/wp-content\/uploads\/2022\/07\/image-34.png 769w, http:\/\/etresoi-e.com\/blog\/wp-content\/uploads\/2022\/07\/image-34-300x256.png 300w, http:\/\/etresoi-e.com\/blog\/wp-content\/uploads\/2022\/07\/image-34-50x43.png 50w\" sizes=\"auto, (max-width: 717px) 100vw, 717px\" \/><\/figure>\n\n\n\n<p class=\"has-text-align-center\">Et si on parlait un peu du gel ? <\/p>\n\n\n\n<p class=\"has-text-align-center\">\u00c7a se passe en Su\u00e8de, au pays merveilleux de Greta (la pauvre petite fille riche qui voyage en jet priv\u00e9, pr\u00e9tend qu&rsquo;on lui vole son enfance et entraine les ados \u00e0 la suivre dans ses d\u00e9lires. Bon, allez, je m&rsquo;arr\u00eate l\u00e0 sur son portrait, elle n&rsquo;y peut pas grand-chose cette gamine MK Ultra, compl\u00e8tement aux ordres du syst\u00e8me qui l&rsquo;a lobotomis\u00e9e)<\/p>\n\n\n\n<p class=\"has-text-align-center\">En Su\u00e8de, paradis des essais ahurissants du socialisme triomphant, il fait plus froid que chez nous, et les \u00e9oliennes g\u00e8lent. Un m\u00e9lange d&rsquo;eau et de glycol est chauff\u00e9 durant la nuit \u00e0 l&rsquo;aide d&rsquo;un camion \u00e9quip\u00e9 d&rsquo;un br\u00fbleur fioul de 260 kW. \u00c0 l&rsquo;aube, 44 m\u00e8tres cubes d&rsquo;eau \u00e0 60 degr\u00e9s se trouvent dans les r\u00e9servoirs et l&rsquo;h\u00e9licopt\u00e8re peut commencer \u00e0 voler en navette vers l&rsquo;\u00e9olienne dont les pales sont givr\u00e9es.A chaque tour, il faut 850 litres de m\u00e9lange \u00e0 base de glycol (antigel tr\u00e8s bon pour l&rsquo;environnement) dans un r\u00e9servoir avec un pulv\u00e9risateur \u00e0 moteur. Pour r\u00e9ussir le d\u00e9givrage, le d\u00e9bit doit \u00eatre \u00e9lev\u00e9 et tout au plus tout le r\u00e9servoir doit \u00eatre pulv\u00e9ris\u00e9 en deux minutes.Pour effectuer l&rsquo;op\u00e9ration, trois personnes sont n\u00e9cessaires. Un pilote d&rsquo;h\u00e9licopt\u00e8re, un op\u00e9rateur qui contr\u00f4le le pulv\u00e9risateur \u00e0 l&rsquo;aide d&rsquo;un joystick et une personne au camion qui s&rsquo;assure que l&rsquo;h\u00e9licopt\u00e8re peut remplacer rapidement le r\u00e9servoir vide par un plein. Arr\u00eatez moi si je suis dans l&rsquo;erreur, les \u00e9oliennes sont bien install\u00e9es pour \u00e9viter d&rsquo;utiliser des combustibles fossiles qui cr\u00e9ent le r\u00e9chauffement climatique, n&rsquo;est ce pas ? Si je comprends bien la photo, soit \u00e7a ne se r\u00e9chauffe pas partout soit j&rsquo;ai la d\u00e9sagr\u00e9able impression qu&rsquo;ils essaient de me prendre pour une idiote ! Ou peut-\u00eatre les deux, d&rsquo;ailleurs !<\/p>\n\n\n\n<figure class=\"wp-block-image\"><img decoding=\"async\" src=\"https:\/\/scontent.fbru1-1.fna.fbcdn.net\/v\/t1.6435-9\/137045487_1771509479668835_8071485932395680469_n.jpg?_nc_cat=107&amp;ccb=1-7&amp;_nc_sid=730e14&amp;_nc_ohc=Wzhh99srg-oAX_eQrIW&amp;_nc_ht=scontent.fbru1-1.fna&amp;oh=00_AT-kozfmChTU-pkAJrbTpEs68HyKdmaainSIP0Q3mcu5Ng&amp;oe=630676C7\" alt=\"Aucune description de photo disponible.\"\/><\/figure>\n\n\n\n<p class=\"has-text-align-center\">Bienvenue en Absurdistan<\/p>\n\n\n\n<p class=\"has-text-align-center\"> !!! Ca ne choque personne ? Tout va merveilleusement bien dans ce monde tant que le peuple dort, tranquillement endormi par les merdias et pseudo scientifiques menteurs qui propagent des mensonges \u00e0 longueur d&rsquo;ann\u00e9es. <\/p>\n\n\n\n<p class=\"has-text-align-center\"><em>Mabelle <\/em><\/p>\n\n\n\n<p><\/p>\n\n\n\n<p><\/p>\n\n\n\n<p><\/p>\n","protected":false},"excerpt":{"rendered":"<p>Bonjour, comment allez-vous ? Petit partage sur un des mensonges qu&rsquo;on nous a vendu ces derni\u00e8res ann\u00e9es et que nous payons au quotidien. Le d\u00e9veloppement durable, une arnaque parmi d&rsquo;autres. Avez-vous vu le co\u00fbt de l&rsquo;\u00e9nergie verte sur votre facture d&rsquo;\u00e9nergie ? Et vous payez bien s\u00fbr en ayant bonne conscience de faire un geste &hellip; <a href=\"http:\/\/etresoi-e.com\/blog\/lenergie-verte-quelle-arnaque\/\" class=\"more-link\">Continuer la lecture de <span class=\"screen-reader-text\">L&rsquo;\u00e9nergie verte ? Quelle arnaque !<\/span>  <span class=\"meta-nav\">&rarr;<\/span><\/a><\/p>\n","protected":false},"author":3,"featured_media":0,"comment_status":"open","ping_status":"open","sticky":false,"template":"","format":"standard","meta":{"_monsterinsights_skip_tracking":false,"_monsterinsights_sitenote_active":false,"_monsterinsights_sitenote_note":"","_monsterinsights_sitenote_category":0,"footnotes":""},"categories":[1170],"tags":[1219,1220],"class_list":["post-5765","post","type-post","status-publish","format-standard","hentry","category-ca-doit-se-savoir","tag-eolienne","tag-fonds-de-pensions-etrangers"],"aioseo_notices":[],"_links":{"self":[{"href":"http:\/\/etresoi-e.com\/blog\/wp-json\/wp\/v2\/posts\/5765","targetHints":{"allow":["GET"]}}],"collection":[{"href":"http:\/\/etresoi-e.com\/blog\/wp-json\/wp\/v2\/posts"}],"about":[{"href":"http:\/\/etresoi-e.com\/blog\/wp-json\/wp\/v2\/types\/post"}],"author":[{"embeddable":true,"href":"http:\/\/etresoi-e.com\/blog\/wp-json\/wp\/v2\/users\/3"}],"replies":[{"embeddable":true,"href":"http:\/\/etresoi-e.com\/blog\/wp-json\/wp\/v2\/comments?post=5765"}],"version-history":[{"count":1,"href":"http:\/\/etresoi-e.com\/blog\/wp-json\/wp\/v2\/posts\/5765\/revisions"}],"predecessor-version":[{"id":5771,"href":"http:\/\/etresoi-e.com\/blog\/wp-json\/wp\/v2\/posts\/5765\/revisions\/5771"}],"wp:attachment":[{"href":"http:\/\/etresoi-e.com\/blog\/wp-json\/wp\/v2\/media?parent=5765"}],"wp:term":[{"taxonomy":"category","embeddable":true,"href":"http:\/\/etresoi-e.com\/blog\/wp-json\/wp\/v2\/categories?post=5765"},{"taxonomy":"post_tag","embeddable":true,"href":"http:\/\/etresoi-e.com\/blog\/wp-json\/wp\/v2\/tags?post=5765"}],"curies":[{"name":"wp","href":"https:\/\/api.w.org\/{rel}","templated":true}]}}