{"id":5830,"date":"2022-08-16T22:51:16","date_gmt":"2022-08-16T21:51:16","guid":{"rendered":"http:\/\/etresoi-e.com\/blog\/?p=5830"},"modified":"2022-08-16T22:51:18","modified_gmt":"2022-08-16T21:51:18","slug":"pourquoi-ne-pleut-il-pas-dans-le-desert","status":"publish","type":"post","link":"http:\/\/etresoi-e.com\/blog\/pourquoi-ne-pleut-il-pas-dans-le-desert\/","title":{"rendered":"Pourquoi ne pleut il pas dans le d\u00e9sert ?"},"content":{"rendered":"\n<p class=\"has-text-align-center\">\u00ab S\u2019il ne pleut pas dans le d\u00e9sert, c\u2019est parce qu\u2019il n\u2019y a pas d\u2019arbres, et non l\u2019inverse ! \u00bb<\/p>\n\n\n\n<p class=\"has-text-align-center\">Vous comprenez pourquoi ils coupent tous les arbres ou les d\u00e9truisent de mani\u00e8re encore plus violente pour toute la flore et la faune environnante ? <br>Il s&rsquo;agit toujours de l&rsquo;arnaque du r\u00e9chauffement climatique<\/p>\n\n\n\n<figure class=\"wp-block-image\"><img decoding=\"async\" src=\"https:\/\/lareleveetlapeste.fr\/wp-content\/uploads\/2022\/08\/OasisAdjircouvsite.jpg\" alt=\"\"\/><\/figure>\n\n\n\n<p class=\"has-text-align-center\">Pour avoir de l&rsquo;\u00e9vapotranspiration il faut couvrir nos sols de v\u00e9g\u00e9taux verts, donc vivants. Il faut aussi de l&rsquo;eau dans le sol.<\/p>\n\n\n\n<p class=\"has-text-align-center\">Pierrick Berthou est agriculteur, producteur de lait bio \u00e0 Quimperl\u00e9, en Bretagne. En 2003, la canicule meurtri\u00e8re qui s\u2019abat sur la France lui fait prendre conscience de la valeur inestimable de l\u2019eau. Depuis, il s\u2019est form\u00e9 pour apprendre \u00e0 g\u00e9rer de la fa\u00e7on la plus r\u00e9siliente possible cette ressource indispensable \u00e0 la vie. Il a souhait\u00e9 nous livrer ses apprentissages, avec une le\u00e7on cl\u00e9 : il nous faut r\u00e9apprendre \u00e0 conna\u00eetre le cycle de l\u2019eau et favoriser le ph\u00e9nom\u00e8ne d\u2019\u00e9vapotranspiration pour emp\u00eacher les s\u00e9cheresses.<\/p>\n\n\n\n<p class=\"has-text-align-center\">Les le\u00e7ons du pass\u00e9<br>\u00ab Depuis la nuit des temps, l\u2019eau est une pr\u00e9occupation pour l\u2019\u00eatre humain : soit il y en a trop, soit il en manque, jamais content ! D\u2019ailleurs, de nos jours, il n\u2019y a gu\u00e8re que les paysans qui s\u2019en pr\u00e9occupent. Les paysans sont vraiment stress\u00e9s par l\u2019eau. Pour les autres, leurs contemporains, du moment qu\u2019il y a du soleil et que l\u2019eau coule abondamment du robinet, tout va bien.<\/p>\n\n\n\n<p class=\"has-text-align-center\">Justement, le probl\u00e8me est l\u00e0 : tant que l\u2019eau coule du robinet, tout va bien.<\/p>\n\n\n\n<p class=\"has-text-align-center\">Actuellement, nous ne payons pas l\u2019eau en tant que telle, notre facture d\u2019eau correspond aux traitements de l\u2019eau et \u00e0 son acheminement. Or, il suffit d\u2019imaginer qu\u2019un jour l\u2019eau ne coule plus du robinet. Et, cette possible imagination devient d\u00e9j\u00e0 r\u00e9alit\u00e9. Avec la s\u00e9cheresse qui frappe l\u2019Hexagone, ce sont d\u00e9j\u00e0 100 communes qui se retrouvent aujourd\u2019hui sans eau potable en France.<\/p>\n\n\n\n<p class=\"has-text-align-center\">Mais sachons bien, qu\u2019avant que l\u2019eau ne coule plus du robinet, des personnes auront pris les devants pour nous faire acheter l\u2019eau dont nous avons besoin. C\u2019est ce que l\u2019on appelle la marchandisation de l\u2019eau. Alors, un v\u00e9ritable business tr\u00e8s lucratif se mettra en place. Tout est fait pour nous faire accepter cette id\u00e9e totalement folle. A moins que nous ne r\u00e9agissions d\u00e8s maintenant.<\/p>\n\n\n\n<p class=\"has-text-align-center\">Le pass\u00e9 regorge d\u2019exemples de r\u00e9ussite sur la gestion de l\u2019eau :<\/p>\n\n\n\n<p class=\"has-text-align-center\">1000 ans avant notre \u00e8re, les anc\u00eatres des Azt\u00e8ques vivaient dans l\u2019actuel Mexique, une zone g\u00e9ographique plut\u00f4t aride. Ils avaient mis au point des techniques de r\u00e9cup\u00e9ration d\u2019eau de pluie. A ces techniques s\u2019ajoutaient des terrasses sur les flancs des collines afin de ralentir le ruissellement de l\u2019eau de pluie.<\/p>\n\n\n\n<p class=\"has-text-align-center\">L\u2019alliance de ces diff\u00e9rentes techniques permettaient aux Azt\u00e8ques d\u2019avoir de l\u2019eau, donc de la nourriture toute l\u2019ann\u00e9e. Ces techniques vieilles de 25 si\u00e8cles (2500 ans) sont \u00e0 nouveau \u00e9tudi\u00e9es au Mexique, justement, pour faire face \u00e0 la p\u00e9nurie d\u2019eau. Notamment dans la vall\u00e9e d\u2019Oaxaca.<\/p>\n\n\n\n<p class=\"has-text-align-center\">Les Incas, anc\u00eatres des p\u00e9ruviens, avaient, eux aussi, mis en place des techniques de r\u00e9cup\u00e9ration d\u2019eau en haut des montagnes et\/ou des vallons. Ils laissaient l\u2019eau s\u2019infiltrer lentement.<\/p>\n\n\n\n<p class=\"has-text-align-center\">Cette eau, apr\u00e8s avoir \u00e9t\u00e9 filtr\u00e9e et enrichie en min\u00e9raux, ressortait plusieurs mois plus tard dans la vall\u00e9e, pendant la saison s\u00e8che. Ainsi, ils avaient de l\u2019eau en abondance pour les cultures et pour se d\u00e9salt\u00e9rer. Les Incas avaient une connaissance prodigieuse de l\u2019eau et de son cycle. C\u2019est ainsi qu\u2019ils purent d\u00e9velopper ces techniques sophistiqu\u00e9es.<\/p>\n\n\n\n<p class=\"has-text-align-center\">Ces techniques sont largement utilis\u00e9es et vulgaris\u00e9es par Sepp Holzer, chez lui, au Krameterhoff, en Autriche. Au P\u00e9rou, ces techniques sont, elles aussi, actuellement, remises au go\u00fbt du jour.<\/p>\n\n\n\n<p class=\"has-text-align-center\">En 2020, en France, nous avons subi durement une s\u00e9cheresse, comme en 2019 et en 2018, et comme cette ann\u00e9e. Comment r\u00e9agissons-nous ? O\u00f9 en sommes-nous ? Que faisons-nous ? Pour ainsi dire, rien !<\/p>\n\n\n\n<p class=\"has-text-align-center\">Dans les Deux-S\u00e8vres, deux conceptions de gestion de l\u2019eau s\u2019opposent de plus en plus durement. Cela n\u2019est pas pas de bon augure, et laisse imaginer ais\u00e9ment ce qui pourrait se passer si jamais l\u2019acc\u00e8s \u00e0 l\u2019eau se compliquait. Un climat d\u2019inqui\u00e9tude et d\u2019ins\u00e9curit\u00e9 s\u2019emparerait de nous. Et, comme la peur n\u2019est pas bonne conseill\u00e8re \u2026..<\/p>\n\n\n\n<p class=\"has-text-align-center\">Dans les Deux-S\u00e8vres, deux visions diff\u00e9rentes tentent de surmonter ce probl\u00e8me. D\u2019un c\u00f4t\u00e9, il y a des agriculteurs qui veulent stocker l\u2019eau pour assurer une irrigation massive et gabegique ; et de l\u2019autre, il y a certains militants qui ne veulent pas entendre parler de stockage de l\u2019eau. Ces deux visions totalement oppos\u00e9es provoquent de vives tensions, alors que, dans un cas comme dans l\u2019autre, c\u2019est la m\u00e9connaissance du cycle de l\u2019eau qui est en cause.<\/p>\n\n\n\n<p class=\"has-text-align-center\">Ce qu\u2019il nous faut r\u00e9apprendre aujourd\u2019hui, c\u2019est favoriser le ph\u00e9nom\u00e8ne d\u2019\u00e9vapotranspiration d\u2019une r\u00e9gion pour lui permettre de rester verte.<\/p>\n\n\n\n<p class=\"has-text-align-center\">La suite de l&rsquo;article ici : <a href=\"https:\/\/lareleveetlapeste.fr\/sil-ne-pleut-pas-dans-le-desert-cest-parce-quil-ny-a-pas-darbres-et-non-linverse\/\">https:\/\/lareleveetlapeste.fr\/sil-ne-pleut-pas-dans-le-desert-cest-parce-quil-ny-a-pas-darbres-et-non-linverse\/<\/a><\/p>\n\n\n\n<p class=\"has-text-align-center\">Douce nuit. <em>Mabelle<\/em> <\/p>\n","protected":false},"excerpt":{"rendered":"<p>\u00ab S\u2019il ne pleut pas dans le d\u00e9sert, c\u2019est parce qu\u2019il n\u2019y a pas d\u2019arbres, et non l\u2019inverse ! \u00bb Vous comprenez pourquoi ils coupent tous les arbres ou les d\u00e9truisent de mani\u00e8re encore plus violente pour toute la flore et la faune environnante ? Il s&rsquo;agit toujours de l&rsquo;arnaque du r\u00e9chauffement climatique Pour avoir &hellip; <a href=\"http:\/\/etresoi-e.com\/blog\/pourquoi-ne-pleut-il-pas-dans-le-desert\/\" class=\"more-link\">Continuer la lecture de <span class=\"screen-reader-text\">Pourquoi ne pleut il pas dans le d\u00e9sert ?<\/span>  <span class=\"meta-nav\">&rarr;<\/span><\/a><\/p>\n","protected":false},"author":3,"featured_media":0,"comment_status":"open","ping_status":"open","sticky":false,"template":"","format":"standard","meta":{"_monsterinsights_skip_tracking":false,"_monsterinsights_sitenote_active":false,"_monsterinsights_sitenote_note":"","_monsterinsights_sitenote_category":0,"footnotes":""},"categories":[1170],"tags":[],"class_list":["post-5830","post","type-post","status-publish","format-standard","hentry","category-ca-doit-se-savoir"],"aioseo_notices":[],"_links":{"self":[{"href":"http:\/\/etresoi-e.com\/blog\/wp-json\/wp\/v2\/posts\/5830","targetHints":{"allow":["GET"]}}],"collection":[{"href":"http:\/\/etresoi-e.com\/blog\/wp-json\/wp\/v2\/posts"}],"about":[{"href":"http:\/\/etresoi-e.com\/blog\/wp-json\/wp\/v2\/types\/post"}],"author":[{"embeddable":true,"href":"http:\/\/etresoi-e.com\/blog\/wp-json\/wp\/v2\/users\/3"}],"replies":[{"embeddable":true,"href":"http:\/\/etresoi-e.com\/blog\/wp-json\/wp\/v2\/comments?post=5830"}],"version-history":[{"count":1,"href":"http:\/\/etresoi-e.com\/blog\/wp-json\/wp\/v2\/posts\/5830\/revisions"}],"predecessor-version":[{"id":5831,"href":"http:\/\/etresoi-e.com\/blog\/wp-json\/wp\/v2\/posts\/5830\/revisions\/5831"}],"wp:attachment":[{"href":"http:\/\/etresoi-e.com\/blog\/wp-json\/wp\/v2\/media?parent=5830"}],"wp:term":[{"taxonomy":"category","embeddable":true,"href":"http:\/\/etresoi-e.com\/blog\/wp-json\/wp\/v2\/categories?post=5830"},{"taxonomy":"post_tag","embeddable":true,"href":"http:\/\/etresoi-e.com\/blog\/wp-json\/wp\/v2\/tags?post=5830"}],"curies":[{"name":"wp","href":"https:\/\/api.w.org\/{rel}","templated":true}]}}