{"id":6099,"date":"2022-11-26T05:36:00","date_gmt":"2022-11-26T04:36:00","guid":{"rendered":"http:\/\/etresoi-e.com\/blog\/?p=6099"},"modified":"2022-11-21T13:13:49","modified_gmt":"2022-11-21T12:13:49","slug":"le-monde-est-un-asile-psychiatrique","status":"publish","type":"post","link":"http:\/\/etresoi-e.com\/blog\/le-monde-est-un-asile-psychiatrique\/","title":{"rendered":"Le monde est un asile psychiatrique"},"content":{"rendered":"\n<p class=\"has-text-align-center\">Et si ce n&rsquo;est pas vrai, comment expliquez vous ceci ? <\/p>\n\n\n\n<p class=\"has-text-align-center\">*Une femme vir\u00e9e de son pays d&rsquo;origine du fait qu\u2019elle \u00e9tait si corrompue que c&rsquo;en \u00e9tait visible de l&rsquo;espace, prend la t\u00eate de l&rsquo;Europe, et impose des r\u00e8gles qui impactent 500 millions de personnes, alors qu\u2019elle n&rsquo;a pas re\u00e7u mandat des peuples concern\u00e9s. Et apr\u00e8s l&rsquo;\u00e9pisode Covid avec notre argent donn\u00e9 aux labos, l&rsquo;\u00e9pisode Ukraine et notre argent distribu\u00e9 \u00e0 des nazis et un acteur qui joue du piano avec son sexe qui s&rsquo;enrichi sur notre dos, la voil\u00e0 qui ach\u00e8te deux millions d&rsquo;injections contre la variole du singe <a href=\"https:\/\/dissidentofficiel.com\/ursula-von-der-leyen-commande-2-millions-de-doses-de-vaccin-contre-la-variole-du-singe-alors-quil-ny-a-pas-de-veritable-epidemie-et-que-cest-une-maladie-benigne\/\">https:\/\/dissidentofficiel.com\/ursula-von-der-leyen-commande-2-millions-de-doses-de-vaccin-contre-la-variole-du-singe-alors-quil-ny-a-pas-de-veritable-epidemie-et-que-cest-une-maladie-benigne\/<\/a><\/p>\n\n\n\n<p class=\"has-text-align-center\">*Un allemand chauve avec une t\u00eate de tortue, non \u00e9lu lui non plus, impose des consignes aux leaders du monde entier, conduisant ainsi les peuples en esclavage; dites consignes par ailleurs appliqu\u00e9es religieusement par ceux et celles qui sont cens\u00e9s nous repr\u00e9senter.<\/p>\n\n\n\n<p class=\"has-text-align-center\">*Une petite conne \u00e0 couette de 18 ans, dont le bagage culturel se r\u00e9sume \u00e0 \u00abOui-oui et la gomme magique\u00bb et Al gore dans son documentaire abscons sur le climat, donnent des le\u00e7ons sur la transition \u00e9nerg\u00e9tique \u00e0 la terre enti\u00e8re, et on leur d\u00e9roule le tapis rouge alors que leur discours n&rsquo;est que mensonge et manipulation. <\/p>\n\n\n\n<div class=\"wp-block-image\"><figure class=\"aligncenter\"><img decoding=\"async\" src=\"https:\/\/sun9-83.userapi.com\/impg\/nhOQj9LjTL09_IJ39ZF9JCFIHFQN6R21_QfSaQ\/Wd9SqVZQz18.jpg?size=900x900&amp;quality=96&amp;sign=89015cb2db12faa8eb7b777fed007949&amp;type=album\" alt=\"L\u2019attribut alt de cette image est vide, son nom de fichier est Wd9SqVZQz18.jpg.\"\/><\/figure><\/div>\n\n\n\n<p class=\"has-text-align-center\">Tout en oubliant que la pollution atmosph\u00e9rique r\u00e9sulte uniquement de la politique \u00e9conomique mondialiste, par l&rsquo;explosion du transport maritime, qui en est la cons\u00e9quence directe. En effet nous avons aujourd&rsquo;hui un million de navires marchands de transport pour soutenir le march\u00e9 mondialiste, et quand on sait qu&rsquo;un seul navire de transport pollue autant par jour qu&rsquo;une ville de 150000e habitants, le million de navires de transport du monde mondialiste pollue autant par jour qu&rsquo;une population de 150 milliards d&rsquo;habitants. Sommes nous 150 milliards d&rsquo;habitants ? Non nous sommes 8 milliards qui, s&rsquo;ils se tiennent sur une surface de 1m2 chacun repr\u00e9sentent une surface totale de 90km2, ce qui repr\u00e9sente m\u00eame pas le plus petit d\u00e9partement fran\u00e7ais. Mais pour satisfaire \u00e0 la propagande et l&rsquo;avidit\u00e9 de quelques milliardaires talmudofachistes nazis, ils justifient l&rsquo;Holocauste de la population mondiale par une fausse vaccination et un Pass Carbone pour contr\u00f4ler et couper les comptes bancaires des opposants, comme ils ont d\u00e9j\u00e0 supprim\u00e9 les comptes Twitter, google, YouTube, Facebook, des r\u00e9ticents \u00e0 la propagande.<\/p>\n\n\n\n<p>*Un vieillard s\u00e9nile \u00e0 peine capable de lire un prompteur, se fait passer pour le pr\u00e9sident de la 1ere puissance mondiale, apr\u00e8s avoir battu le record de voix \u00e0 une \u00e9lection sans faire campagne, et multiplie les d\u00e9cisions mortif\u00e8res qui plombent son pays.<\/p>\n\n\n\n<p class=\"has-text-align-center\">*Un com\u00e9dien rat\u00e9 poudr\u00e9 jusqu&rsquo;aux yeux, menace d\u2019entra\u00eener le monde dans un hiver nucl\u00e9aire, tout en se constituant un patrimoine priv\u00e9 plus qu&rsquo;ind\u00e9cent, pendant que les hommes de son pays meurent dans une guerre pour les int\u00e9r\u00eats des Blackrock Vangard &amp; consorts, et ils insistent a lui envoyer des milliards chaque jour qui passe, milliards appartenant aux citoyens qui n&rsquo;arrivent plus \u00e0 manger ou payer leur factures.<\/p>\n\n\n\n<div class=\"wp-block-image\"><figure class=\"aligncenter\"><img decoding=\"async\" src=\"https:\/\/sun6-22.userapi.com\/impg\/jNAInu_6_4zuh4xW0QydUVOgb4c8aY_wsY8W0A\/aOeiEHh8Yow.jpg?size=1170x887&amp;quality=96&amp;sign=3efb7c7e6d90c54c4cd7274ac60da5b1&amp;type=album\" alt=\"L\u2019attribut alt de cette image est vide, son nom de fichier est aOeiEHh8Yow.jpg.\"\/><\/figure><\/div>\n\n\n\n<p class=\"has-text-align-center\">*Un pervers narcissique pr\u00e9sentant des troubles psycho-sociopathique, ayant par le trucage des urnes pris les Fran\u00e7ais en otage, conduit la France aux abysses des enfers, qu&rsquo;il dirige par le 49.3.<\/p>\n\n\n\n<p class=\"has-text-align-center\">*Un type ayant fait fortune dans l&rsquo;informatique, s&rsquo;improvise m\u00e9decin du monde, puis en pleine bouff\u00e9e d\u00e9lirante s&rsquo;octroie les titres es doctorat, lui permettant d&rsquo;imposer l&rsquo;injection de solutions exp\u00e9rimentales \u00e0 toute une plan\u00e8te.<\/p>\n\n\n\n<p class=\"has-text-align-center\">Durant deux loongues ann\u00e9es le monde a v\u00e9cu dans la terreur d\u2019un rhume en multipliant des gestes aussi grotesques qu\u2019inutiles dans une sorte de mantra path\u00e9tique, dont certains ont encore aujourd\u2019hui du mal \u00e0 s&rsquo;extraire. D&rsquo;ailleurs ils n&rsquo;y arriveront peut-\u00eatre m\u00eame jamais.<\/p>\n\n\n\n<figure class=\"wp-block-image size-large\"><img loading=\"lazy\" decoding=\"async\" width=\"1024\" height=\"632\" src=\"http:\/\/etresoi-e.com\/blog\/wp-content\/uploads\/2022\/11\/image-16-1024x632.png\" alt=\"\" class=\"wp-image-6100\" srcset=\"http:\/\/etresoi-e.com\/blog\/wp-content\/uploads\/2022\/11\/image-16-1024x632.png 1024w, http:\/\/etresoi-e.com\/blog\/wp-content\/uploads\/2022\/11\/image-16-300x185.png 300w, http:\/\/etresoi-e.com\/blog\/wp-content\/uploads\/2022\/11\/image-16-768x474.png 768w, http:\/\/etresoi-e.com\/blog\/wp-content\/uploads\/2022\/11\/image-16-50x31.png 50w, http:\/\/etresoi-e.com\/blog\/wp-content\/uploads\/2022\/11\/image-16.png 1148w\" sizes=\"auto, (max-width: 1024px) 100vw, 1024px\" \/><\/figure>\n\n\n\n<p class=\"has-text-align-center\">Pour cr\u00e9er la panique, ils se basent sur la virologie qui n&rsquo;est rien d&rsquo;autre qu&rsquo;un \u00e9norme escroquerie \u00e0 laquelle tout le monde croit, y compris les m\u00e9decins, c&rsquo;est dire \u00e0 quel point ils ont \u00e9t\u00e9 bien format\u00e9s par les labos qui subsidient leurs \u00e9tudes. Et c\u2019est dans ce monde l\u00e0 que la plupart de nos proches croient, sans que cela ne les \u00e9meuve le moins du monde\u2026<\/p>\n\n\n\n<figure class=\"wp-block-embed-youtube aligncenter wp-block-embed is-type-video is-provider-youtube wp-embed-aspect-16-9 wp-has-aspect-ratio\"><div class=\"wp-block-embed__wrapper\">\nhttps:\/\/youtu.be\/5_Bh50OT_qI\n<\/div><\/figure>\n\n\n\n<p class=\"has-text-align-center\">Alors oui je l&rsquo;affirme, cette permanence humaine est bien, et sans aucun doute, la plus stupide que le monde ait connue. Soit un mixte de l\u2019exp\u00e9rience de Milgram et du syndrome de Stockholm. La plan\u00e8te enti\u00e8re et l&rsquo;occident en particulier, \u00e0 l&rsquo;ode des faits, semble bien n\u2019\u00eatre plus rien d&rsquo;autre qu&rsquo;un immense \u00e9tablissement psychiatrique, dirig\u00e9 pas des psychopathes. <\/p>\n\n\n\n<p class=\"has-text-align-center\">La star mondiale non \u00e9lue de la sant\u00e9, Bill Gates, a profit\u00e9 de son apparition au sommet du G20 \u00e0 Bali, en Indon\u00e9sie, pour soulever une discussion sur les \u00ab comit\u00e9s de la mort\u00bb. Selon lui, des comit\u00e9s de la mort seront n\u00e9cessaires dans un proche avenir afin de mettre fin \u00e0 la vie des personnes malades en raison de \u00ab frais m\u00e9dicaux tr\u00e8s, tr\u00e8s \u00e9lev\u00e9s \u00bb <\/p>\n\n\n\n<figure class=\"wp-block-embed-wordpress aligncenter wp-block-embed is-type-wp-embed is-provider-news-punch\"><div class=\"wp-block-embed__wrapper\">\nhttps:\/\/newspunch.com\/bill-gates-tells-g20-world-leaders-that-death-panels-will-soon-be-required\/\n<\/div><\/figure>\n\n\n\n<p class=\"has-text-align-center\">Au Canada, on refuse la mise \u00e0 mort des criminels, mais apr\u00e8s avoir propos\u00e9 aux sdf une petite somme d&rsquo;argent contre leur euthanasie, on autorise la mise \u00e0 mort des enfants d\u00e9pressifs ! <\/p>\n\n\n\n<figure class=\"wp-block-embed-wordpress aligncenter wp-block-embed is-type-wp-embed is-provider-l-039-informateur-\ud83c\uddf3\ud83c\uddf1-westandasone\"><div class=\"wp-block-embed__wrapper\">\n<blockquote class=\"wp-embedded-content\" data-secret=\"JDDycHLQmJ\"><a href=\"https:\/\/qactus.fr\/2022\/11\/19\/canada-horreur-le-canada-vient-dapprouver-leuthanasie-des-enfants-depressifs-tucker-carlson-compare-cela-a-ce-que-les-nazis-faisaient-en-allemagne-dans-les-annees-40-tuer-ceux-qui-sont-faibl\/\">Canada : Horreur, le Canada vient d&rsquo;approuver l&rsquo;euthanasie des enfants d\u00e9pressifs. Tucker Carlson compare cela \u00e0 ce que les nazis faisaient en Allemagne dans les ann\u00e9es 40 &#8211; tuer ceux qui sont faibles\u2026<\/a><\/blockquote><iframe loading=\"lazy\" class=\"wp-embedded-content\" sandbox=\"allow-scripts\" security=\"restricted\" style=\"position: absolute; visibility: hidden;\" title=\"\u00ab\u00a0Canada : Horreur, le Canada vient d&rsquo;approuver l&rsquo;euthanasie des enfants d\u00e9pressifs. Tucker Carlson compare cela \u00e0 ce que les nazis faisaient en Allemagne dans les ann\u00e9es 40 &#8211; tuer ceux qui sont faibles\u2026\u00a0\u00bb &#8212; L&#039;Informateur\" src=\"https:\/\/qactus.fr\/2022\/11\/19\/canada-horreur-le-canada-vient-dapprouver-leuthanasie-des-enfants-depressifs-tucker-carlson-compare-cela-a-ce-que-les-nazis-faisaient-en-allemagne-dans-les-annees-40-tuer-ceux-qui-sont-faibl\/embed\/#?secret=mLNjGhgU8O#?secret=JDDycHLQmJ\" data-secret=\"JDDycHLQmJ\" width=\"474\" height=\"267\" frameborder=\"0\" marginwidth=\"0\" marginheight=\"0\" scrolling=\"no\"><\/iframe>\n<\/div><\/figure>\n\n\n\n<div class=\"wp-block-image\"><figure class=\"aligncenter\"><img decoding=\"async\" src=\"https:\/\/sun6-22.userapi.com\/impg\/9E9IhDIXbGI2ojx7Bj0Ook555Pg3-YFCtgNLWQ\/FA0HR_awW1E.jpg?size=1080x1533&amp;quality=96&amp;sign=45cfda6da469918547ce749a68088574&amp;type=album\" alt=\"\"\/><\/figure><\/div>\n\n\n\n<p class=\"has-text-align-center\">Il n\u2019y a donc pas encore assez de morts\u00a0? Ca ne va pas assez rapidement \u00e0 leurs yeux ? La France a vot\u00e9 le 2 ao\u00fbt 2021 une loi autorisant ce qu\u2019ils nomment avortement, mais qui n\u2019est rien d\u2019autre qu\u2019un assassinat, des enfants jusqu\u2019au terme de la grossesse. Un \u00e9tat Am\u00e9ricain prolonge jusqu\u2019\u00e0 un mois apr\u00e8s la naissance. Au Canada , les enfants n\u00e9s avec un handicap peuvent d\u00e9sormais b\u00e9n\u00e9ficier d&rsquo;un suicide assist\u00e9 jusqu&rsquo;\u00e0 un an apr\u00e8s leur naissance. Aider \u00e0 mourir une personne qui ne peut donner son consentement, \u00e7a ne choque que moi\u00a0?<\/p>\n\n\n\n<p class=\"has-text-align-center\">Et, en Suisse, suicide assist\u00e9 autoris\u00e9 pour les plus de18 ans, sans doute jusqu&rsquo;\u00e0 ce qu&rsquo;ils diminuent l&rsquo;\u00e2ge requis comme ils le font partout pour le consentement \u00e0 une relation sexuelle avec un adulte ?  <a href=\"https:\/\/www.youtube.com\/watch?v=B-D6uPX9xfQ\">https:\/\/www.youtube.com\/watch?v=B-D6uPX9xfQ<\/a><\/p>\n\n\n\n<p class=\"has-text-align-center\">Nous vivons dans un monde de malades mentaux dans lequel r\u00e9fl\u00e9chir et se poser des questions est de plus en plus vu comme un probl\u00e8me psychiatrique. En r\u00e9sum\u00e9, des fous dirigent le monde et accusent tous ceux qui n&rsquo;ont pas leur degr\u00e9 de folie d&rsquo;\u00eatre les fous de service, \u00e0 enfermer de toute urgence ! Inversion accusatoire, encore et toujours. <\/p>\n\n\n\n<div class=\"wp-block-image\"><figure class=\"aligncenter\"><img decoding=\"async\" src=\"http:\/\/etresoi-e.com\/blog\/wp-content\/uploads\/2022\/11\/image-17.png\" alt=\"L\u2019attribut alt de cette image est vide, son nom de fichier est image-17.png.\"\/><\/figure><\/div>\n\n\n\n<p class=\"has-text-align-center\">Pourquoi les journalistes complices et le gouvernement veulent-ils une chasse aux sorci\u00e8res des soit disant complotistes ? <a href=\"https:\/\/vk.com\/away.php?to=https%3A%2F%2Flesmoutonsenrages.fr%2F2022%2F11%2F07%2Fcovid-19-crime-contre-lhumanite-un-parasite-nano-techno-biologique-injecte-sciemment-aux-populations-karen-kingston-article-video-entretien%2F&amp;post=464353534_4356&amp;cc_key=\" target=\"_blank\" rel=\"noreferrer noopener\">https:\/\/lesmoutonsenrages.fr\/2022\/11\/07\/covid-19-crime-contre-lhumanite-un-parasite-nano-techno-biologique-injecte-sciemment-aux-populations-karen-kingston-article-video-entretien\/<\/a><\/p>\n\n\n\n<p class=\"has-text-align-center\">N&rsquo;oubliez pas qu&rsquo;ils veulent tous nous injecter \u00e0 r\u00e9p\u00e9tition, il suffit de voir le nombre de doses d&rsquo;injections exp\u00e9rimentales command\u00e9es, et ils n&rsquo;ont pas l&rsquo;intention de s&rsquo;arr\u00eater l\u00e0 puisque l&rsquo;UE a maintenant command\u00e9 2 millions de doses d&rsquo;injections soit-disant contre la variole du singe. Peu importe la maladie invent\u00e9e, l&rsquo;important est d&rsquo;injecter et d&rsquo;injecter encore pour que les citoyens en meurent et qu&rsquo;ils arrivent \u00e0 leur nombre de 500 millions d&rsquo;habitants sur terre comme cela \u00e9tait inscrit sur les Georgia Guide Stones. Ce n&rsquo;est pas parce qu&rsquo;elles ont disparu que ceux qui savent vont oublier ce qui y \u00e9tait inscrit dans la pierre. Ce nombre est beaucoup plus facile \u00e0 contr\u00f4ler, surtout avec des m\u00e9taux lourds dans le corps qui permet de les commander avec les ondes. <\/p>\n\n\n\n<p class=\"has-text-align-center\">Prenez soin de vous.<\/p>\n\n\n\n<p class=\"has-text-align-center\"><em>Mabelle<\/em> <\/p>\n","protected":false},"excerpt":{"rendered":"<p>Et si ce n&rsquo;est pas vrai, comment expliquez vous ceci ? *Une femme vir\u00e9e de son pays d&rsquo;origine du fait qu\u2019elle \u00e9tait si corrompue que c&rsquo;en \u00e9tait visible de l&rsquo;espace, prend la t\u00eate de l&rsquo;Europe, et impose des r\u00e8gles qui impactent 500 millions de personnes, alors qu\u2019elle n&rsquo;a pas re\u00e7u mandat des peuples concern\u00e9s. Et &hellip; <a href=\"http:\/\/etresoi-e.com\/blog\/le-monde-est-un-asile-psychiatrique\/\" class=\"more-link\">Continuer la lecture de <span class=\"screen-reader-text\">Le monde est un asile psychiatrique<\/span>  <span class=\"meta-nav\">&rarr;<\/span><\/a><\/p>\n","protected":false},"author":3,"featured_media":0,"comment_status":"open","ping_status":"open","sticky":false,"template":"","format":"standard","meta":{"_monsterinsights_skip_tracking":false,"_monsterinsights_sitenote_active":false,"_monsterinsights_sitenote_note":"","_monsterinsights_sitenote_category":0,"footnotes":""},"categories":[114,1170],"tags":[],"class_list":["post-6099","post","type-post","status-publish","format-standard","hentry","category-actualites","category-ca-doit-se-savoir"],"aioseo_notices":[],"_links":{"self":[{"href":"http:\/\/etresoi-e.com\/blog\/wp-json\/wp\/v2\/posts\/6099","targetHints":{"allow":["GET"]}}],"collection":[{"href":"http:\/\/etresoi-e.com\/blog\/wp-json\/wp\/v2\/posts"}],"about":[{"href":"http:\/\/etresoi-e.com\/blog\/wp-json\/wp\/v2\/types\/post"}],"author":[{"embeddable":true,"href":"http:\/\/etresoi-e.com\/blog\/wp-json\/wp\/v2\/users\/3"}],"replies":[{"embeddable":true,"href":"http:\/\/etresoi-e.com\/blog\/wp-json\/wp\/v2\/comments?post=6099"}],"version-history":[{"count":3,"href":"http:\/\/etresoi-e.com\/blog\/wp-json\/wp\/v2\/posts\/6099\/revisions"}],"predecessor-version":[{"id":6120,"href":"http:\/\/etresoi-e.com\/blog\/wp-json\/wp\/v2\/posts\/6099\/revisions\/6120"}],"wp:attachment":[{"href":"http:\/\/etresoi-e.com\/blog\/wp-json\/wp\/v2\/media?parent=6099"}],"wp:term":[{"taxonomy":"category","embeddable":true,"href":"http:\/\/etresoi-e.com\/blog\/wp-json\/wp\/v2\/categories?post=6099"},{"taxonomy":"post_tag","embeddable":true,"href":"http:\/\/etresoi-e.com\/blog\/wp-json\/wp\/v2\/tags?post=6099"}],"curies":[{"name":"wp","href":"https:\/\/api.w.org\/{rel}","templated":true}]}}