{"id":6142,"date":"2022-11-28T22:05:45","date_gmt":"2022-11-28T21:05:45","guid":{"rendered":"http:\/\/etresoi-e.com\/blog\/?p=6142"},"modified":"2022-11-29T00:32:03","modified_gmt":"2022-11-28T23:32:03","slug":"pourquoi-avoir-truque-la-pandemie","status":"publish","type":"post","link":"http:\/\/etresoi-e.com\/blog\/pourquoi-avoir-truque-la-pandemie\/","title":{"rendered":"Pourquoi avoir truqu\u00e9 la pand\u00e9mie ?"},"content":{"rendered":"\n<p class=\"has-text-align-center\">Bonsoir, Je vous esp\u00e8re en pleine forme. <\/p>\n\n\n\n<p class=\"has-text-align-center\">Je vous partage ce soir un article de Bon Sens<\/p>\n\n\n\n<p class=\"has-text-align-center\">Pourquoi l&rsquo;OMS avait-t-elle truqu\u00e9 une pand\u00e9mie ? TOUJOURS BON DE SE REM\u00c9MORER L&rsquo;HISTOIRE ET DE LA TRANSMETTRE \u00c0 LA JEUNESSE. L&rsquo;HISTOIRE SE R\u00c9P\u00c8TE !! MAIS CETTE FOIS, UNE GRANDE PARTIE DU TROUPEAU A SUIVI LE \u00ab\u00a0BERGER\u00a0\u00bb\u2026<\/p>\n\n\n\n<p class=\"has-text-align-center\">Depuis le d\u00e9but de l&rsquo;\u00e9v\u00e9nement COVID, les autorit\u00e9s du monde entier ont mis en \u0153uvre des politiques assez extraordinaires, notamment le soi-disant \u00ab enfermement \u00bb de populations enti\u00e8res, le masquage obligatoire et la coercition via, par exemple, l&rsquo;imposition de multiples injections de \u00abvaccins\u00bb. Bon nombre de ces politiques vont \u00e0 l&rsquo;encontre d&rsquo;approches de sant\u00e9 publique \u00e9tablies de longue date et bien document\u00e9es pour lutter contre les virus respiratoires\u2026 Il y 12 ans, la plan\u00e8te a eu peur. Venue du Mexique, celle que l\u2019on appelait au d\u00e9but \u00ab\u00a0la grippe porcine\u00a0\u00bb allait d\u00e9ferler sur l&rsquo;esp\u00e8ce humaine, tuant notamment des jeunes en bonne sant\u00e9 ou des femmes enceintes. Les informations \u00e9taient inqui\u00e9tantes, les explications confuses. Sur les plateaux de t\u00e9l\u00e9vision, les experts se bousculaient alors pour nous raconter le drame \u00e0 venir, et les journaux de l\u2019\u00e9poque ne parlaient que de l\u2019horreur future. Pendant huit mois, le virus H1N1 a effray\u00e9 toute la plan\u00e8te. Pr\u00e9sent\u00e9 comme tr\u00e8s dangereux et particuli\u00e8rement mortel pour les jeunes, il s&rsquo;appr\u00eatait \u00e0 d\u00e9cimer une partie de l&rsquo;humanit\u00e9. Pour s&rsquo;en prot\u00e9ger, la France a d\u00e9pens\u00e9 pr\u00e8s de 2 milliards d&rsquo;euros. Mais, finalement, la grippe A n&rsquo;a pas fait plus de victimes qu&rsquo;une grippe saisonni\u00e8re\u2026 TOUT COMME LA COVID !!<\/p>\n\n\n\n<p class=\"has-text-align-center\">R\u00e9v\u00e9l\u00e9 par Forbes en 2010, l&rsquo;assembl\u00e9e parlementaire du Conseil de l&rsquo;Europe (APCE), un organisme de surveillance des droits de l&rsquo;homme, avait enqu\u00eat\u00e9 publiquement sur les motifs de la d\u00e9claration de pand\u00e9mie de l&rsquo;OMS. En effet, le pr\u00e9sident de son influent comit\u00e9 de sant\u00e9, l&rsquo;\u00e9pid\u00e9miologiste Wolfgang Wodarg, avait d\u00e9clar\u00e9 que c&rsquo;\u00e9tait une \u00ab fausse pand\u00e9mie \u00bb et \u00ab l&rsquo;un des plus grands scandales m\u00e9dicaux du si\u00e8cle \u00bb. M\u00eame au sein de l&rsquo;agence, le directeur du Centre collaborateur de l&rsquo;OMS pour l&rsquo;\u00e9pid\u00e9miologie \u00e0 Munster, en Allemagne, le Dr Ulrich Kiel, a essentiellement qualifi\u00e9 la pand\u00e9mie de canular. \u00ab Nous assistons \u00e0 une gigantesque mauvaise allocation des ressources (18 milliards de dollars), en termes de sant\u00e9 publique \u00bb, avait-il d\u00e9clar\u00e9.<\/p>\n\n\n\n<p class=\"has-text-align-center\">Ils avaient raison. Ce n&rsquo;\u00e9tait pas simplement un exc\u00e8s de prudence ou une simple erreur de jugement. La d\u00e9claration de pand\u00e9mie et toutes les sonneries de Klaxon \u00e9taient une pure malhonn\u00eatet\u00e9, motiv\u00e9e non par des pr\u00e9occupations m\u00e9dicales mais politiques. \u00c0 l\u2019\u00e9poque de la pand\u00e9mie de grippe A H1N1, le Bon Sens \u00e9tait encore de mise\u2026 Ouvrez les yeux !! <\/p>\n\n\n\n<p class=\"has-text-align-center\">Marc Van Ranst expliquait-il en 2019 \u00ab\u00a0comment vendre une \u00e9pid\u00e9mie\u00a0\u00bb et manipuler les m\u00e9dias : <a href=\"https:\/\/t.me\/vivrecorrectement\/3745\">https:\/\/t.me\/vivrecorrectement\/3745<\/a><\/p>\n\n\n\n<p class=\"has-text-align-center\">Pourquoi l&rsquo;OMS a truqu\u00e9 une pand\u00e9mie. Archive Forbes, <a href=\"https:\/\/web.archive.org\/web\/20100208182828\/https:\/\/www.forbes.com\/2010\/02\/05\/world-health-organization-swine-flu-pandemic-opinions-contributors-michael-fumento.html\">https:\/\/web.archive.org\/web\/20100208182828\/https:\/\/www.forbes.com\/2010\/02\/05\/world-health-organization-swine-flu-pandemic-opinions-contributors-michael-fumento.html<\/a><\/p>\n\n\n\n<p class=\"has-text-align-center\">LES R\u00c9SEAUX QUI ONT CR\u00c9\u00c9 LA PAND\u00c9MIE (PLAND\u00c9MIE !) <a href=\"https:\/\/t.me\/vivrecorrectement\/2838\">https:\/\/t.me\/vivrecorrectement\/2838<\/a><\/p>\n\n\n\n<p class=\"has-text-align-center\">GRIPPE A H1N1 VS COVID-19, L&rsquo;HISTOIRE SE R\u00c9P\u00c8TE-T-ELLE ?<br>VOUS \u00caTES SEUL JUGE !! <a href=\"https:\/\/t.me\/vivrecorrectement\/3323\">https:\/\/t.me\/vivrecorrectement\/3323<\/a><\/p>\n\n\n\n<p class=\"has-text-align-center\">La fraude et la corruption aujourd\u2019hui infestent et pourrissent tous les pouvoirs et syst\u00e8mes concern\u00e9s : gouvernements et agences de sant\u00e9, revues et comit\u00e9s \u00ab scientifiques \u00bb, h\u00f4pitaux universitaires et soci\u00e9t\u00e9s m\u00e9dicales, parlements et partis, m\u00e9dias \u00e9videmment, mais aussi justice, influenceurs et syndicats. Le tableau est holistique, c\u2019est pour cela que l\u2019on parle (il s\u2019agit de l\u2019expression consacr\u00e9e) de \u00ab corruption syst\u00e9mique \u00bb\u2026 elle est devenue le mode par d\u00e9faut de ces \u00ab \u00e9lites \u00bb. <a href=\"https:\/\/t.me\/vivrecorrectement\/4146\">https:\/\/t.me\/vivrecorrectement\/4146<\/a><\/p>\n\n\n\n<p class=\"has-text-align-center\">L&rsquo;article se termine ici mais je ne voulais pas simplement partager sans compl\u00e9ter par quelques notes personnelles. <\/p>\n\n\n\n<p class=\"has-text-align-center\">Je suis horrifi\u00e9e de voir que des parents laissent injecter ce poison \u00e0 leurs enfants alors que chaque jour il y a un peu plus de morts, et particuli\u00e8rement parmi les enfants , que personne, ou si peu r\u00e9agissent <a href=\"https:\/\/twitter.com\/VeriteDiffusee\/status\/1597192780350390273?s=20\">https:\/\/twitter.com\/VeriteDiffusee\/status\/1597192780350390273?s=20<\/a><\/p>\n\n\n\n<p class=\"has-text-align-center\">Je suis sid\u00e9r\u00e9e de voir encore autour de moi des personnes qui vont se faire injecter une quatri\u00e8me dose de ce poison sans se poser la moindre question, simplement parce qu&rsquo;un politicien v\u00e9reux pr\u00e9tend qu&rsquo;une nouvelle vague arrive, qu&rsquo;ils s&rsquo;installent devant leur t\u00e9l\u00e9 \u00e0 regarder le foot dans un pays qui bafoue tous les droits humains (vous me direz dans notre dictature d\u00e9guis\u00e9e, on en est l\u00e0 aussi mais de mani\u00e8re bien plus sournoise et d\u00e9guis\u00e9e), sans se soucier du nombre d&rsquo;esclaves morts lors de la construction des stades, trouvant \u00e7a normal de climatiser la moiti\u00e9 du d\u00e9sert pendant qu&rsquo;ici on ne sait plus chauffer nos logements, et que chaque jour de nouveaux petits ind\u00e9pendants mettent la cl\u00e9 sous la porte. Je suis triste de voir que ce monde est sens\u00e9 \u00eatre habit\u00e9 par 8 milliards d&rsquo;humains et qu&rsquo;il y a si peu d&rsquo;humanit\u00e9, si peu de r\u00e9flexion, si peu de bienveillance. <\/p>\n\n\n\n<div class=\"wp-block-image\"><figure class=\"aligncenter\"><img decoding=\"async\" src=\"https:\/\/sun9-17.userapi.com\/impg\/CHZF--BWw988l5Up7klwyYHWvtw0d1lYdXM06Q\/obbuTWeK_ys.jpg?size=1080x1073&amp;quality=96&amp;sign=4ca70bbde3e4c7689ed944f96ea06c9c&amp;type=album\" alt=\"\"\/><\/figure><\/div>\n\n\n\n<p class=\"has-text-align-center\">L&rsquo;Europe est devenue un pays sous d\u00e9velopp\u00e9, mais pas de souci, certains peuvent toujours se permettre de regarder le foot, et d&rsquo;autres ont m\u00eame pris l&rsquo;avion et paient l&rsquo;h\u00f4tel pour soutenir leur \u00e9quipe de gars qui, pour courir apr\u00e8s un ballon gagnent plus d&rsquo;argent en un mois que leurs supporters en toute une vie.<\/p>\n\n\n\n<p class=\"has-text-align-center\">Didier, int\u00e9rimaire de 38 ans, est oblig\u00e9 de dormir dans sa voiture malgr\u00e9 le froid parce qu&rsquo;il ne peut pas se permettre l&rsquo;essence du trajet au travail. Il ne mange pas tous les jours.<br><a href=\"https:\/\/planetes360.fr\/inflation-didier-interimaire-de-38-ans-est-oblige-de-dormir-dans-sa-voiture-malgre-le-froid-parce-quil-ne-peut-pas-se-permettre-lessence-du-trajet-au-travail-il-ne-mange-pas-tous-les-jours\/\">https:\/\/planetes360.fr\/inflation-didier-interimaire-de-38-ans-est-oblige-de-dormir-dans-sa-voiture-malgre-le-froid-parce-quil-ne-peut-pas-se-permettre-lessence-du-trajet-au-travail-il-ne-mange-pas-tous-les-jours\/<\/a><\/p>\n\n\n\n<p class=\"has-text-align-center\">Quant aux soignants fran\u00e7ais, ils ne sont toujours pas r\u00e9int\u00e9gr\u00e9s, \u00e7a fait plus d&rsquo;un an qu&rsquo;ils n&rsquo;ont pas le moindre revenu, pas de salaire mais pas non plus de droit \u00e0 des allocations sociales qui leur permettraient de manger. Certains sont soutenus par de la famille ou des amis, des associations tentent de leur venir en aide mais combien de suicides y aura t il encore pour ceux que certains ont applaudi chaque soir en d\u00e9but de pland\u00e9mie mais ont compl\u00e8tement oubli\u00e9 et les consid\u00e8rent comme des sous citoyens d\u00e9sormais. C&rsquo;est \u00e0 v\u00f4mir. <\/p>\n\n\n\n<p class=\"has-text-align-center\">Derni\u00e8rement, lors d&rsquo;une discussion avec une amie nous en sommes arriv\u00e9es \u00e0 la conclusion que toutes ces personnes qui se font injecter, qui je l&rsquo;ai d\u00e9j\u00e0 dit ne sont plus des humains vu les technologies qui se trouvent dans leurs corps, sont destin\u00e9es \u00e0 dispara\u00eetre \u00e0 moyen, voire court terme, leurs comportements \u00e9go\u00efstes ne feront plus partie du monde de demain, aussi sans doute faut il passer par ces moments compliqu\u00e9s, mais je dois bien reconna\u00eetre que c&rsquo;est difficile de voir autant d&rsquo;indiff\u00e9rence aux autres, de mat\u00e9rialisme, d&rsquo;attachement \u00e0 un syst\u00e8me pourri qui glorifie des monstres, pr\u00f4ne la d\u00e9cadence sous toutes ses formes et inverse compl\u00e8tement les valeurs, ce monde est devenu si moche, quelle tristesse. <\/p>\n\n\n\n<figure class=\"wp-block-embed-wordpress wp-block-embed is-type-wp-embed is-provider-bitchute\"><div class=\"wp-block-embed__wrapper\">\n<iframe loading=\"lazy\" class=\"wp-embedded-content\" sandbox=\"allow-scripts\" security=\"restricted\" title=\"Died Suddenly  ( French Subtitles )\" width=\"459\" height=\"344\" src=\"https:\/\/www.bitchute.com\/embed\/2YXJRxLHObfZ\/?feature=oembed#?secret=CWaRXkFLlk\" data-secret=\"CWaRXkFLlk\" frameborder=\"0\"><\/iframe>\n<\/div><\/figure>\n\n\n\n<p class=\"has-text-align-center\">Prenez soin de vous<\/p>\n\n\n\n<p class=\"has-text-align-center\"><em>Mabelle<\/em><\/p>\n","protected":false},"excerpt":{"rendered":"<p>Bonsoir, Je vous esp\u00e8re en pleine forme. Je vous partage ce soir un article de Bon Sens Pourquoi l&rsquo;OMS avait-t-elle truqu\u00e9 une pand\u00e9mie ? TOUJOURS BON DE SE REM\u00c9MORER L&rsquo;HISTOIRE ET DE LA TRANSMETTRE \u00c0 LA JEUNESSE. L&rsquo;HISTOIRE SE R\u00c9P\u00c8TE !! MAIS CETTE FOIS, UNE GRANDE PARTIE DU TROUPEAU A SUIVI LE \u00ab\u00a0BERGER\u00a0\u00bb\u2026 Depuis le &hellip; <a href=\"http:\/\/etresoi-e.com\/blog\/pourquoi-avoir-truque-la-pandemie\/\" class=\"more-link\">Continuer la lecture de <span class=\"screen-reader-text\">Pourquoi avoir truqu\u00e9 la pand\u00e9mie ?<\/span>  <span class=\"meta-nav\">&rarr;<\/span><\/a><\/p>\n","protected":false},"author":3,"featured_media":0,"comment_status":"open","ping_status":"open","sticky":false,"template":"","format":"standard","meta":{"_monsterinsights_skip_tracking":false,"_monsterinsights_sitenote_active":false,"_monsterinsights_sitenote_note":"","_monsterinsights_sitenote_category":0,"footnotes":""},"categories":[114],"tags":[],"class_list":["post-6142","post","type-post","status-publish","format-standard","hentry","category-actualites"],"aioseo_notices":[],"_links":{"self":[{"href":"http:\/\/etresoi-e.com\/blog\/wp-json\/wp\/v2\/posts\/6142","targetHints":{"allow":["GET"]}}],"collection":[{"href":"http:\/\/etresoi-e.com\/blog\/wp-json\/wp\/v2\/posts"}],"about":[{"href":"http:\/\/etresoi-e.com\/blog\/wp-json\/wp\/v2\/types\/post"}],"author":[{"embeddable":true,"href":"http:\/\/etresoi-e.com\/blog\/wp-json\/wp\/v2\/users\/3"}],"replies":[{"embeddable":true,"href":"http:\/\/etresoi-e.com\/blog\/wp-json\/wp\/v2\/comments?post=6142"}],"version-history":[{"count":2,"href":"http:\/\/etresoi-e.com\/blog\/wp-json\/wp\/v2\/posts\/6142\/revisions"}],"predecessor-version":[{"id":6155,"href":"http:\/\/etresoi-e.com\/blog\/wp-json\/wp\/v2\/posts\/6142\/revisions\/6155"}],"wp:attachment":[{"href":"http:\/\/etresoi-e.com\/blog\/wp-json\/wp\/v2\/media?parent=6142"}],"wp:term":[{"taxonomy":"category","embeddable":true,"href":"http:\/\/etresoi-e.com\/blog\/wp-json\/wp\/v2\/categories?post=6142"},{"taxonomy":"post_tag","embeddable":true,"href":"http:\/\/etresoi-e.com\/blog\/wp-json\/wp\/v2\/tags?post=6142"}],"curies":[{"name":"wp","href":"https:\/\/api.w.org\/{rel}","templated":true}]}}