{"id":6882,"date":"2023-04-15T20:23:00","date_gmt":"2023-04-15T19:23:00","guid":{"rendered":"http:\/\/etresoi-e.com\/blog\/?p=6882"},"modified":"2023-04-10T16:40:00","modified_gmt":"2023-04-10T15:40:00","slug":"la-pedophilie-est-elle-la-norme","status":"publish","type":"post","link":"http:\/\/etresoi-e.com\/blog\/la-pedophilie-est-elle-la-norme\/","title":{"rendered":"La p\u00e9dophilie est elle la norme ?"},"content":{"rendered":"\n<p>Poutine accuse l&rsquo;Occident d&rsquo;avoir fait de la p\u00e9dophilie la norme<\/p>\n\n\n\n<p>La p\u00e9dophilie est autoris\u00e9e dans le talmud, une piste&#8230;<\/p>\n\n\n\n<figure class=\"wp-block-embed-youtube wp-block-embed is-type-video is-provider-youtube wp-embed-aspect-16-9 wp-has-aspect-ratio\"><div class=\"wp-block-embed__wrapper\">\nhttps:\/\/www.youtube.com\/watch?v=KRq7A_REeF0\n<\/div><\/figure>\n\n\n\n<p>\u00ab\u00a0M\u00a0\u00bb : documentaire choc sur la p\u00e9dophilie dans le milieu juif ultra-orthodoxe <a href=\"https:\/\/www.francetvinfo.fr\/culture\/cinema\/sorties-de-films\/m-documentaire-choc-sur-la-pedophilie-dans-le-milieu-juif-ultra-orthodoxe_3293579.html\">https:\/\/www.francetvinfo.fr\/culture\/cinema\/sorties-de-films\/m-documentaire-choc-sur-la-pedophilie-dans-le-milieu-juif-ultra-orthodoxe_3293579.html<\/a><\/p>\n\n\n\n<figure class=\"wp-block-image size-large\"><img loading=\"lazy\" decoding=\"async\" width=\"537\" height=\"503\" src=\"http:\/\/etresoi-e.com\/blog\/wp-content\/uploads\/2023\/04\/image-19.png\" alt=\"\" class=\"wp-image-6884\" srcset=\"http:\/\/etresoi-e.com\/blog\/wp-content\/uploads\/2023\/04\/image-19.png 537w, http:\/\/etresoi-e.com\/blog\/wp-content\/uploads\/2023\/04\/image-19-300x281.png 300w, http:\/\/etresoi-e.com\/blog\/wp-content\/uploads\/2023\/04\/image-19-50x47.png 50w\" sizes=\"auto, (max-width: 537px) 100vw, 537px\" \/><\/figure>\n\n\n\n<p>Scandale p\u00e9dophile au sein de la communaut\u00e9 juive de Brooklyn <a href=\"https:\/\/www.egaliteetreconciliation.fr\/Scandale-pedophile-au-sein-de-la-communaute-juive-de-Brooklyn-9546.html\">https:\/\/www.egaliteetreconciliation.fr\/Scandale-pedophile-au-sein-de-la-communaute-juive-de-Brooklyn-9546.html<\/a><\/p>\n\n\n\n<figure class=\"wp-block-image size-large\"><img loading=\"lazy\" decoding=\"async\" width=\"684\" height=\"385\" src=\"http:\/\/etresoi-e.com\/blog\/wp-content\/uploads\/2023\/04\/image-18.png\" alt=\"\" class=\"wp-image-6883\" srcset=\"http:\/\/etresoi-e.com\/blog\/wp-content\/uploads\/2023\/04\/image-18.png 684w, http:\/\/etresoi-e.com\/blog\/wp-content\/uploads\/2023\/04\/image-18-300x169.png 300w, http:\/\/etresoi-e.com\/blog\/wp-content\/uploads\/2023\/04\/image-18-50x28.png 50w\" sizes=\"auto, (max-width: 684px) 100vw, 684px\" \/><\/figure>\n\n\n\n<p>De nombreux p\u00e9dophiles juifs accus\u00e9s aux US se r\u00e9fugient en Isra\u00ebl <a href=\"https:\/\/fr.timesofisrael.com\/de-nombreux-pedophiles-juifs-accuses-aux-us-se-refugient-en-israel-rapport\/\">https:\/\/fr.timesofisrael.com\/de-nombreux-pedophiles-juifs-accuses-aux-us-se-refugient-en-israel-rapport\/<\/a><\/p>\n\n\n\n<p>Doit on croire l&rsquo;\u00e9cole ou les m\u00e9dias ? Faites vous votre avis<\/p>\n\n\n\n<p><em>Mabelle<\/em><\/p>\n","protected":false},"excerpt":{"rendered":"<p>Poutine accuse l&rsquo;Occident d&rsquo;avoir fait de la p\u00e9dophilie la norme La p\u00e9dophilie est autoris\u00e9e dans le talmud, une piste&#8230; \u00ab\u00a0M\u00a0\u00bb : documentaire choc sur la p\u00e9dophilie dans le milieu juif ultra-orthodoxe https:\/\/www.francetvinfo.fr\/culture\/cinema\/sorties-de-films\/m-documentaire-choc-sur-la-pedophilie-dans-le-milieu-juif-ultra-orthodoxe_3293579.html Scandale p\u00e9dophile au sein de la communaut\u00e9 juive de Brooklyn https:\/\/www.egaliteetreconciliation.fr\/Scandale-pedophile-au-sein-de-la-communaute-juive-de-Brooklyn-9546.html De nombreux p\u00e9dophiles juifs accus\u00e9s aux US se r\u00e9fugient en Isra\u00ebl https:\/\/fr.timesofisrael.com\/de-nombreux-pedophiles-juifs-accuses-aux-us-se-refugient-en-israel-rapport\/ &hellip; <a href=\"http:\/\/etresoi-e.com\/blog\/la-pedophilie-est-elle-la-norme\/\" class=\"more-link\">Continuer la lecture de <span class=\"screen-reader-text\">La p\u00e9dophilie est elle la norme ?<\/span>  <span class=\"meta-nav\">&rarr;<\/span><\/a><\/p>\n","protected":false},"author":3,"featured_media":0,"comment_status":"open","ping_status":"open","sticky":false,"template":"","format":"standard","meta":{"_monsterinsights_skip_tracking":false,"_monsterinsights_sitenote_active":false,"_monsterinsights_sitenote_note":"","_monsterinsights_sitenote_category":0,"footnotes":""},"categories":[1170],"tags":[],"class_list":["post-6882","post","type-post","status-publish","format-standard","hentry","category-ca-doit-se-savoir"],"aioseo_notices":[],"_links":{"self":[{"href":"http:\/\/etresoi-e.com\/blog\/wp-json\/wp\/v2\/posts\/6882","targetHints":{"allow":["GET"]}}],"collection":[{"href":"http:\/\/etresoi-e.com\/blog\/wp-json\/wp\/v2\/posts"}],"about":[{"href":"http:\/\/etresoi-e.com\/blog\/wp-json\/wp\/v2\/types\/post"}],"author":[{"embeddable":true,"href":"http:\/\/etresoi-e.com\/blog\/wp-json\/wp\/v2\/users\/3"}],"replies":[{"embeddable":true,"href":"http:\/\/etresoi-e.com\/blog\/wp-json\/wp\/v2\/comments?post=6882"}],"version-history":[{"count":1,"href":"http:\/\/etresoi-e.com\/blog\/wp-json\/wp\/v2\/posts\/6882\/revisions"}],"predecessor-version":[{"id":6885,"href":"http:\/\/etresoi-e.com\/blog\/wp-json\/wp\/v2\/posts\/6882\/revisions\/6885"}],"wp:attachment":[{"href":"http:\/\/etresoi-e.com\/blog\/wp-json\/wp\/v2\/media?parent=6882"}],"wp:term":[{"taxonomy":"category","embeddable":true,"href":"http:\/\/etresoi-e.com\/blog\/wp-json\/wp\/v2\/categories?post=6882"},{"taxonomy":"post_tag","embeddable":true,"href":"http:\/\/etresoi-e.com\/blog\/wp-json\/wp\/v2\/tags?post=6882"}],"curies":[{"name":"wp","href":"https:\/\/api.w.org\/{rel}","templated":true}]}}