{"id":7353,"date":"2023-08-18T05:24:00","date_gmt":"2023-08-18T04:24:00","guid":{"rendered":"http:\/\/etresoi-e.com\/blog\/?p=7353"},"modified":"2023-08-05T13:27:23","modified_gmt":"2023-08-05T12:27:23","slug":"prevenir-et-inverser-la-maladie-dalzheimer","status":"publish","type":"post","link":"http:\/\/etresoi-e.com\/blog\/prevenir-et-inverser-la-maladie-dalzheimer\/","title":{"rendered":"Pr\u00e9venir et inverser la maladie d\u2019Alzheimer"},"content":{"rendered":"\n<p>Bonjour, <\/p>\n\n\n\n<p>Je vous esp\u00e8re en forme<\/p>\n\n\n\n<p>Dr Bredesen : \u00abOn pr\u00e9vient et on inverse la maladie d&rsquo;Alzheimer en agissant sur le mode de vie\u00bb<\/p>\n\n\n\n<p>Le neurologue, le Dr Dale Bredesen a consacr\u00e9 plus de 30 ann\u00e9es \u00e0 la recherche sur les maladies d\u00e9g\u00e9n\u00e9ratives. Avec son \u00e9quipe il a mis au point le premier protocole de traitement qui permet d&rsquo;inverser les sympt\u00f4mes de la maladie d&rsquo;Alzheimer, qu&rsquo;il d\u00e9taille dans son livre La fin d&rsquo;Alzheimer.<\/p>\n\n\n\n<p><a href=\"https:\/\/amzn.to\/3Ykz3dh\">https:\/\/amzn.to\/3Ykz3dh<\/a><\/p>\n\n\n\n<p>Alzheimer est une maladie, parmi les 10 premi\u00e8res causes de mortalit\u00e9, contre laquelle il n\u2019existe aucun traitement efficace. Cela parce que la fa\u00e7on actuelle d\u2019aborder la maladie d\u2019Alzheimer n\u2019est pas la bonne. Tout d\u2019abord, les m\u00e9dicaments contre Alzheimer ne se concentrent que sur un seul aspect de la maladie, or il s\u2019agit d\u2019une maladie bien plus complexe : 36 facteurs contribuent \u00e0 Alzheimer. Imaginez donc que vous ayez un toit perc\u00e9 de 36 trous et que votre m\u00e9dicament est capable de r\u00e9parer l\u2019un d\u2019eux. Si m\u00eame il arrive \u00e0 boucher un trou, il en reste encore 35 qui laissent passer la pluie et \u00e0 l\u2019int\u00e9rieur de votre maison, la situation n\u2019a pratiquement pas chang\u00e9.<\/p>\n\n\n\n<figure class=\"wp-block-image size-large\"><img loading=\"lazy\" decoding=\"async\" width=\"1024\" height=\"784\" src=\"http:\/\/etresoi-e.com\/blog\/wp-content\/uploads\/2023\/08\/image-2-1024x784.png\" alt=\"\" class=\"wp-image-7354\" srcset=\"http:\/\/etresoi-e.com\/blog\/wp-content\/uploads\/2023\/08\/image-2-1024x784.png 1024w, http:\/\/etresoi-e.com\/blog\/wp-content\/uploads\/2023\/08\/image-2-300x230.png 300w, http:\/\/etresoi-e.com\/blog\/wp-content\/uploads\/2023\/08\/image-2-768x588.png 768w, http:\/\/etresoi-e.com\/blog\/wp-content\/uploads\/2023\/08\/image-2-50x38.png 50w, http:\/\/etresoi-e.com\/blog\/wp-content\/uploads\/2023\/08\/image-2.png 1280w\" sizes=\"auto, (max-width: 1024px) 100vw, 1024px\" \/><\/figure>\n\n\n\n<p>Par ailleurs, des exp\u00e9riences, men\u00e9es sur des rats de laboratoires, sugg\u00e8rent que la maladie d\u2019Alzheimer est caus\u00e9e par l\u2019accumulation dans le cerveau de plaques d\u2019une substance gluante constitu\u00e9e de prot\u00e9ine b\u00eata-amylo\u00efde qui d\u00e9truisent les synapses. Depuis les ann\u00e9es 1980, ce que l\u2019on appelle l\u2019hypoth\u00e8se amylo\u00efde est consid\u00e9r\u00e9e par la plupart des neurobiologistes comme un dogme intangible alors que toutes les substances con\u00e7ues pour d\u00e9truire cette fameuse prot\u00e9ine ne donnent que des r\u00e9sultats plus que frustrants.<\/p>\n\n\n\n<p>Pourquoi&nbsp;? La maladie est en r\u00e9alit\u00e9 un m\u00e9canisme de d\u00e9fense, qui inclut la production de b\u00eata-amylo\u00efde. Cette prot\u00e9ine dont tout le monde essaie de se d\u00e9barrasser, est partie int\u00e9grante d\u2019une r\u00e9ponse protectrice. Il n\u2019est donc pas \u00e9tonnant que les tentatives de la supprimer ne soient pas tr\u00e8s efficaces pour traiter la maladie.<\/p>\n\n\n\n<p>Le cerveau produit la prot\u00e9ine b\u00eata-amylo\u00efde pour tenter de se prot\u00e9ger contre deux menaces :<\/p>\n\n\n\n<p>1) l\u2019inflammation (et oui, toujours cette inflammation qui peut \u00eatre due \u00e0 l\u2019alimentation, la pollution, les m\u00e9taux lourds et autres toxiques dans les m\u00e9dicaments, vaccins \u2026),<\/p>\n\n\n\n<p>2) les carences en nutriments et hormones indispensables au fonctionnement du cerveau,<\/p>\n\n\n\n<p>L\u2019accumulation de prot\u00e9ine b\u00eata-amylo\u00efde forme des plaques dans le cerveau, entre les neurones et bloque les espaces permettant leur communication : les synapses.<\/p>\n\n\n\n<p>Une fois que l\u2019on admet que la maladie d\u2019Alzheimer est la cons\u00e9quence d\u2019une lutte du cerveau pour se d\u00e9fendre contre l\u2019inflammation ou contre un afflux de toxiques, la m\u00e9thode optimale de traitement de la maladie devient \u00e9vidente : identifier et supprimer les menaces \u2013 il y en 36 au total \u2013 qui am\u00e8nent le cerveau \u00e0 produire la b\u00eata-amylo\u00efde, originellement protectrice et supprimer la b\u00eata-amylo\u00efde d\u00e9j\u00e0 produite. Enfin, reconstruire les synapses d\u00e9truites par la maladie.<\/p>\n\n\n\n<p>Des modifications du mode de vie sont indispensables, il est n\u00e9cessaire d\u2019agir sur l\u2019alimentation, le stress, l\u2019activit\u00e9 physique&#8230; afin que le cerveau n\u2019ait pas \u00e0 se prot\u00e9ger.<\/p>\n\n\n\n<p>La maladie d\u2019Alzheimer n\u2019est pas une fatalit\u00e9. On en parle&nbsp;? N\u2019h\u00e9sitez pas \u00e0 me contacter<\/p>\n\n\n\n<p><em>Mabelle<\/em><\/p>\n","protected":false},"excerpt":{"rendered":"<p>Bonjour, Je vous esp\u00e8re en forme Dr Bredesen : \u00abOn pr\u00e9vient et on inverse la maladie d&rsquo;Alzheimer en agissant sur le mode de vie\u00bb Le neurologue, le Dr Dale Bredesen a consacr\u00e9 plus de 30 ann\u00e9es \u00e0 la recherche sur les maladies d\u00e9g\u00e9n\u00e9ratives. Avec son \u00e9quipe il a mis au point le premier protocole de &hellip; <a href=\"http:\/\/etresoi-e.com\/blog\/prevenir-et-inverser-la-maladie-dalzheimer\/\" class=\"more-link\">Continuer la lecture de <span class=\"screen-reader-text\">Pr\u00e9venir et inverser la maladie d\u2019Alzheimer<\/span>  <span class=\"meta-nav\">&rarr;<\/span><\/a><\/p>\n","protected":false},"author":3,"featured_media":0,"comment_status":"open","ping_status":"open","sticky":false,"template":"","format":"standard","meta":{"_monsterinsights_skip_tracking":false,"_monsterinsights_sitenote_active":false,"_monsterinsights_sitenote_note":"","_monsterinsights_sitenote_category":0,"footnotes":""},"categories":[150,101],"tags":[],"class_list":["post-7353","post","type-post","status-publish","format-standard","hentry","category-lectures","category-se-soigner-autrement-se-soigner-autrement"],"aioseo_notices":[],"_links":{"self":[{"href":"http:\/\/etresoi-e.com\/blog\/wp-json\/wp\/v2\/posts\/7353","targetHints":{"allow":["GET"]}}],"collection":[{"href":"http:\/\/etresoi-e.com\/blog\/wp-json\/wp\/v2\/posts"}],"about":[{"href":"http:\/\/etresoi-e.com\/blog\/wp-json\/wp\/v2\/types\/post"}],"author":[{"embeddable":true,"href":"http:\/\/etresoi-e.com\/blog\/wp-json\/wp\/v2\/users\/3"}],"replies":[{"embeddable":true,"href":"http:\/\/etresoi-e.com\/blog\/wp-json\/wp\/v2\/comments?post=7353"}],"version-history":[{"count":1,"href":"http:\/\/etresoi-e.com\/blog\/wp-json\/wp\/v2\/posts\/7353\/revisions"}],"predecessor-version":[{"id":7355,"href":"http:\/\/etresoi-e.com\/blog\/wp-json\/wp\/v2\/posts\/7353\/revisions\/7355"}],"wp:attachment":[{"href":"http:\/\/etresoi-e.com\/blog\/wp-json\/wp\/v2\/media?parent=7353"}],"wp:term":[{"taxonomy":"category","embeddable":true,"href":"http:\/\/etresoi-e.com\/blog\/wp-json\/wp\/v2\/categories?post=7353"},{"taxonomy":"post_tag","embeddable":true,"href":"http:\/\/etresoi-e.com\/blog\/wp-json\/wp\/v2\/tags?post=7353"}],"curies":[{"name":"wp","href":"https:\/\/api.w.org\/{rel}","templated":true}]}}