{"id":7363,"date":"2023-09-20T06:03:00","date_gmt":"2023-09-20T05:03:00","guid":{"rendered":"http:\/\/etresoi-e.com\/blog\/?p=7363"},"modified":"2023-08-05T15:06:55","modified_gmt":"2023-08-05T14:06:55","slug":"lenfermement","status":"publish","type":"post","link":"http:\/\/etresoi-e.com\/blog\/lenfermement\/","title":{"rendered":"L&rsquo;enfermement"},"content":{"rendered":"\n<p class=\"has-text-align-center\">Bonjour, comment allez-vous ce matin ? <\/p>\n\n\n\n<p class=\"has-text-align-center\">Je vous partage ce matin un texte de Laurence Simonnet, en esp\u00e9rant qu&rsquo;il vous parlera autant qu&rsquo;\u00e0 moi. <\/p>\n\n\n\n<p class=\"has-text-align-center\">Prenez soin de vous. <\/p>\n\n\n\n<p class=\"has-text-align-center\"><em>Mabelle<\/em><\/p>\n\n\n\n<figure class=\"wp-block-image size-large\"><img loading=\"lazy\" decoding=\"async\" width=\"621\" height=\"621\" src=\"http:\/\/etresoi-e.com\/blog\/wp-content\/uploads\/2023\/08\/image-5.png\" alt=\"\" class=\"wp-image-7364\" srcset=\"http:\/\/etresoi-e.com\/blog\/wp-content\/uploads\/2023\/08\/image-5.png 621w, http:\/\/etresoi-e.com\/blog\/wp-content\/uploads\/2023\/08\/image-5-300x300.png 300w, http:\/\/etresoi-e.com\/blog\/wp-content\/uploads\/2023\/08\/image-5-200x200.png 200w, http:\/\/etresoi-e.com\/blog\/wp-content\/uploads\/2023\/08\/image-5-50x50.png 50w\" sizes=\"auto, (max-width: 621px) 100vw, 621px\" \/><\/figure>\n\n\n\n<p>J&rsquo;ai \u00e9t\u00e9 trop souvent enferm\u00e9e et limit\u00e9e !<\/p>\n\n\n\n<p>Tout d&rsquo;abord, dans mon corps. Depuis enfant, je me souviens d&rsquo;\u00eatre en conscience que je suis plus que ce corps, plus que mon \u00e2ge et que j&rsquo;ai acc\u00e8s \u00e0 d&rsquo;autres r\u00e9alit\u00e9s que celle que me proposaient mes parents, ma famille, l\u2019\u00e9cole.<\/p>\n\n\n\n<p>Ensuite, dans la fille que j&rsquo;\u00e9tais et qui a subi des moqueries sur sa sensibilit\u00e9 extr\u00eame, de son c\u00f4t\u00e9 fleur de peau, fleur bleue. J&rsquo;ai cru que je rencontrais une difficult\u00e9 et non eux. Ils ressemblaient \u00e0 toutes les autres personnes.<\/p>\n\n\n\n<p>\u00c0 l&rsquo;adolescence, quel enfermement ! Ce corps qui s&rsquo;est transform\u00e9, qu&rsquo;il me faut assumer, montrer, subir les mains baladeuses, hasardeuses, les remarques d\u00e9sobligeantes, les dragues, les blagues \u00e0 deux sous, les invitations int\u00e9ress\u00e9es&#8230; Et, pourtant, j&rsquo;\u00e9tais en conscience de tout ce qui se d\u00e9roulait : l&rsquo;enjeu !<\/p>\n\n\n\n<p>Puis vint la jeune femme si na\u00efve avec juste l&rsquo;envie de vivre cet Amour qu&rsquo;elle contactait dans son c\u0153ur, qui coulait en elle de la Source. Na\u00efve, je n&rsquo;imaginais m\u00eame pas que la prison de l&rsquo;adolescence que je quittais avec joie, allait m&rsquo;enfermer dans une prison dor\u00e9e.<\/p>\n\n\n\n<p>Et, me voil\u00e0, m\u00e8re de deux filles\u2026 1\u1d49\u02b3 d\u00e9clic.<\/p>\n\n\n\n<p>Une nouvelle porte s&rsquo;ouvre dans ma conscience. Je demande \u00e0 les accompagner dans ce que je ressens au fond de mon C\u0153ur, de mon \u00e2me. Je re-d\u00e9couvre tout ce qu&rsquo;enfant, je voyais, je vivais, aspirais, \u00e9tais. Tout \u00e9tait l\u00e0, inscrit en mon c\u0153ur. Tout m&rsquo;est revenu, tout s&rsquo;assembla : le puzzle du Grand Plan. J\u2019avais retrouv\u00e9 mes ailes.<\/p>\n\n\n\n<p>J&rsquo;ai \u00e9lev\u00e9 mes filles avec d&rsquo;autres r\u00e9alit\u00e9s tout en conservant bien les pieds sur Terre. Les laissant explorer les Mondes que je connaissais et dont personne n&rsquo;avait pu m&rsquo;accompagner, me guider enfant. Je les initiais, je me gu\u00e9rissais. Enfin !<\/p>\n\n\n\n<p>Je me sentais alors de plus en plus vivante, vivifi\u00e9e malgr\u00e9 cette prison dor\u00e9e.<\/p>\n\n\n\n<p>Alors, j&rsquo;ai commenc\u00e9 \u00e0 r\u00eaver de libert\u00e9, d&rsquo;espaces, de d\u00e9couvertes, d&rsquo;envies, de beaut\u00e9, de besoins.<\/p>\n\n\n\n<p>2\u1d49 d\u00e9clic : je peux me lib\u00e9rer moi-m\u00eame et divorcer.<\/p>\n\n\n\n<p>D\u00e9marches, logement, \u00e9coles&#8230; Tout \u00e9tait d&rsquo;une justesse, guid\u00e9e, accompagn\u00e9e, j&rsquo;avais d\u00e9ploy\u00e9 mes ailes.<\/p>\n\n\n\n<p>J&rsquo;ai sem\u00e9 des graines d&rsquo;amour et d&rsquo;\u00e9veil dans les c\u0153urs des personnes se pr\u00e9sentant \u00e0 moi tant en formation qu\u2019en consultations. J&rsquo;ai enseign\u00e9, transmis depuis plus de 26 ans.<\/p>\n\n\n\n<p>J&rsquo;ai continu\u00e9 \u00e0 distribuer mes semences d&rsquo;Amour et d&rsquo;\u00e9veil \u00e0 chaque instant parfaitement align\u00e9 \u00e0 ce que je suis.<\/p>\n\n\n\n<p>Divorc\u00e9e, j&rsquo;ai pris conscience, \u00e0 nouveau, de mon enfermement. Je donnais mes stages chez moi, je consultais chez moi, je recevais chez moi\u2026&nbsp; Bref, je ne sortais jamais et je travaillais toujours.<\/p>\n\n\n\n<p>3\u1d49 d\u00e9clic : je peux sortir de ma zone de confort. Oui, mais\u2026<\/p>\n\n\n\n<p>Mon corps, je l&rsquo;avais totalement oubli\u00e9, d\u00e9nigr\u00e9, laiss\u00e9 pour compte. Il avait des kg en trop, il faisait du \u00ab\u00a0sur place\u00a0\u00bb, il \u00e9tait coinc\u00e9. J\u2019ai oubli\u00e9 que j\u2019\u00e9tais une femme avec ses envies, ses d\u00e9sirs, ses plaisirs\u2026<\/p>\n\n\n\n<p>4\u1d49 d\u00e9clic : je suis un TOUT, et je peux emporter mon corps dans mon aventure. Changements d&rsquo;alimentation, reprise de la marche quotidienne. Je me suis mise \u00e0 l&rsquo;aimer, mon corps qui deviendra mon meilleur ami qui ne ment jamais. Il retranscrit la v\u00e9rit\u00e9 de l&rsquo;instant et sans d\u00e9tour.<\/p>\n\n\n\n<p>Je ressentais tout gr\u00e2ce \u00e0 lui, mais je n&rsquo;avais pas compris son utilit\u00e9 dans mon d\u00e9veloppement personnel de femme.<\/p>\n\n\n\n<p>5\u1d49 d\u00e9clic : je me suis enferm\u00e9e toute seule.<\/p>\n\n\n\n<p>Par peurs, par diff\u00e9rence, par confusion, je me suis prot\u00e9g\u00e9e.<\/p>\n\n\n\n<p>Aujourd&rsquo;hui, les murs sont devenus des grillages, et les grillages sont devenus des tremplins sur lesquels je prends mon envol vers la libert\u00e9.<\/p>\n\n\n\n<p>Je suis la seule \u00e0 pouvoir me lib\u00e9rer, \u00e0 m&rsquo;affranchir de mes prisons physiques, \u00e9motionnelles, mentales et m\u00eame spirituelles.<\/p>\n\n\n\n<p>Je me choisis et je reste en conscience de tous les choix que je prends afin de rester libre.<\/p>\n\n\n\n<p>Aujourd\u2019hui encore, je reste dans l\u2019optique de me lib\u00e9rer davantage, de sortir des chemins battus, de m\u2019autoriser encore davantage \u00e0 \u00eatre plus libre, plus moi : \u00e0 transgresser certaines r\u00e8gles fig\u00e9es et fix\u00e9es.<\/p>\n\n\n\n<p>6\u1d49 d\u00e9clic : je peux tout et en tout temps de l\u2019instant o\u00f9 je reste en accord avec ce qui vibre en moi et dans le respect.<\/p>\n\n\n\n<p>Je me lib\u00e8re !<\/p>\n\n\n\n<p>Je me lib\u00e8re de tout jugement ou croyance impos\u00e9 par les autres. Je me lib\u00e8re de mes cha\u00eenes invisibles.<\/p>\n\n\n\n<p>Accorde-toi aussi le droit d\u2019\u00eatre qui tu es et d\u2019oser enfin rayonner !<\/p>\n\n\n\n<p><\/p>\n","protected":false},"excerpt":{"rendered":"<p>Bonjour, comment allez-vous ce matin ? Je vous partage ce matin un texte de Laurence Simonnet, en esp\u00e9rant qu&rsquo;il vous parlera autant qu&rsquo;\u00e0 moi. Prenez soin de vous. Mabelle J&rsquo;ai \u00e9t\u00e9 trop souvent enferm\u00e9e et limit\u00e9e ! Tout d&rsquo;abord, dans mon corps. Depuis enfant, je me souviens d&rsquo;\u00eatre en conscience que je suis plus que &hellip; <a href=\"http:\/\/etresoi-e.com\/blog\/lenfermement\/\" class=\"more-link\">Continuer la lecture de <span class=\"screen-reader-text\">L&rsquo;enfermement<\/span>  <span class=\"meta-nav\">&rarr;<\/span><\/a><\/p>\n","protected":false},"author":3,"featured_media":0,"comment_status":"open","ping_status":"open","sticky":false,"template":"","format":"standard","meta":{"_monsterinsights_skip_tracking":false,"_monsterinsights_sitenote_active":false,"_monsterinsights_sitenote_note":"","_monsterinsights_sitenote_category":0,"footnotes":""},"categories":[100],"tags":[],"class_list":["post-7363","post","type-post","status-publish","format-standard","hentry","category-textes-a-mediter"],"aioseo_notices":[],"_links":{"self":[{"href":"http:\/\/etresoi-e.com\/blog\/wp-json\/wp\/v2\/posts\/7363","targetHints":{"allow":["GET"]}}],"collection":[{"href":"http:\/\/etresoi-e.com\/blog\/wp-json\/wp\/v2\/posts"}],"about":[{"href":"http:\/\/etresoi-e.com\/blog\/wp-json\/wp\/v2\/types\/post"}],"author":[{"embeddable":true,"href":"http:\/\/etresoi-e.com\/blog\/wp-json\/wp\/v2\/users\/3"}],"replies":[{"embeddable":true,"href":"http:\/\/etresoi-e.com\/blog\/wp-json\/wp\/v2\/comments?post=7363"}],"version-history":[{"count":1,"href":"http:\/\/etresoi-e.com\/blog\/wp-json\/wp\/v2\/posts\/7363\/revisions"}],"predecessor-version":[{"id":7365,"href":"http:\/\/etresoi-e.com\/blog\/wp-json\/wp\/v2\/posts\/7363\/revisions\/7365"}],"wp:attachment":[{"href":"http:\/\/etresoi-e.com\/blog\/wp-json\/wp\/v2\/media?parent=7363"}],"wp:term":[{"taxonomy":"category","embeddable":true,"href":"http:\/\/etresoi-e.com\/blog\/wp-json\/wp\/v2\/categories?post=7363"},{"taxonomy":"post_tag","embeddable":true,"href":"http:\/\/etresoi-e.com\/blog\/wp-json\/wp\/v2\/tags?post=7363"}],"curies":[{"name":"wp","href":"https:\/\/api.w.org\/{rel}","templated":true}]}}