{"id":7439,"date":"2023-08-20T16:03:12","date_gmt":"2023-08-20T15:03:12","guid":{"rendered":"http:\/\/etresoi-e.com\/blog\/?p=7439"},"modified":"2023-08-20T16:03:16","modified_gmt":"2023-08-20T15:03:16","slug":"ministere-de-la-verite-pensee-unique","status":"publish","type":"post","link":"http:\/\/etresoi-e.com\/blog\/ministere-de-la-verite-pensee-unique\/","title":{"rendered":"Minist\u00e8re de la v\u00e9rit\u00e9, pens\u00e9e unique"},"content":{"rendered":"\n<p>Durant la pland\u00e9mie Covid, les m\u00e9dias ont menti, et continuent d&rsquo;ailleurs de le faire, \u00e0 tout propos : les chiffres sortaient de nulle part, les tests n&rsquo;ont jamais \u00e9t\u00e9 pr\u00e9vu pour d\u00e9tecter une maladie et encore moins pour le Covid, les masques ne servaient \u00e0 rien et \u00e9taient dangereux pour la sant\u00e9. Ils ont tous pr\u00e9tendu que les injections \u00e9taient s\u00fbres, prot\u00e9geaient de la maladie, de la transmission, qu&rsquo;il n&rsquo;y avait aucun danger pour la femme enceinte et son foeutus, &#8230; Rien, absolument rien n&rsquo;\u00e9tait vrai. Et ils continuent toujours de mentir en cachant les nombreux effets secondaires et d\u00e9c\u00e8s. On voit de temps en temps \u00ab\u00a0d\u00e9c\u00e9d\u00e9 subitement\u00a0\u00bb, voir m\u00eame \u00ab\u00a0d\u00e9c\u00e9d\u00e9 \u00e0 cause du r\u00e9chauffement climatique\u00a0\u00bb quand quelqu&rsquo;un fait une crise cardiaque \u00e0 cause des caillots dont son corps est rempli suite aux injections. Les preuves sont l\u00e0, les m\u00e9decins non corrompus le disent, le personnel des morgues le constatent chaque jour mais les m\u00e9dias ignorent totalement la v\u00e9rit\u00e9 et continuent leur propagande pour imposer de nouvelles lois liberticides, de nouvelles restrictions \u00e0 cause d&rsquo;un pr\u00e9tendu variant sorti du chapeau d&rsquo;un magicien et l&rsquo;injection qui va avec. Ils continuent de cr\u00e9er la panique avec un pr\u00e9tendu r\u00e9chauffement et s&rsquo;amusent des incendies cr\u00e9\u00e9s de la main de l&rsquo;homme sans vouloir donner la parole \u00e0 ceux qui ont \u00e9t\u00e9 t\u00e9moin des faits. <\/p>\n\n\n\n<p>Par contre, tous les scientifiques qui osaient dire la v\u00e9rit\u00e9 qui est toute autre que celle pr\u00e9sent\u00e9e partout sont censur\u00e9s sur les m\u00e9dias, seulement visibles sur quelques r\u00e9seaux sociaux. <\/p>\n\n\n\n<p>Tous les internautes qui ont tent\u00e9 d&rsquo;alerter, d&rsquo;\u00e9viter des catastrophes se sont fait censurer, mais pas encore assez au go\u00fbt des dirigeants qui veulent une seule et unique v\u00e9rit\u00e9, la leur cr\u00e9\u00e9e de toutes pi\u00e8ces.<\/p>\n\n\n\n<p>Toutes les plateformes devront censurer encore plus qu&rsquo;elles le font d\u00e9j\u00e0 et il sera impossible de partager une information si ce n&rsquo;est pas celle que les dictateurs ont d\u00e9cid\u00e9 que nous devons croire. <\/p>\n\n\n\n<p>Il y a encore peu, les europ\u00e9ens qualifiaient la Chine de dictature et beaucoup de citoyens s&rsquo;imaginent que \u00e7a n&rsquo;est pas pareil chez nous, que nous sommes dans un pays des droits de l&rsquo;homme. Or, dans une dictature, l&rsquo;acc\u00e8s \u00e0 des information diverses et contradictoires est de mise. Ca n&rsquo;\u00e9tait d\u00e9j\u00e0 plus vraiment le cas depuis un moment.<\/p>\n\n\n\n<p>J&rsquo;ai vu mon compte Facebook censur\u00e9 des dizaines de fois. Et, \u00e0 l&rsquo;heure actuelle \u00e7a fait d\u00e9j\u00e0 plus d&rsquo;un an que mon compte est restreint. J&rsquo;ai des \u00ab\u00a0punitions\u00a0\u00bb de 90 jours \u00e0 chaque fois, la derni\u00e8re devait se terminer le 6 ao\u00fbt, mais comme les fois pr\u00e9c\u00e9dente, la veille soit le 5 ao\u00fbt, ils m&rsquo;ont remis une nouvelle restriction de 90 jours. En bref, leurs restrictions ne s&rsquo;arr\u00eatent jamais. <\/p>\n\n\n\n<p>Certains r\u00e9seaux permettaient de s&rsquo;exprimer librement, de partager des informations des scientifiques qui ne pouvaient pas le faire ailleurs. Mais, si le minist\u00e8re de la v\u00e9rit\u00e9 voit le jour, cela aussi va \u00eatre termin\u00e9 car les r\u00e9seaux doivent encore censurer plus qu&rsquo;ils le font d\u00e9j\u00e0. Les moteurs de recherche \u00e9galement. Les opinions dissidentes seront \u00e9touff\u00e9es et seule la doxa approuv\u00e9e par l&rsquo;\u00e9tat survivra (ce m\u00eame \u00e9tat qui veut aussi interdire le droit \u00e0 la manifestation, donc c&rsquo;est \u00ab\u00a0ob\u00e9is et tais toi\u00a0\u00bb, tiens c&rsquo;est bizarre, c&rsquo;est pr\u00e9cis\u00e9ment ce que le masque repr\u00e9sentait \u00e0 mes yeux). La libert\u00e9 de pens\u00e9e et d&rsquo;expression, la cr\u00e9ativit\u00e9, n&rsquo;auront plus le droit d&rsquo;exister, seule la pens\u00e9e unique subsistera, mais qui se rend compte que nous faisons chaque jour un pas de plus vers le m\u00eame r\u00e9gime que la Chine ?<\/p>\n\n\n\n<p>Toute voix dissidente sera supprim\u00e9e et les dirigeants pourront manipuler l&rsquo;information, comme ils le font d\u00e9j\u00e0, mais il n&rsquo;y aura plus aucune possibilit\u00e9 de consulter une autre source. <\/p>\n\n\n\n<figure class=\"wp-block-embed-youtube wp-block-embed is-type-video is-provider-youtube wp-embed-aspect-16-9 wp-has-aspect-ratio\"><div class=\"wp-block-embed__wrapper\">\n<iframe loading=\"lazy\" title=\"\u00c0 partir de maintenant rien ne sera plus comme avant\" width=\"474\" height=\"267\" src=\"https:\/\/www.youtube.com\/embed\/CVCuz926n4Q?feature=oembed\" frameborder=\"0\" allow=\"accelerometer; autoplay; clipboard-write; encrypted-media; gyroscope; picture-in-picture; web-share\" referrerpolicy=\"strict-origin-when-cross-origin\" allowfullscreen><\/iframe>\n<\/div><\/figure>\n\n\n\n<p>Prenez soin de vous <\/p>\n\n\n\n<p><em>Mabelle<\/em> <\/p>\n","protected":false},"excerpt":{"rendered":"<p>Durant la pland\u00e9mie Covid, les m\u00e9dias ont menti, et continuent d&rsquo;ailleurs de le faire, \u00e0 tout propos : les chiffres sortaient de nulle part, les tests n&rsquo;ont jamais \u00e9t\u00e9 pr\u00e9vu pour d\u00e9tecter une maladie et encore moins pour le Covid, les masques ne servaient \u00e0 rien et \u00e9taient dangereux pour la sant\u00e9. Ils ont tous &hellip; <a href=\"http:\/\/etresoi-e.com\/blog\/ministere-de-la-verite-pensee-unique\/\" class=\"more-link\">Continuer la lecture de <span class=\"screen-reader-text\">Minist\u00e8re de la v\u00e9rit\u00e9, pens\u00e9e unique<\/span>  <span class=\"meta-nav\">&rarr;<\/span><\/a><\/p>\n","protected":false},"author":3,"featured_media":0,"comment_status":"open","ping_status":"open","sticky":false,"template":"","format":"standard","meta":{"_monsterinsights_skip_tracking":false,"_monsterinsights_sitenote_active":false,"_monsterinsights_sitenote_note":"","_monsterinsights_sitenote_category":0,"footnotes":""},"categories":[114],"tags":[],"class_list":["post-7439","post","type-post","status-publish","format-standard","hentry","category-actualites"],"aioseo_notices":[],"_links":{"self":[{"href":"http:\/\/etresoi-e.com\/blog\/wp-json\/wp\/v2\/posts\/7439","targetHints":{"allow":["GET"]}}],"collection":[{"href":"http:\/\/etresoi-e.com\/blog\/wp-json\/wp\/v2\/posts"}],"about":[{"href":"http:\/\/etresoi-e.com\/blog\/wp-json\/wp\/v2\/types\/post"}],"author":[{"embeddable":true,"href":"http:\/\/etresoi-e.com\/blog\/wp-json\/wp\/v2\/users\/3"}],"replies":[{"embeddable":true,"href":"http:\/\/etresoi-e.com\/blog\/wp-json\/wp\/v2\/comments?post=7439"}],"version-history":[{"count":1,"href":"http:\/\/etresoi-e.com\/blog\/wp-json\/wp\/v2\/posts\/7439\/revisions"}],"predecessor-version":[{"id":7440,"href":"http:\/\/etresoi-e.com\/blog\/wp-json\/wp\/v2\/posts\/7439\/revisions\/7440"}],"wp:attachment":[{"href":"http:\/\/etresoi-e.com\/blog\/wp-json\/wp\/v2\/media?parent=7439"}],"wp:term":[{"taxonomy":"category","embeddable":true,"href":"http:\/\/etresoi-e.com\/blog\/wp-json\/wp\/v2\/categories?post=7439"},{"taxonomy":"post_tag","embeddable":true,"href":"http:\/\/etresoi-e.com\/blog\/wp-json\/wp\/v2\/tags?post=7439"}],"curies":[{"name":"wp","href":"https:\/\/api.w.org\/{rel}","templated":true}]}}