{"id":7695,"date":"2023-12-06T05:24:00","date_gmt":"2023-12-06T04:24:00","guid":{"rendered":"http:\/\/etresoi-e.com\/blog\/?p=7695"},"modified":"2023-10-28T21:29:20","modified_gmt":"2023-10-28T20:29:20","slug":"petite-voix-fremit-en-sortant-de-sa-tord-peur","status":"publish","type":"post","link":"http:\/\/etresoi-e.com\/blog\/petite-voix-fremit-en-sortant-de-sa-tord-peur\/","title":{"rendered":"Petite voix fr\u00e9mit, en sortant de sa tord-peur"},"content":{"rendered":"\n<p>Bonjour, je vous esp\u00e8re en forme. <\/p>\n\n\n\n<p>Je vous partage un texte de Cl\u00e9mentine Rainbow qui m&rsquo;a touch\u00e9e. <\/p>\n\n\n\n<p>Prenez soin de vous<\/p>\n\n\n\n<p><em>Mabelle<\/em><\/p>\n\n\n\n<figure class=\"wp-block-image size-full\"><img loading=\"lazy\" decoding=\"async\" width=\"866\" height=\"487\" src=\"http:\/\/etresoi-e.com\/blog\/wp-content\/uploads\/2023\/10\/image-54.png\" alt=\"\" class=\"wp-image-7696\" srcset=\"http:\/\/etresoi-e.com\/blog\/wp-content\/uploads\/2023\/10\/image-54.png 866w, http:\/\/etresoi-e.com\/blog\/wp-content\/uploads\/2023\/10\/image-54-300x169.png 300w, http:\/\/etresoi-e.com\/blog\/wp-content\/uploads\/2023\/10\/image-54-768x432.png 768w, http:\/\/etresoi-e.com\/blog\/wp-content\/uploads\/2023\/10\/image-54-50x28.png 50w\" sizes=\"auto, (max-width: 866px) 100vw, 866px\" \/><\/figure>\n\n\n\n<p>C&rsquo;est l&rsquo;Heure ! C&rsquo;est la fin des leurres.<\/p>\n\n\n\n<p>Petite voix cligne des yeux un peu \u00e9blouie,<\/p>\n\n\n\n<p>Elle se voit pour la premi\u00e8re fois, \u00e9tonn\u00e9e, dans son miroir poli.<\/p>\n\n\n\n<p>Petite voix s&rsquo;abandonne \u00e0 se d\u00e9couvrir sans p\u00e2lir,<\/p>\n\n\n\n<p>Petite voix, sans remord, ose vivre cette petite mort,<\/p>\n\n\n\n<p>Petite voix embrasse ses ombres, et s&rsquo;envole la douce colombe.<\/p>\n\n\n\n<p>Petite voix grandit et se d\u00e9fie, \u00e9prise de libert\u00e9,<\/p>\n\n\n\n<p>Car petite voix farouche rena\u00eet de s&rsquo;\u00eatre trouv\u00e9e.<\/p>\n\n\n\n<p>L&rsquo;Enfant des \u00e9toiles fait tomber ses voiles!<\/p>\n\n\n\n<p>Et de ses origines divines, elle se rappelle et r\u00e9pond \u00e0 cet irr\u00e9sistible appel.<\/p>\n\n\n\n<p>Petite voix a trouv\u00e9 sa voie, de lumi\u00e8re guid\u00e9e,<\/p>\n\n\n\n<p>Petite voix m\u00fbrit, et d&rsquo;amour se nourrit,<\/p>\n\n\n\n<p>Petite voix mue et m\u00eame mugit<\/p>\n\n\n\n<p>Petite voix a envie d&rsquo;exulter, dans cette Unit\u00e9 trouv\u00e9e.<\/p>\n\n\n\n<p>Petite voix br\u00fble de r\u00e9pandre cet amour, de peur d\u00e9v\u00eatue et de mirages disparus.<\/p>\n\n\n\n<p>Petite voix aime planter des graines,<\/p>\n\n\n\n<p>Afin que d&rsquo;autres petites voix se lient \u00e0 elle<\/p>\n\n\n\n<p>Et ainsi former un ch\u0153ur vibrant unifi\u00e9 et en son centre tonnant,<\/p>\n\n\n\n<p>Tonnant de v\u00e9rit\u00e9 d&rsquo;amour, de compassion et de bont\u00e9.<\/p>\n\n\n\n<p>Et voil\u00e0 que l&rsquo;\u00e2me-agit op\u00e8re et s&#8217;embrasent les coeurs et s&rsquo;unit le ch\u0153ur de plus belle, \u00e9merveill\u00e9e,<\/p>\n\n\n\n<p>Dans l&rsquo;agap\u00e9 et l&rsquo;\u00e9poch\u00e9, aim\u00e9s et transcend\u00e9s<\/p>\n\n\n\n<p>Je vous souhaite ces fr\u00e9missements et d&rsquo;avoir le courage de polir votre miroir int\u00e9rieur afin de vous y voir tel que vous \u00eates<\/p>\n\n\n\n<p>je vous souhaite d&rsquo;\u00eatre pleinement cette petite voix qui est d\u00e9j\u00e0 en chacun de nous avec tout son potentiel. Monter le volume!<\/p>\n\n\n\n<p>Puissiez-vous vous tendre la main, ouvrir l&rsquo;oreille et vous aimer \u00e0 votre juste valeur <\/p>\n\n\n\n<p><\/p>\n","protected":false},"excerpt":{"rendered":"<p>Bonjour, je vous esp\u00e8re en forme. Je vous partage un texte de Cl\u00e9mentine Rainbow qui m&rsquo;a touch\u00e9e. Prenez soin de vous Mabelle C&rsquo;est l&rsquo;Heure ! C&rsquo;est la fin des leurres. Petite voix cligne des yeux un peu \u00e9blouie, Elle se voit pour la premi\u00e8re fois, \u00e9tonn\u00e9e, dans son miroir poli. Petite voix s&rsquo;abandonne \u00e0 se &hellip; <a href=\"http:\/\/etresoi-e.com\/blog\/petite-voix-fremit-en-sortant-de-sa-tord-peur\/\" class=\"more-link\">Continuer la lecture de <span class=\"screen-reader-text\">Petite voix fr\u00e9mit, en sortant de sa tord-peur<\/span>  <span class=\"meta-nav\">&rarr;<\/span><\/a><\/p>\n","protected":false},"author":3,"featured_media":0,"comment_status":"open","ping_status":"open","sticky":false,"template":"","format":"standard","meta":{"_monsterinsights_skip_tracking":false,"_monsterinsights_sitenote_active":false,"_monsterinsights_sitenote_note":"","_monsterinsights_sitenote_category":0,"footnotes":""},"categories":[100],"tags":[],"class_list":["post-7695","post","type-post","status-publish","format-standard","hentry","category-textes-a-mediter"],"aioseo_notices":[],"_links":{"self":[{"href":"http:\/\/etresoi-e.com\/blog\/wp-json\/wp\/v2\/posts\/7695","targetHints":{"allow":["GET"]}}],"collection":[{"href":"http:\/\/etresoi-e.com\/blog\/wp-json\/wp\/v2\/posts"}],"about":[{"href":"http:\/\/etresoi-e.com\/blog\/wp-json\/wp\/v2\/types\/post"}],"author":[{"embeddable":true,"href":"http:\/\/etresoi-e.com\/blog\/wp-json\/wp\/v2\/users\/3"}],"replies":[{"embeddable":true,"href":"http:\/\/etresoi-e.com\/blog\/wp-json\/wp\/v2\/comments?post=7695"}],"version-history":[{"count":1,"href":"http:\/\/etresoi-e.com\/blog\/wp-json\/wp\/v2\/posts\/7695\/revisions"}],"predecessor-version":[{"id":7697,"href":"http:\/\/etresoi-e.com\/blog\/wp-json\/wp\/v2\/posts\/7695\/revisions\/7697"}],"wp:attachment":[{"href":"http:\/\/etresoi-e.com\/blog\/wp-json\/wp\/v2\/media?parent=7695"}],"wp:term":[{"taxonomy":"category","embeddable":true,"href":"http:\/\/etresoi-e.com\/blog\/wp-json\/wp\/v2\/categories?post=7695"},{"taxonomy":"post_tag","embeddable":true,"href":"http:\/\/etresoi-e.com\/blog\/wp-json\/wp\/v2\/tags?post=7695"}],"curies":[{"name":"wp","href":"https:\/\/api.w.org\/{rel}","templated":true}]}}