{"id":8159,"date":"2024-05-30T06:07:00","date_gmt":"2024-05-30T05:07:00","guid":{"rendered":"http:\/\/etresoi-e.com\/blog\/?p=8159"},"modified":"2024-02-10T19:25:50","modified_gmt":"2024-02-10T18:25:50","slug":"la-foi","status":"publish","type":"post","link":"http:\/\/etresoi-e.com\/blog\/la-foi\/","title":{"rendered":"La foi"},"content":{"rendered":"\n<p>Bonjour, je vous esp\u00e8re en tr\u00e8s grande forme. Je vous partage un texte de Catherine MARTIN \u00ab Vivre au-del\u00e0 de nos croyances \u00bb<\/p>\n\n\n\n<p>Prenez soin de vous. <\/p>\n\n\n\n<p><em>Mabelle<\/em><\/p>\n\n\n<div class=\"wp-block-image\">\n<figure class=\"aligncenter size-full\"><img loading=\"lazy\" decoding=\"async\" width=\"430\" height=\"286\" src=\"http:\/\/etresoi-e.com\/blog\/wp-content\/uploads\/2024\/02\/image-20.png\" alt=\"\" class=\"wp-image-8160\" srcset=\"http:\/\/etresoi-e.com\/blog\/wp-content\/uploads\/2024\/02\/image-20.png 430w, http:\/\/etresoi-e.com\/blog\/wp-content\/uploads\/2024\/02\/image-20-300x200.png 300w, http:\/\/etresoi-e.com\/blog\/wp-content\/uploads\/2024\/02\/image-20-50x33.png 50w\" sizes=\"auto, (max-width: 430px) 100vw, 430px\" \/><\/figure><\/div>\n\n\n<p>D\u00e9poser de l\u2019Amour et de la Bienveillance sur nos zones d\u2019Ombre, c\u2019est nous donner l\u2019occasion d\u2019acc\u00e9der \u00e0 notre propre Lumi\u00e8re.<\/p>\n\n\n\n<p>Une dose d\u2019humour et\/ou d\u2019autod\u00e9rision peuvent aider, car nous retombons souvent dans nos travers et cela permet de stopper le jugement.<\/p>\n\n\n\n<p>Accueillir et accepter que le Divin est en soi et non \u00e0 l\u2019ext\u00e9rieur de soi, c\u2019est r\u00e9parer et \u00e9tablir un pont entre le \u00absoi\u00bb et le \u00abmoi\u00bb.<\/p>\n\n\n\n<p>Croire profond\u00e9ment en ce que je suis, c\u2019est cro\u00eetre, grandir et prosp\u00e9rer. C\u2019est mettre en Lumi\u00e8re nos croyances et \u00e9tablir un pont aux couleurs de l\u2019arc-en-ciel jusqu\u2019\u00e0 la conscience afin de renouer avec la Foi.<\/p>\n\n\n\n<p>Cette \u00ab Foi \u00bb, nous l\u2019avons tous; elle a toujours \u00e9t\u00e9 l\u00e0, pr\u00e9sente, mais nous l\u2019avons abandonn\u00e9e. Nous nous sommes abandonn\u00e9s.<\/p>\n\n\n\n<p>Nous avons mis de c\u00f4t\u00e9 cette partie divine en croyant qu\u2019elle \u00e9tait ext\u00e9rieure \u00e0 nous. Nous avons fait confiance en des \u00ab choses \u00bb ext\u00e9rieures \u00e0 nous.<\/p>\n\n\n\n<p>Nous nous sommes \u00e9loign\u00e9s sournoisement de notre Lumi\u00e8re, de notre Amour, de notre Foi.<\/p>\n\n\n\n<p>Une affirmation r\u00e9p\u00e9t\u00e9e sans conscience ne donne rien, car la croyance reste en nous. C\u2019est comme chanter une chanson sans y mettre l\u2019\u00e9motion. Il n\u2019y a pas d\u2019impact ou d\u2019effet levier et la croyance reste en soi.<\/p>\n\n\n\n<p>Une intention exprim\u00e9e avec force et conviction, partant du c\u0153ur avec un centrage en amont, va cr\u00e9er une grande ouverture.<\/p>\n\n\n\n<p>C\u2019est pour moi la Pri\u00e8re dans toute sa Splendeur et son Immensit\u00e9. C\u2019est cette Intention-Pri\u00e8re qui fera en sorte que le Miracle s\u2019accomplira.<\/p>\n\n\n\n<p>En ce sens je deviens le Cr\u00e9ateur de ma vie et j\u2019alimente la Foi en moi. Une croyance ne se vit que si elle est aliment\u00e9e, sinon, elle meurt.<\/p>\n\n\n\n<p>Croyance et Foi sont toutes les deux une \u00c9nergie qui vit en nous. \u00c0 nous de savoir laquelle on veut faire grandir et prosp\u00e9rer pour nous rendre plus forts.<\/p>\n\n\n\n<p>Ne dit-on pas que seule la Foi soul\u00e8ve les montagnes ?<\/p>\n\n\n\n<p><\/p>\n","protected":false},"excerpt":{"rendered":"<p>Bonjour, je vous esp\u00e8re en tr\u00e8s grande forme. Je vous partage un texte de Catherine MARTIN \u00ab Vivre au-del\u00e0 de nos croyances \u00bb Prenez soin de vous. Mabelle D\u00e9poser de l\u2019Amour et de la Bienveillance sur nos zones d\u2019Ombre, c\u2019est nous donner l\u2019occasion d\u2019acc\u00e9der \u00e0 notre propre Lumi\u00e8re. Une dose d\u2019humour et\/ou d\u2019autod\u00e9rision peuvent aider, &hellip; <a href=\"http:\/\/etresoi-e.com\/blog\/la-foi\/\" class=\"more-link\">Continuer la lecture de <span class=\"screen-reader-text\">La foi<\/span>  <span class=\"meta-nav\">&rarr;<\/span><\/a><\/p>\n","protected":false},"author":3,"featured_media":0,"comment_status":"open","ping_status":"open","sticky":false,"template":"","format":"standard","meta":{"_monsterinsights_skip_tracking":false,"_monsterinsights_sitenote_active":false,"_monsterinsights_sitenote_note":"","_monsterinsights_sitenote_category":0,"footnotes":""},"categories":[100],"tags":[],"class_list":["post-8159","post","type-post","status-publish","format-standard","hentry","category-textes-a-mediter"],"aioseo_notices":[],"_links":{"self":[{"href":"http:\/\/etresoi-e.com\/blog\/wp-json\/wp\/v2\/posts\/8159","targetHints":{"allow":["GET"]}}],"collection":[{"href":"http:\/\/etresoi-e.com\/blog\/wp-json\/wp\/v2\/posts"}],"about":[{"href":"http:\/\/etresoi-e.com\/blog\/wp-json\/wp\/v2\/types\/post"}],"author":[{"embeddable":true,"href":"http:\/\/etresoi-e.com\/blog\/wp-json\/wp\/v2\/users\/3"}],"replies":[{"embeddable":true,"href":"http:\/\/etresoi-e.com\/blog\/wp-json\/wp\/v2\/comments?post=8159"}],"version-history":[{"count":1,"href":"http:\/\/etresoi-e.com\/blog\/wp-json\/wp\/v2\/posts\/8159\/revisions"}],"predecessor-version":[{"id":8161,"href":"http:\/\/etresoi-e.com\/blog\/wp-json\/wp\/v2\/posts\/8159\/revisions\/8161"}],"wp:attachment":[{"href":"http:\/\/etresoi-e.com\/blog\/wp-json\/wp\/v2\/media?parent=8159"}],"wp:term":[{"taxonomy":"category","embeddable":true,"href":"http:\/\/etresoi-e.com\/blog\/wp-json\/wp\/v2\/categories?post=8159"},{"taxonomy":"post_tag","embeddable":true,"href":"http:\/\/etresoi-e.com\/blog\/wp-json\/wp\/v2\/tags?post=8159"}],"curies":[{"name":"wp","href":"https:\/\/api.w.org\/{rel}","templated":true}]}}