{"id":8206,"date":"2024-03-12T05:37:00","date_gmt":"2024-03-12T04:37:00","guid":{"rendered":"http:\/\/etresoi-e.com\/blog\/?p=8206"},"modified":"2024-03-05T23:40:43","modified_gmt":"2024-03-05T22:40:43","slug":"ne-pas-en-faire-une-affaire-personnelle","status":"publish","type":"post","link":"http:\/\/etresoi-e.com\/blog\/ne-pas-en-faire-une-affaire-personnelle\/","title":{"rendered":"Ne pas en faire une affaire personnelle"},"content":{"rendered":"\n<p>Bonjour, comment allez-vous ? <\/p>\n\n\n\n<p>Je vous partage une r\u00e9flexion de \u00c9milie Soin et Gu\u00e9rison<\/p>\n\n\n<div class=\"wp-block-image\">\n<figure class=\"aligncenter size-full\"><img loading=\"lazy\" decoding=\"async\" width=\"512\" height=\"640\" src=\"http:\/\/etresoi-e.com\/blog\/wp-content\/uploads\/2024\/03\/image-1.png\" alt=\"\" class=\"wp-image-8207\" srcset=\"http:\/\/etresoi-e.com\/blog\/wp-content\/uploads\/2024\/03\/image-1.png 512w, http:\/\/etresoi-e.com\/blog\/wp-content\/uploads\/2024\/03\/image-1-240x300.png 240w, http:\/\/etresoi-e.com\/blog\/wp-content\/uploads\/2024\/03\/image-1-40x50.png 40w\" sizes=\"auto, (max-width: 512px) 100vw, 512px\" \/><\/figure><\/div>\n\n\n<p>J&rsquo;aimerais revenir sur un des accords Tolt\u00e8ques que je trouve tr\u00e8s int\u00e9ressant: \u00ab\u00a0ne pas en faire une affaire personnelle\u00a0\u00bb.<\/p>\n\n\n\n<p>En effet, nous avons la f\u00e2cheuse tendance \u00e0 tout prendre pour nous, \u00e0 tout ramener \u00e0 nous, et ce, m\u00eame lorsque cela ne nous concerne pas directement.<\/p>\n\n\n\n<p>Nous <a><\/a>nous sentons facilement meurtris, bless\u00e9s, agress\u00e9s dans les situations que nous traversons, alors qu&rsquo;en g\u00e9n\u00e9ral notre \u00ab\u00a0personne\u00a0\u00bb n&rsquo;a rien \u00e0 voir avec la situation en question.<\/p>\n\n\n\n<p>En r\u00e9alit\u00e9, lors d&rsquo;une \u00ab\u00a0altercation\u00a0\u00bb notre \u00eatre n&rsquo;est pour rien dans le conflit, l&rsquo;autre ne nous vise pas en particulier, mais essaie de r\u00e9gler des comptes avec une partie de lui m\u00eame.<\/p>\n\n\n\n<p>Don Miguel Ruiz r\u00e9sume tr\u00e8s bien cela dans cette phrase : \u00ab\u00a0je suis seulement responsable de ce que je dis, je ne suis pas responsable de ce que vous entendez\u00a0\u00bb.<\/p>\n\n\n\n<p>Par exemple, il m&rsquo;est arriv\u00e9 un jour de parler du principe de la r\u00e9incarnation avec une personne totalement oppos\u00e9e \u00e0 cette croyance.<\/p>\n\n\n\n<p>Cette personne m&rsquo;a r\u00e9torqu\u00e9e que la r\u00e9incarnation \u00e9tait une ineptie, mais surtout que c&rsquo;\u00e9tait dangereux de croire en de telles choses, car cela pouvait pousser l&rsquo;Homme a faire n&rsquo;importe quoi puisqu&rsquo;il aurait d&rsquo;autres \u00ab\u00a0essais\u00a0\u00bb, d&rsquo;autres vies.<\/p>\n\n\n\n<p>Bien que cette personne s&rsquo;av\u00e9rait de plus en plus \u00e9nerv\u00e9e, cela n&rsquo;\u00e9tait pas une attaque contre moi, contre mon \u00eatre, ce que JE SUIS, mais envers une croyance qui lui faisait peur et qu&rsquo;elle ne comprenait pas.<\/p>\n\n\n\n<p>Et comme je ne partageais pas son point de vue, cette personne se montrait de plus en plus agressive.<\/p>\n\n\n\n<p>Nous sommes les seuls \u00e0 pouvoir d\u00e9cider qu&rsquo;une attitude nous affecte ou non.<\/p>\n\n\n\n<p>Si nous d\u00e9cidons qu&rsquo;une personne nous blesse, que son attaque nous touche,<\/p>\n\n\n\n<p>c\u00a0\u00bbest notre choix, et dans ce cas nous pouvons d\u00e9cider d&rsquo;entrer dans une bataille \u00e9gotique o\u00f9 chacun imposera \u00e0 l&rsquo;autre sa V\u00e9rit\u00e9, mais il s&rsquo;av\u00e8re bien plus efficace de ne pas en faire une affaire personnelle en prenant conscience que l&rsquo;autre ne s&rsquo;attaque pas v\u00e9ritablement \u00e0 ce que nous sommes,<\/p>\n\n\n\n<p>mais \u00e0 quelque chose qui lui fait peur, car seule la peur divise.<\/p>\n\n\n\n<p>Dans mon exemple, la personne s&rsquo;est simplement sentie d\u00e9stabilis\u00e9e que je ne partage pas sa V\u00e9rit\u00e9. Mais finalement cela n&rsquo;engage qu&rsquo;elle, tout comme ma croyance n&rsquo;engage que moi.<\/p>\n\n\n\n<p>Ainsi, lors d&rsquo;un conflit, lors d&rsquo;une divergence de propos, lors d&rsquo;un dispute, ce n&rsquo;est pas notre personne qui est vis\u00e9e mais une croyance.<\/p>\n\n\n\n<p>Par ailleurs, si j&rsquo;entre en conflit avec quelqu&rsquo;un, si son attitude me froisse, si je suis en col\u00e8re, c&rsquo;est parce que son attitude touche une partie de moi, ceci est une indication d&rsquo;une chose en moi non accept\u00e9e, refoul\u00e9e, effac\u00e9e, alors \u00e0 moi de comprendre pourquoi cela me touche autant et d&rsquo;avancer.<\/p>\n\n\n\n<p>Il s&rsquo;agit d&rsquo;un effet miroir, l&rsquo;autre devient notre miroir et il est parfois d\u00e9sagr\u00e9able de s&rsquo;y regarder.<\/p>\n\n\n\n<p>Lorsque l&rsquo;on prend conscience de tout \u00e7a, que rien ne peut nous affecter sans notre accord, et surtout que notre \u00eatre ne soit jamais attaqu\u00e9 car les seules batailles qui existent sont celles qui opposent un Homme et son ego, il devient plus simple de l\u00e2cher prise sur la vie, de ne plus se sentir offusqu\u00e9, agress\u00e9, trahi, \u00e9nerv\u00e9, bless\u00e9&#8230;<\/p>\n\n\n\n<p>Apr\u00e8s tout, \u00e0 qui a t-on des comptes \u00e0 rendre \u00e0 part nous m\u00eame?<\/p>\n\n\n\n<p>Prenez soin de vous. <em>Mabelle<\/em><\/p>\n","protected":false},"excerpt":{"rendered":"<p>Bonjour, comment allez-vous ? Je vous partage une r\u00e9flexion de \u00c9milie Soin et Gu\u00e9rison J&rsquo;aimerais revenir sur un des accords Tolt\u00e8ques que je trouve tr\u00e8s int\u00e9ressant: \u00ab\u00a0ne pas en faire une affaire personnelle\u00a0\u00bb. En effet, nous avons la f\u00e2cheuse tendance \u00e0 tout prendre pour nous, \u00e0 tout ramener \u00e0 nous, et ce, m\u00eame lorsque cela &hellip; <a href=\"http:\/\/etresoi-e.com\/blog\/ne-pas-en-faire-une-affaire-personnelle\/\" class=\"more-link\">Continuer la lecture de <span class=\"screen-reader-text\">Ne pas en faire une affaire personnelle<\/span>  <span class=\"meta-nav\">&rarr;<\/span><\/a><\/p>\n","protected":false},"author":3,"featured_media":0,"comment_status":"open","ping_status":"open","sticky":false,"template":"","format":"standard","meta":{"_monsterinsights_skip_tracking":false,"_monsterinsights_sitenote_active":false,"_monsterinsights_sitenote_note":"","_monsterinsights_sitenote_category":0,"footnotes":""},"categories":[100],"tags":[],"class_list":["post-8206","post","type-post","status-publish","format-standard","hentry","category-textes-a-mediter"],"aioseo_notices":[],"_links":{"self":[{"href":"http:\/\/etresoi-e.com\/blog\/wp-json\/wp\/v2\/posts\/8206","targetHints":{"allow":["GET"]}}],"collection":[{"href":"http:\/\/etresoi-e.com\/blog\/wp-json\/wp\/v2\/posts"}],"about":[{"href":"http:\/\/etresoi-e.com\/blog\/wp-json\/wp\/v2\/types\/post"}],"author":[{"embeddable":true,"href":"http:\/\/etresoi-e.com\/blog\/wp-json\/wp\/v2\/users\/3"}],"replies":[{"embeddable":true,"href":"http:\/\/etresoi-e.com\/blog\/wp-json\/wp\/v2\/comments?post=8206"}],"version-history":[{"count":1,"href":"http:\/\/etresoi-e.com\/blog\/wp-json\/wp\/v2\/posts\/8206\/revisions"}],"predecessor-version":[{"id":8208,"href":"http:\/\/etresoi-e.com\/blog\/wp-json\/wp\/v2\/posts\/8206\/revisions\/8208"}],"wp:attachment":[{"href":"http:\/\/etresoi-e.com\/blog\/wp-json\/wp\/v2\/media?parent=8206"}],"wp:term":[{"taxonomy":"category","embeddable":true,"href":"http:\/\/etresoi-e.com\/blog\/wp-json\/wp\/v2\/categories?post=8206"},{"taxonomy":"post_tag","embeddable":true,"href":"http:\/\/etresoi-e.com\/blog\/wp-json\/wp\/v2\/tags?post=8206"}],"curies":[{"name":"wp","href":"https:\/\/api.w.org\/{rel}","templated":true}]}}