{"id":8234,"date":"2024-04-09T05:31:00","date_gmt":"2024-04-09T04:31:00","guid":{"rendered":"http:\/\/etresoi-e.com\/blog\/?p=8234"},"modified":"2024-03-16T18:46:32","modified_gmt":"2024-03-16T17:46:32","slug":"turbo-cancers-2","status":"publish","type":"post","link":"http:\/\/etresoi-e.com\/blog\/turbo-cancers-2\/","title":{"rendered":"Turbo cancers"},"content":{"rendered":"\n<p>Bonjour, <\/p>\n\n\n\n<p>J&rsquo;esp\u00e8re que vous allez bien. <\/p>\n\n\n\n<p>Si vous ne supportez pas certaines images de personnes d\u00e9figur\u00e9es, n&rsquo;allez pas plus loin dans votre lecture. Les photos que je mets volontairement plus bas et pas en haut d&rsquo;article pourraient vou choquer.l <\/p>\n\n\n\n<p>Pourquoi cette photo ? Pas pour choquer, mais parce qu\u2019elle illustre parfaitement un probl\u00e8me ni\u00e9 par la doxa, celui des turbo-cancers. Cette photo est la d\u00e9monstration parfaite, indiscutable, de ces turbo-cancers induits pas par une vaccination, car on n\u2019avait jamais vu cela avant, mais par l\u2019ARN messager (ce qui ne signifie pas que les autres vaccins sont s\u00fbrs, puisque les m\u00e9decins non corrompus d\u00e9noncent les tr\u00e8s nombreux cas d&rsquo;autisme li\u00e9s aux vaccins, et autres probl\u00e8mes de sant\u00e9 \u00e9galement).  <\/p>\n\n\n\n<p>Chaque jour sont constat\u00e9s des hyperprolif\u00e9rations tumorales ou turbo cancers<\/p>\n\n\n\n<p>HYPERPROLIF\u00c9RATION TUMORALE ou TURBO CANCER chez les personnes inject\u00e9es par les \u00ab\u00a0vaccins\u00a0\u00bb \u00e0 ARNm. <\/p>\n\n\n\n<p>Cela devient tr\u00e8s r\u00e9el pour beaucoup d&rsquo;entre nous. Les pr\u00e9dictions se jouent maintenant. Il serait peut \u00eatre temps de prendre conscience que tout cela est anormal et qu&rsquo;il faut arr\u00eater cette folie vaccinale ARNm. <\/p>\n\n\n\n<p>Ce qu&rsquo;il faut comprendre, ce n&rsquo;est pas un risque exclusif des vaccinations anti-COVID. C&rsquo;est un risque inh\u00e9rent \u00e0 la technologie bas\u00e9e sur l&rsquo;ARNm synth\u00e9tique modifi\u00e9. Peu importe qu&rsquo;il s&rsquo;agisse d&rsquo;inoculations anti-grippe, anti-rides ou anti-tout ce que vous voulez. Peu importe la voie d&rsquo;administration, qu&rsquo;elle soit intramusculaire, sous-cutan\u00e9e, intraveineuse, intraduod\u00e9nale ou nasale. <\/p>\n\n\n\n<p>Ce qu&rsquo;il faut entendre, c&rsquo;est que seule la plate-forme d&rsquo;ARNm synth\u00e9tique modifi\u00e9 est le probl\u00e8me !! <\/p>\n\n\n\n<p>Il semble qu&rsquo;il existe des preuves solides, et en grande quantit\u00e9\u2026 Communiquer, expliquer la science, apporter cette connaissance \u00e0 la conscience des gens. <\/p>\n\n\n\n<p>L&rsquo;apport n&rsquo;est pas anodin, la connaissance est essentielle pour ne pas \u00eatre tromp\u00e9, POUR PRENDRE DES D\u00c9CISIONS \u00c9CLAIR\u00c9ES, pour ouvrir les yeux, mais il ne suffit pas de savoir, de laisser la connaissance \u00e0 un niveau personnel. Ne voulez-vous pas exiger des comptes\u00a0? Appel aux Avocats !!<\/p>\n\n\n\n<p>LE POIDS DES MOTS,  LE CHOC DES PHOTOS<\/p>\n\n\n<div class=\"wp-block-image\">\n<figure class=\"aligncenter size-large\"><img loading=\"lazy\" decoding=\"async\" width=\"1024\" height=\"603\" src=\"http:\/\/etresoi-e.com\/blog\/wp-content\/uploads\/2024\/03\/image-9-1024x603.png\" alt=\"\" class=\"wp-image-8235\" srcset=\"http:\/\/etresoi-e.com\/blog\/wp-content\/uploads\/2024\/03\/image-9-1024x603.png 1024w, http:\/\/etresoi-e.com\/blog\/wp-content\/uploads\/2024\/03\/image-9-300x177.png 300w, http:\/\/etresoi-e.com\/blog\/wp-content\/uploads\/2024\/03\/image-9-768x452.png 768w, http:\/\/etresoi-e.com\/blog\/wp-content\/uploads\/2024\/03\/image-9-50x29.png 50w, http:\/\/etresoi-e.com\/blog\/wp-content\/uploads\/2024\/03\/image-9.png 1080w\" sizes=\"auto, (max-width: 1024px) 100vw, 1024px\" \/><\/figure><\/div>\n\n\n<p>Sympt\u00f4mes apparus 4 jours apr\u00e8s dose 1 Pfizer : douleur, paralysie de Bell, n\u00e9vralgie, surdit\u00e9. Cancer de la glande parotide, d\u00e9c\u00e8s.<\/p>\n\n\n\n<p> Cette photo est une photo post\u00e9e sur X par H\u00e9l\u00e8ne Banoun. Cette photo est \u00e0 montrer aux sceptiques concernant ces turbo-cancers, car c\u2019est en effet la preuve de leur existence. On ne peut affirmer que l\u2019ARNm a cr\u00e9\u00e9 ce cancer, qui \u00e9tait peut-\u00eatre latent, mais ce qu\u2019on peut affirmer, c\u2019est qu\u2019il l\u2019a fait exploser, et donc qu\u2019il favorise les cancers.<\/p>\n\n\n\n<p><a href=\"https:\/\/www.covid-factuel.fr\/2023\/09\/24\/arn-messager-et-cancers-le-poids-des-mots-le-choc-des-photos\/\">https:\/\/www.covid-factuel.fr\/2023\/09\/24\/arn-messager-et-cancers-le-poids-des-mots-le-choc-des-photos<\/a><\/p>\n\n\n\n<p>Prenez soin de vous, renseignez vous sur ce que vous laissez entrer dans votre corps. <\/p>\n\n\n\n<p><em>Mabelle<\/em><\/p>\n","protected":false},"excerpt":{"rendered":"<p>Bonjour, J&rsquo;esp\u00e8re que vous allez bien. Si vous ne supportez pas certaines images de personnes d\u00e9figur\u00e9es, n&rsquo;allez pas plus loin dans votre lecture. Les photos que je mets volontairement plus bas et pas en haut d&rsquo;article pourraient vou choquer.l Pourquoi cette photo ? Pas pour choquer, mais parce qu\u2019elle illustre parfaitement un probl\u00e8me ni\u00e9 par &hellip; <a href=\"http:\/\/etresoi-e.com\/blog\/turbo-cancers-2\/\" class=\"more-link\">Continuer la lecture de <span class=\"screen-reader-text\">Turbo cancers<\/span>  <span class=\"meta-nav\">&rarr;<\/span><\/a><\/p>\n","protected":false},"author":3,"featured_media":0,"comment_status":"open","ping_status":"open","sticky":false,"template":"","format":"standard","meta":{"_monsterinsights_skip_tracking":false,"_monsterinsights_sitenote_active":false,"_monsterinsights_sitenote_note":"","_monsterinsights_sitenote_category":0,"footnotes":""},"categories":[406],"tags":[],"class_list":["post-8234","post","type-post","status-publish","format-standard","hentry","category-coaching-de-vie"],"aioseo_notices":[],"_links":{"self":[{"href":"http:\/\/etresoi-e.com\/blog\/wp-json\/wp\/v2\/posts\/8234","targetHints":{"allow":["GET"]}}],"collection":[{"href":"http:\/\/etresoi-e.com\/blog\/wp-json\/wp\/v2\/posts"}],"about":[{"href":"http:\/\/etresoi-e.com\/blog\/wp-json\/wp\/v2\/types\/post"}],"author":[{"embeddable":true,"href":"http:\/\/etresoi-e.com\/blog\/wp-json\/wp\/v2\/users\/3"}],"replies":[{"embeddable":true,"href":"http:\/\/etresoi-e.com\/blog\/wp-json\/wp\/v2\/comments?post=8234"}],"version-history":[{"count":1,"href":"http:\/\/etresoi-e.com\/blog\/wp-json\/wp\/v2\/posts\/8234\/revisions"}],"predecessor-version":[{"id":8236,"href":"http:\/\/etresoi-e.com\/blog\/wp-json\/wp\/v2\/posts\/8234\/revisions\/8236"}],"wp:attachment":[{"href":"http:\/\/etresoi-e.com\/blog\/wp-json\/wp\/v2\/media?parent=8234"}],"wp:term":[{"taxonomy":"category","embeddable":true,"href":"http:\/\/etresoi-e.com\/blog\/wp-json\/wp\/v2\/categories?post=8234"},{"taxonomy":"post_tag","embeddable":true,"href":"http:\/\/etresoi-e.com\/blog\/wp-json\/wp\/v2\/tags?post=8234"}],"curies":[{"name":"wp","href":"https:\/\/api.w.org\/{rel}","templated":true}]}}