{"id":11634,"date":"2025-12-13T23:33:00","date_gmt":"2025-12-13T22:33:00","guid":{"rendered":"https:\/\/etresoi-e.com\/blog\/?p=11634"},"modified":"2025-12-13T23:29:53","modified_gmt":"2025-12-13T22:29:53","slug":"letat-a-franchi-un-point-de-non-retour","status":"publish","type":"post","link":"https:\/\/etresoi-e.com\/blog\/letat-a-franchi-un-point-de-non-retour\/","title":{"rendered":"L&rsquo;\u00e9tat a franchi un point de non retour"},"content":{"rendered":"\n<p>Il y a des jours o\u00f9 le monde dystopique et despotique me donne la naus\u00e9e.<\/p>\n\n\n\n<p>O\u00f9 je me demande o\u00f9 est ma place, ce que je fais ici si je ne peux pas changer ce monde qui part compl\u00e8tement  \u00e0 la d\u00e9rive. Je me sens si impuissante face \u00e0 ce manque de bon sens, d&rsquo;humanit\u00e9 envers le vivant. <\/p>\n\n\n\n<p>Apr\u00e8s les humains inject\u00e9s avec un poison pour \u00e9viter un rhume, des m\u00e9dias qui mentent effront\u00e9ment pour manipuler une fois de plus l&rsquo;opinion publique, et tant de monde qui continue encore \u00e0 croire ces journalistes v\u00e9reux. Je me demande quelle est ma place dans cette soci\u00e9t\u00e9 qui semble s\u2019\u00e9garer, ob\u00e9issant  \u00e0 des d\u00e9cisions qui tuent le vivant, la compassion et tout bon sens.<\/p>\n\n\n\n<p>Je vois des humains agir contre leur c\u0153ur, contraints et forc\u00e9s, par peur de se faire tuer par des policiers \u00e9quip\u00e9s d&rsquo;armes de guerre.  <\/p>\n\n\n\n<p>Je vois des forces de l\u2019ordre s\u2019opposer pendant des heures \u00e0 des agriculteurs qui cherchent simplement \u00e0 prot\u00e9ger leurs b\u00eates, leur travail, leur passion, leur vie, c&rsquo;est horrible.<\/p>\n\n\n<div class=\"wp-block-image\">\n<figure class=\"aligncenter size-full\"><img loading=\"lazy\" decoding=\"async\" width=\"748\" height=\"822\" src=\"https:\/\/etresoi-e.com\/blog\/wp-content\/uploads\/2025\/12\/image-35.png\" alt=\"\" class=\"wp-image-11636\" srcset=\"https:\/\/etresoi-e.com\/blog\/wp-content\/uploads\/2025\/12\/image-35.png 748w, https:\/\/etresoi-e.com\/blog\/wp-content\/uploads\/2025\/12\/image-35-273x300.png 273w\" sizes=\"auto, (max-width: 748px) 100vw, 748px\" \/><\/figure><\/div>\n\n\n<p>Martin Luther King que chacun  a la responsabilit\u00e9 morale de d\u00e9sob\u00e9ir aux lois injustes. <\/p>\n\n\n<div class=\"wp-block-image\">\n<figure class=\"aligncenter size-full\"><img loading=\"lazy\" decoding=\"async\" width=\"590\" height=\"590\" src=\"https:\/\/etresoi-e.com\/blog\/wp-content\/uploads\/2025\/12\/image-42.png\" alt=\"\" class=\"wp-image-11643\" srcset=\"https:\/\/etresoi-e.com\/blog\/wp-content\/uploads\/2025\/12\/image-42.png 590w, https:\/\/etresoi-e.com\/blog\/wp-content\/uploads\/2025\/12\/image-42-300x300.png 300w, https:\/\/etresoi-e.com\/blog\/wp-content\/uploads\/2025\/12\/image-42-200x200.png 200w\" sizes=\"auto, (max-width: 590px) 100vw, 590px\" \/><\/figure><\/div>\n\n\n<p>Mais, cette vid\u00e9o (qui n&rsquo;a rien \u00e0 voir avec ce qui s&rsquo;est pass\u00e9 \u00e0 la ferme d\u00e9montre bien qu&rsquo;ils aiment ce qu&rsquo;ils font et que d\u00e9truire les gens est un plaisir pour eux, c&rsquo;est immonde : <a href=\"https:\/\/www.facebook.com\/reel\/696320056664860\">https:\/\/www.facebook.com\/reel\/696320056664860<\/a><\/p>\n\n\n\n<p>Je suis boulevers\u00e9e par l&rsquo;abattage brutal de vaches en sant\u00e9 et de leurs petits, des policiers qui ob\u00e9issent sans se poser de question, s&rsquo;imaginant investis d&rsquo;un pouvoir qu&rsquo;ils n&rsquo;ont pas, et ne r\u00e9alisant peut-\u00eatre m\u00eame pas que c&rsquo;est la nourriture de leurs enfants-parents-proches qu&rsquo;ils d\u00e9truisent  en s&rsquo;attaquent \u00e0 des animaux sans autre d\u00e9fense que les agriculteurs et des citoyens sans aucune \u00e9tiquette venu prot\u00e9ger ces b\u00eates. Les portes d\u00e9fonc\u00e9es, les voitures d\u00e9truites, sont de v\u00e9ritables sc\u00e8nes de guerre. <\/p>\n\n\n\n<p>Et tout \u00e7a pour quoi ? Pour ob\u00e9ir \u00e0 l&rsquo;Europe, respecter Mercosur, supprimer la viande fran\u00e7aise, l&rsquo;\u00e9levage fran\u00e7ais, l&rsquo;agriculture fran\u00e7aise et nous faire manger de la merde venue d&rsquo;Ukraine. <\/p>\n\n\n\n<p>Allons nous continuer ind\u00e9finiment \u00e0 ob\u00e9ir, \u00e0 \u00e9couter les mensonges des journalistes, \u00e0 laisser d\u00e9truire tant de vies, \u00e0 accepter l\u2019inacceptable ?<\/p>\n\n\n\n<p>Quelques belles \u00e2mes tentent d&rsquo;ouvrir les yeux mais je nous revois 5 ans en arri\u00e8re o\u00f9 toute personne allant contre la doxa \u00e9tait trait\u00e9e d&rsquo;extr\u00eame droite ou gauche, de complotiste, de nazi. Je n&rsquo;ai toujours pas compris le rapport entre d\u00e9fendre la vie et le nazisme ou l&rsquo;extr\u00eame droite d&rsquo;ailleurs. Simplement, ceux qui n&rsquo;avaient pas le moindre argument trouvent plus facile de sortir des insultes. <\/p>\n\n\n\n<p>Ce monde a t il perdu toute humanit\u00e9 ? Comment les policiers, dont le m\u00e9tier est de prot\u00e9ger le peuple peuvent ils \u00eatre si violents et se penser l\u00e9gitimes du tuer parce qu&rsquo;un pantin en col et cravate le leur a demand\u00e9 ? O\u00f9 sont pass\u00e9es leurs \u00e2mes ? Qu&rsquo;avons nous fait de notre humanit\u00e9 pour \u00eatre ainsi d\u00e9connect\u00e9s de ce qui compte vraiment ? <\/p>\n\n\n<div class=\"wp-block-image\">\n<figure class=\"aligncenter size-full\"><img loading=\"lazy\" decoding=\"async\" width=\"620\" height=\"605\" src=\"https:\/\/etresoi-e.com\/blog\/wp-content\/uploads\/2025\/12\/image-40.png\" alt=\"\" class=\"wp-image-11641\" srcset=\"https:\/\/etresoi-e.com\/blog\/wp-content\/uploads\/2025\/12\/image-40.png 620w, https:\/\/etresoi-e.com\/blog\/wp-content\/uploads\/2025\/12\/image-40-300x293.png 300w\" sizes=\"auto, (max-width: 620px) 100vw, 620px\" \/><\/figure><\/div>\n\n\n<p>Je me sens d\u00e9munie devant tant d\u2019indiff\u00e9rence et de violence. <\/p>\n\n\n\n<p>Ils ont affam\u00e9 les indiens d&rsquo;Am\u00e9rique, en s&rsquo;en prenant aux bisons. Aujourd&rsquo;hui c&rsquo;est notre tour. Vous avez peut-\u00eatre not\u00e9 que les tests douteux et l&rsquo;absence de sympt\u00f4me, nous rappellent la mafia covidienne 2020. Sauf que l\u00e0, en cas de positif, c&rsquo;est tout le troupeau qui est euthanasi\u00e9 ! Mais o\u00f9 sont les d\u00e9fenseurs des animaux ?<\/p>\n\n\n\n<p>Et les v\u00e9t\u00e9rinaires, pourquoi ob\u00e9issent ils aussi \u00e0 de telles monstruosit\u00e9s ? <\/p>\n\n\n\n<p><a href=\"https:\/\/www.facebook.com\/reel\/2136442800213979\">https:\/\/www.facebook.com\/reel\/2136442800213979<\/a><\/p>\n\n\n\n<p>Hier encore, les \u00e9leveurs ont re\u00e7u une triple sommation : 5000 \u20ac d\u2019amende par jour pour chaque refus d\u2019abattage, Interdiction totale de vendre leur viande, Suppression de la PAC (Politique Agricole Commune). Voil\u00e0 comment on gouverne aujourd\u2019hui : \u00c0 coup de pistolet r\u00e9glementaire sur la tempe. Tire ou cr\u00e8ve.<\/p>\n\n\n\n<p>Depuis juin, plus de 3000 bovins ont \u00e9t\u00e9 abattus en France, parfois des troupeaux entiers, parfois pour un seul cas d\u00e9tect\u00e9 de dermatose nodulaire contagieuse (DNC). Et ce n\u2019est pas fini.<\/p>\n\n\n\n<p>Ce qui s\u2019est pass\u00e9 en Ari\u00e8ge n\u2019est ni un maintien de l\u2019ordre ni un protocole sanitaire. Mais un carnage, le massacre purement administratif de 207 vaches saines (une seule vache malade \u00e9tait isol\u00e9e), gestantes, parfois allaitantes, et leurs petits, avec une violence et une froideur qui me glacent le sang.  Des solutions  ont \u00e9t\u00e9 propos\u00e9es mais compl\u00e8tement ignor\u00e9es parce qu&rsquo;il y a un plan derri\u00e8re tout \u00e7a, pour nous affamer et enrichir toujours les m\u00eames.<\/p>\n\n\n<div class=\"wp-block-image\">\n<figure class=\"aligncenter size-full\"><img loading=\"lazy\" decoding=\"async\" width=\"526\" height=\"697\" src=\"https:\/\/etresoi-e.com\/blog\/wp-content\/uploads\/2025\/12\/image-39.png\" alt=\"\" class=\"wp-image-11640\" srcset=\"https:\/\/etresoi-e.com\/blog\/wp-content\/uploads\/2025\/12\/image-39.png 526w, https:\/\/etresoi-e.com\/blog\/wp-content\/uploads\/2025\/12\/image-39-226x300.png 226w\" sizes=\"auto, (max-width: 526px) 100vw, 526px\" \/><\/figure><\/div>\n\n\n<p>Pendant 48 heures, des agriculteurs, des citoyens, des familles enti\u00e8res, \u00e9puis\u00e9es sans dormir pour prot\u00e9ger ces vaches et leurs veaux ont tenu bon face \u00e0 plus de 600 CRS, des centaures, des blind\u00e9s, des h\u00e9licopt\u00e8res et du mat\u00e9riel militaire pour d\u00e9molir les voitures jet\u00e9es dans les champs, Huit heures de guerre contre des agriculteurs pour tuer leurs vaches pendant que les trafiquants et mafieux vivent tranquillement dans les zones de non droit et ne sont pas inqui\u00e9t\u00e9s. Huit heures de folie contre ceux qui nourrissent la France.<\/p>\n\n\n\n<p>L\u2019\u00e9table a \u00e9t\u00e9 enti\u00e8rement satur\u00e9e de gaz, des images et t\u00e9moignages en attestent. J&rsquo;imagine avec effroi la souffrance endur\u00e9e par ces vaches durant les derni\u00e8res heures de leur triste vie. <\/p>\n\n\n\n<p>Les responsables politiques parlent de science et de n\u00e9cessit\u00e9. Or cette maladie a une mortalit\u00e9 entre 1 et 5 % et, au risque de me r\u00e9p\u00e9ter la vache malade \u00e9tait isol\u00e9e. Par ailleurs, contrairement \u00e0 ce que racontent les m\u00e9dias, la dermatose se soigne (apr\u00e8s le coco pour les humains, la dermatose, la grippe aviaire et, comme par hasard il n&rsquo;existerait qu&rsquo;une solution des injections, mais apr\u00e8s avoir d\u00e9cim\u00e9 une grosse partie des vaches pour r\u00e9pondre aux exigences Mercosur \u00e9videmment).  Ce n\u2019est plus de la sant\u00e9, c\u2019est de la gestion de stock. Les vaches sont des variables. Les paysans, des \u00ab\u00a0r\u00e9sistants au changement\u00a0\u00bb. Et la ferme devient une annexe de l\u2019Insee. \u00c0 chaque intervention, on d\u00e9ploie les forces de l\u2019ordre. Pas pour prot\u00e9ger les paysans. Pour prot\u00e9ger la proc\u00e9dure. Des CRS devant les vaches. Des \u00e9leveurs tenus \u00e0 distance comme des criminels. Et pendant ce temps, la ministre parle de \u00ab\u00a0gestion \u00e9quilibr\u00e9e\u00a0\u00bb.<\/p>\n\n\n<div class=\"wp-block-image\">\n<figure class=\"aligncenter size-full\"><img loading=\"lazy\" decoding=\"async\" width=\"526\" height=\"680\" src=\"https:\/\/etresoi-e.com\/blog\/wp-content\/uploads\/2025\/12\/image-38.png\" alt=\"\" class=\"wp-image-11639\" srcset=\"https:\/\/etresoi-e.com\/blog\/wp-content\/uploads\/2025\/12\/image-38.png 526w, https:\/\/etresoi-e.com\/blog\/wp-content\/uploads\/2025\/12\/image-38-232x300.png 232w\" sizes=\"auto, (max-width: 526px) 100vw, 526px\" \/><\/figure><\/div>\n\n\n<p>La v\u00e9rit\u00e9 est ailleurs, les dirigeants fran\u00e7ais sont occup\u00e9s \u00e0 d\u00e9truire le pays, sa souverainet\u00e9 alimentaire. Un pays sans \u00e9levage, sans agriculture, n&rsquo;est plus un pays, il exporte n&rsquo;importe quoi \u00e0 n&rsquo;importe quel prix et le peuple mange de la merde. <\/p>\n\n\n\n<p>Cette nuit de folie a peut-\u00eatre \u00e9t\u00e9 le d\u00e9passement de ligne rouge. Des gens n&rsquo;ont pas dormi, pleurent, pendant que les journalistes continuent de mentir en justifiant la violence polici\u00e8re en faisant passer les \u00e9leveurs pour des voyous, inventant qu&rsquo;ils \u00e9taient arm\u00e9s, ce qui est totalement faux. <a href=\"https:\/\/www.facebook.com\/100066449928208\/videos\/721170141040800\">https:\/\/www.facebook.com\/100066449928208\/videos\/721170141040800<\/a><\/p>\n\n\n\n<p>Le gouvernement peut continuer \u00e0 m\u00e9priser, faire de l&rsquo;abus de pouvoir,  \u00e0 mentir via la presse \u00e0 ses ordres, des millions de personnes ont vu parce  la propagande a \u00e9t\u00e9 battue par la r\u00e9alit\u00e9, les images ont d\u00e9pass\u00e9 les m\u00e9dias officiels (Ca n&rsquo;est pas pour rien qu&rsquo;ils veulent supprimer les r\u00e9seaux sociaux et en prendre le contr\u00f4le total, mais pour avoir une seule version des faits , la leur).<\/p>\n\n\n\n<p>Au del\u00e0 du choc de la violence utilis\u00e9e, il y a la r\u00e9alit\u00e9 \u00e9conomique. Selon mes source, on peut estimer el co\u00fbt de cette op\u00e9ration de folie entre 300000 et 800000 euros pour le dispositif d\u00e9ploy\u00e9 (CRS, gendarmes, logistique, blind\u00e9s, h\u00e9licopt\u00e8res, centaures, munitions, lacrymog\u00e8nes, grenades, heures suppl\u00e9mentaires pay\u00e9es). L\u2019abattage du troupeau s&rsquo;\u00e9l\u00e8ve probablement entre 400 000 et 600 000 euros . L&rsquo;\u00e9quarissage entre 30 et 50000 euros. \u00c0 cela s\u2019ajoutent les d\u00e9g\u00e2ts occasionn\u00e9s aux v\u00e9hicules civils, encore 100 000 et 250 000 euros. Tout \u00e7a pour d\u00e9truire un \u00e9levage ! Tout \u00e7a sans la moindre raison valable si ce n&rsquo;est la folie des dirigeants alors qu&rsquo;il aurait suffi d&rsquo;isolerla vache malade, de la surveiller en quarantaine sans ruiner une famille et mettre une r\u00e9gion \u00e0 feu et \u00e0 sang. <\/p>\n\n\n<div class=\"wp-block-image\">\n<figure class=\"aligncenter size-full\"><img loading=\"lazy\" decoding=\"async\" width=\"507\" height=\"640\" src=\"https:\/\/etresoi-e.com\/blog\/wp-content\/uploads\/2025\/12\/image-41.png\" alt=\"\" class=\"wp-image-11642\" srcset=\"https:\/\/etresoi-e.com\/blog\/wp-content\/uploads\/2025\/12\/image-41.png 507w, https:\/\/etresoi-e.com\/blog\/wp-content\/uploads\/2025\/12\/image-41-238x300.png 238w\" sizes=\"auto, (max-width: 507px) 100vw, 507px\" \/><\/figure><\/div>\n\n\n<p>Et qui va payer cette facture colossale ? Certes pas ceux qui ont donn\u00e9 les ordres, ni ceux qui y ont ob\u00e9i comme des \u00e2nes, mais plut\u00f4t les contribuables, ceux qui n&rsquo;ont absolument pas \u00e9t\u00e9 consult\u00e9s pour financer une telle folie. <\/p>\n\n\n\n<p>Ils massacrent l\u2019agriculture fran\u00e7aise par tous les bouts possibles ! Il faut laisser la place aux produits ukrainiens, argentins, br\u00e9siliens, &#8230; Big agro exige, et l&rsquo;UE ex\u00e9cute, Macron d\u00e9truit les paysans qui r\u00e9sistent.<\/p>\n\n\n\n<p>Et ils font \u00e7a avec les poules, les canards, &#8230;<\/p>\n\n\n<div class=\"wp-block-image\">\n<figure class=\"aligncenter size-full\"><img loading=\"lazy\" decoding=\"async\" width=\"512\" height=\"640\" src=\"https:\/\/etresoi-e.com\/blog\/wp-content\/uploads\/2025\/12\/image-36.png\" alt=\"\" class=\"wp-image-11637\" srcset=\"https:\/\/etresoi-e.com\/blog\/wp-content\/uploads\/2025\/12\/image-36.png 512w, https:\/\/etresoi-e.com\/blog\/wp-content\/uploads\/2025\/12\/image-36-240x300.png 240w\" sizes=\"auto, (max-width: 512px) 100vw, 512px\" \/><\/figure><\/div>\n\n\n<p>Vous voyez o\u00f9 ils nous m\u00e8nent ?  Vous souvenez vous ce que le \u00ab\u00a0roi de France\u00a0\u00bb a r\u00e9p\u00e9t\u00e9 une vingtaine de fois au d\u00e9but du covid ? \u00ab\u00a0Nous sommes en guerre\u00a0\u00bb. Oui, ils sont en guerre, contre la population pour faire avancer le plan mondialiste qui demande une destruction de l&rsquo;agriculture nationale pour faire avancer le libre \u00e9change et avoir le contr\u00f4le total de l&rsquo;alimentation, avec la r\u00e9cup\u00e9ration des terres qui a d&rsquo;ailleurs d\u00e9j\u00e0 commenc\u00e9. <\/p>\n\n\n\n<p>Dans toute la France, la col\u00e8re gronde, les agriculteurs ont install\u00e9 des barrages routiers, manifestent devant des pr\u00e9fectures. Cela suffira t il ? <\/p>\n\n\n\n<p>Si nous ne bougeons pas, demain \u00e7a sera qui ? Les volailles, les porcs, les ch\u00e8vres. Puis viendra le tour de ceux qui refusent les normes absurdes. Puis ceux qui demandent des comptes. Puis ceux qui, simplement, vivent encore de leur travail.<\/p>\n\n\n\n<p>Disons<\/p>\n\n\n\n<p>\u2013 Non \u00e0 la peur.<\/p>\n\n\n\n<p>\u2013 Non au silence.<\/p>\n\n\n\n<p>\u2013 Non \u00e0 l&rsquo;abattage de masse qui n\u2019a rien de scientifique.<\/p>\n\n\n\n<p>\u2013 Non \u00e0 la terreur r\u00e9glementaire.<\/p>\n\n\n\n<p>Oui \u00e0 la col\u00e8re. Oui \u00e0 la vie.<\/p>\n\n\n\n<p>Et mon avis personnel et complotiste : on va leur imposer la vaccination qui va d\u00e9cimer une partie du cheptel et empoisonner la viande que nous mangerons. Mais, \u00e7a, \u00e9videmment c&rsquo;est du complotisme n&rsquo;est-ce pas ? <\/p>\n\n\n\n<p><\/p>\n","protected":false},"excerpt":{"rendered":"<p>Il y a des jours o\u00f9 le monde dystopique et despotique me donne la naus\u00e9e. O\u00f9 je me demande o\u00f9 est ma place, ce que je fais ici si je ne peux pas changer ce monde qui part compl\u00e8tement \u00e0 la d\u00e9rive. Je me sens si impuissante face \u00e0 ce manque de bon sens, d&rsquo;humanit\u00e9 &hellip; <a href=\"https:\/\/etresoi-e.com\/blog\/letat-a-franchi-un-point-de-non-retour\/\" class=\"more-link\">Continuer la lecture de <span class=\"screen-reader-text\">L&rsquo;\u00e9tat a franchi un point de non retour<\/span>  <span class=\"meta-nav\">&rarr;<\/span><\/a><\/p>\n","protected":false},"author":3,"featured_media":0,"comment_status":"open","ping_status":"open","sticky":false,"template":"","format":"standard","meta":{"_monsterinsights_skip_tracking":false,"_monsterinsights_sitenote_active":false,"_monsterinsights_sitenote_note":"","_monsterinsights_sitenote_category":0,"footnotes":""},"categories":[114],"tags":[2134,2145,562,2137,1957,985,2136,2142,2138,2140,733,2124,2135,517,2146,2141,2139,2143,592,2144,652],"class_list":["post-11634","post","type-post","status-publish","format-standard","hentry","category-actualites","tag-abattage","tag-abus-de-pouvoir","tag-ame","tag-armes-de-guerre","tag-brutalite","tag-compassion","tag-contraintes","tag-dermatose","tag-desobeir","tag-europe","tag-humanite","tag-indifference","tag-medias-menteurs","tag-mensonges","tag-mepris","tag-mercosur","tag-scenes-de-guerre","tag-science","tag-souffrance","tag-souverainete-alimentaire","tag-violence"],"aioseo_notices":[],"_links":{"self":[{"href":"https:\/\/etresoi-e.com\/blog\/wp-json\/wp\/v2\/posts\/11634","targetHints":{"allow":["GET"]}}],"collection":[{"href":"https:\/\/etresoi-e.com\/blog\/wp-json\/wp\/v2\/posts"}],"about":[{"href":"https:\/\/etresoi-e.com\/blog\/wp-json\/wp\/v2\/types\/post"}],"author":[{"embeddable":true,"href":"https:\/\/etresoi-e.com\/blog\/wp-json\/wp\/v2\/users\/3"}],"replies":[{"embeddable":true,"href":"https:\/\/etresoi-e.com\/blog\/wp-json\/wp\/v2\/comments?post=11634"}],"version-history":[{"count":3,"href":"https:\/\/etresoi-e.com\/blog\/wp-json\/wp\/v2\/posts\/11634\/revisions"}],"predecessor-version":[{"id":11648,"href":"https:\/\/etresoi-e.com\/blog\/wp-json\/wp\/v2\/posts\/11634\/revisions\/11648"}],"wp:attachment":[{"href":"https:\/\/etresoi-e.com\/blog\/wp-json\/wp\/v2\/media?parent=11634"}],"wp:term":[{"taxonomy":"category","embeddable":true,"href":"https:\/\/etresoi-e.com\/blog\/wp-json\/wp\/v2\/categories?post=11634"},{"taxonomy":"post_tag","embeddable":true,"href":"https:\/\/etresoi-e.com\/blog\/wp-json\/wp\/v2\/tags?post=11634"}],"curies":[{"name":"wp","href":"https:\/\/api.w.org\/{rel}","templated":true}]}}