{"id":11960,"date":"2026-03-12T05:40:00","date_gmt":"2026-03-12T04:40:00","guid":{"rendered":"https:\/\/etresoi-e.com\/blog\/?p=11960"},"modified":"2026-01-04T20:32:56","modified_gmt":"2026-01-04T19:32:56","slug":"le-regard-du-coeur","status":"publish","type":"post","link":"https:\/\/etresoi-e.com\/blog\/le-regard-du-coeur\/","title":{"rendered":"Le regard du coeur"},"content":{"rendered":"<div class=\"wp-block-image\">\n<figure class=\"aligncenter size-full\"><img loading=\"lazy\" decoding=\"async\" width=\"479\" height=\"479\" src=\"https:\/\/etresoi-e.com\/blog\/wp-content\/uploads\/2026\/01\/image-32.png\" alt=\"\" class=\"wp-image-11961\" srcset=\"https:\/\/etresoi-e.com\/blog\/wp-content\/uploads\/2026\/01\/image-32.png 479w, https:\/\/etresoi-e.com\/blog\/wp-content\/uploads\/2026\/01\/image-32-300x300.png 300w, https:\/\/etresoi-e.com\/blog\/wp-content\/uploads\/2026\/01\/image-32-200x200.png 200w\" sizes=\"auto, (max-width: 479px) 100vw, 479px\" \/><\/figure><\/div>\n\n\n<p>Bonjour, je vous esp\u00e8re en forme <\/p>\n\n\n\n<p>Il y a des jours o\u00f9 le monde para\u00eet bruyant, lourd, presque \u00e9tourdissant\u2026<\/p>\n\n\n\n<p>Les images d\u00e9filent, les mots s\u2019entrechoquent, les peurs s\u2019exposent en pleine lumi\u00e8re.<\/p>\n\n\n\n<p>Et pourtant\u2026 ce n\u2019est pas l\u00e0 que tout se joue.<\/p>\n\n\n\n<p>L\u2019essentiel ne crie pas. Il ne se montre pas. Il se ressent.<\/p>\n\n\n\n<p>Il vit dans ce qui ne se voit pas : une respiration consciente, un battement de c\u0153ur apais\u00e9, une intuition douce qui murmure quand on accepte de ralentir.<\/p>\n\n\n\n<p>Regarder uniquement avec les yeux fatigue l\u2019\u00e2me.<\/p>\n\n\n\n<p>Mais regarder avec le c\u0153ur ouvre des espaces immenses.<\/p>\n\n\n\n<p>Quand tout semble instable \u00e0 l\u2019ext\u00e9rieur, c\u2019est peut-\u00eatre une invitation \u00e0 revenir \u00e0 l\u2019int\u00e9rieur <\/p>\n\n\n\n<p>\u00c0 cet endroit silencieux o\u00f9 rien ne s\u2019effondre.<\/p>\n\n\n\n<p>\u00c0 cette part invisible qui sait, qui ressent, qui aime sans condition <\/p>\n\n\n\n<p>Se connecter \u00e0 l\u2019invisible, ce n\u2019est pas fuir le monde.<\/p>\n\n\n\n<p>C\u2019est lui redonner du sens.<\/p>\n\n\n\n<p>C\u2019est choisir la pr\u00e9sence plut\u00f4t que la peur, la conscience plut\u00f4t que le bruit, la lumi\u00e8re int\u00e9rieure plut\u00f4t que l\u2019agitation ext\u00e9rieure.<\/p>\n\n\n\n<p>Parce qu\u2019au fond\u2026 ce qui nourrit vraiment, ce qui soutient, ce qui \u00e9l\u00e8ve <\/p>\n\n\n\n<p>ne se voit pas toujours, mais se reconna\u00eet imm\u00e9diatement quand on se reconnecte \u00e0 son \u00e2me <\/p>\n\n\n\n<p>Prenez soin de vous <\/p>\n\n\n\n<p><em>Mabelle<\/em><img loading=\"lazy\" decoding=\"async\" height=\"16\" width=\"16\" src=\"https:\/\/static.xx.fbcdn.net\/images\/emoji.php\/v9\/tc5\/1\/16\/1f90d.png\" alt=\"\ud83e\udd0d\"><\/p>\n","protected":false},"excerpt":{"rendered":"<p>Bonjour, je vous esp\u00e8re en forme Il y a des jours o\u00f9 le monde para\u00eet bruyant, lourd, presque \u00e9tourdissant\u2026 Les images d\u00e9filent, les mots s\u2019entrechoquent, les peurs s\u2019exposent en pleine lumi\u00e8re. Et pourtant\u2026 ce n\u2019est pas l\u00e0 que tout se joue. L\u2019essentiel ne crie pas. Il ne se montre pas. Il se ressent. Il vit &hellip; <a href=\"https:\/\/etresoi-e.com\/blog\/le-regard-du-coeur\/\" class=\"more-link\">Continuer la lecture de <span class=\"screen-reader-text\">Le regard du coeur<\/span>  <span class=\"meta-nav\">&rarr;<\/span><\/a><\/p>\n","protected":false},"author":3,"featured_media":0,"comment_status":"open","ping_status":"open","sticky":false,"template":"","format":"standard","meta":{"_monsterinsights_skip_tracking":false,"_monsterinsights_sitenote_active":false,"_monsterinsights_sitenote_note":"","_monsterinsights_sitenote_category":0,"footnotes":""},"categories":[109],"tags":[2315,562,120,836,2314,825,1634,591,759,1718,276],"class_list":["post-11960","post","type-post","status-publish","format-standard","hentry","category-meli-melo","tag-agtation","tag-ame","tag-conscience","tag-essentiel","tag-instablite","tag-intuition","tag-invisible","tag-peur","tag-presence","tag-ralentir","tag-sens-attendu-confiance"],"aioseo_notices":[],"_links":{"self":[{"href":"https:\/\/etresoi-e.com\/blog\/wp-json\/wp\/v2\/posts\/11960","targetHints":{"allow":["GET"]}}],"collection":[{"href":"https:\/\/etresoi-e.com\/blog\/wp-json\/wp\/v2\/posts"}],"about":[{"href":"https:\/\/etresoi-e.com\/blog\/wp-json\/wp\/v2\/types\/post"}],"author":[{"embeddable":true,"href":"https:\/\/etresoi-e.com\/blog\/wp-json\/wp\/v2\/users\/3"}],"replies":[{"embeddable":true,"href":"https:\/\/etresoi-e.com\/blog\/wp-json\/wp\/v2\/comments?post=11960"}],"version-history":[{"count":1,"href":"https:\/\/etresoi-e.com\/blog\/wp-json\/wp\/v2\/posts\/11960\/revisions"}],"predecessor-version":[{"id":11962,"href":"https:\/\/etresoi-e.com\/blog\/wp-json\/wp\/v2\/posts\/11960\/revisions\/11962"}],"wp:attachment":[{"href":"https:\/\/etresoi-e.com\/blog\/wp-json\/wp\/v2\/media?parent=11960"}],"wp:term":[{"taxonomy":"category","embeddable":true,"href":"https:\/\/etresoi-e.com\/blog\/wp-json\/wp\/v2\/categories?post=11960"},{"taxonomy":"post_tag","embeddable":true,"href":"https:\/\/etresoi-e.com\/blog\/wp-json\/wp\/v2\/tags?post=11960"}],"curies":[{"name":"wp","href":"https:\/\/api.w.org\/{rel}","templated":true}]}}